{"id":237824,"date":"2025-07-09T14:48:09","date_gmt":"2025-07-09T14:48:09","guid":{"rendered":"https:\/\/www.europesays.com\/fr\/237824\/"},"modified":"2025-07-09T14:48:09","modified_gmt":"2025-07-09T14:48:09","slug":"inoccupee-on-sait-desormais-ce-que-va-devenir-lancienne-prison-jacques-cartier","status":"publish","type":"post","link":"https:\/\/www.europesays.com\/fr\/237824\/","title":{"rendered":"inoccup\u00e9e, on sait d\u00e9sormais ce que va devenir l&rsquo;ancienne prison Jacques-Cartier"},"content":{"rendered":"<p>            Par<br \/>\n        <strong><br \/>\n            <a href=\"https:\/\/actu.fr\/auteur\/laurene-fertin\" title=\"Consulter tous les articles de Laur\u00e8ne Fertin\" target=\"_blank\" rel=\"noopener\">Laur\u00e8ne Fertin<\/a><br \/>\n        <\/strong><\/p>\n<p>        Publi\u00e9 le<\/p>\n<p>            9 juil. 2025 \u00e0 16h31        <\/p>\n<p>Elle avait \u00e9t\u00e9 rachet\u00e9e 555\u2009000\u00a0euros par Rennes M\u00e9tropole, lundi 20\u00a0septembre 2021. <strong>L\u2019ancienne prison Jacques-Cartier<\/strong>, situ\u00e9e au 56 du boulevard du m\u00eame nom entre les quartiers Br\u00e9quigny et Sud-Gare, avait en effet \u00e9t\u00e9 <strong>reconnue comme patrimoine d\u2019int\u00e9r\u00eat communal.<\/strong><\/p>\n<p class=\" wall-content\">Jusqu\u2019ici, l\u2019enceinte \u00e9tait inoccup\u00e9e apr\u00e8s que les d\u00e9tenus ont \u00e9t\u00e9 transf\u00e9r\u00e9s dans l\u2019\u00e9tablissement \u00e0 <strong>Vezin-le-Coquet<\/strong>.<\/p>\n<p class=\" wall-content\">Le bruit courrait d\u00e9j\u00e0, il y a quatre ans, que le centre p\u00e9nitentiaire devait <a href=\"https:\/\/actu.fr\/bretagne\/rennes_35238\/rennes-un-espace-culturel-a-la-place-de-l-ancienne-prison-jacques-cartier_45065239.html\" target=\"_blank\" rel=\"noopener\">se muer en un espace culturel<\/a>. Apr\u00e8s un appel \u00e0 manifestation d\u2019int\u00e9r\u00eat (AMI) lanc\u00e9 en 2024, qui avait r\u00e9colt\u00e9 12 candidatures, on sait d\u00e9sormais que c\u2019est le collectif artistique <strong>Les<\/strong>\u00a0<strong>Circaciers<\/strong> qui va pouvoir investir le lieu.<\/p>\n<p>Qui sont-ils\u2009?<\/p>\n<p class=\" wall-content\">Le collectif des Circaciers est <strong>un collectif artistique nomade<\/strong> fond\u00e9 \u00e0 l\u2019origine<strong> sur les arts du m\u00e9tal<\/strong>\u2009: \u00ab\u2009Du Cirque, de l\u2019Acier, \u00e7a fait Circaciers\u2009\u00bb, r\u00e9sument les fondateurs.<\/p>\n<blockquote class=\"ac-article-quote wall-content\">\n<p>(Leur) mission est de soutenir le d\u00e9ploiement de toutes les\u00a0pratiques cr\u00e9atives\u00a0(art, culture, artisanat), ancr\u00e9es dans des d\u00e9marches de\u00a0transition\u00a0(r\u00e9emploi, mati\u00e8res naturelles, low tech), et de favoriser leurs rencontres avec les\u00a0publics.<\/p>\n<p>    <strong>Rennes M\u00e9tropole<\/strong>\n            <\/p><\/blockquote>\n<p>Vid\u00e9os : en ce moment sur Actu<\/p>\n<p class=\" wall-content\">\u00c0 leur t\u00eate\u2009: <strong>Franck Cardinal<\/strong>, artisan m\u00e9tallier et architecte de formation, et <strong>Pauline Semo<\/strong>, coordinatrice de projets culturels. Les Circaciers ont d\u00e9j\u00e0 d\u00e9velopp\u00e9 des projets \u00e0 <strong>Redon<\/strong> et <strong>Nantes.<\/strong><\/p>\n<p>Des espaces de travail<\/p>\n<p class=\" wall-content\">Que vont proposer Les Circaciers\u2009? \u00ab\u2009(Ils vont) r\u00e9pondre \u00e0<strong> des besoins d\u2019espaces de travail<\/strong> pour la fili\u00e8re des <strong>arts<\/strong> et de <strong>l\u2019artisanat<\/strong> d\u2019art \u00e0 l\u2019\u00e9chelle m\u00e9tropolitaine\u2009\u00bb, indique la Ville de Rennes, dans un communiqu\u00e9 de presse.<\/p>\n<blockquote class=\"ac-article-quote wall-content\">\n<p>Notre projet s\u2019appuie sur trois piliers : cr\u00e9ation, diffusion et transmission. Nous souhaitons redonner une place \u00e0 l\u2019artisanat de proximit\u00e9, qui se perd aujourd\u2019hui dans les centres-villes, en proposant des espaces adapt\u00e9s pour les artisans et des moments d\u2019ouverture au public.<\/p>\n<p>    <strong>Pauline Semo et Franck Cardinal<\/strong><br \/>\n        Les deux co-fondateurs du collectif Les Circaciers    <\/p><\/blockquote>\n<p class=\" wall-content\">Par exemple, d\u2019anciens ateliers seront occup\u00e9s l\u00e0 o\u00f9 travaillaient d\u2019anciens d\u00e9tenus.<\/p>\n<p class=\" wall-content\">Les premiers r\u00e9sidents de l\u2019ancienne prison seront les membres du collectif eux-m\u00eames\u2009; sans oublier l\u2019organisme de formation <a href=\"https:\/\/toutatout.org\/\" target=\"_blank\" rel=\"noopener\"><strong>Tout Atout<\/strong><\/a> qui \u00ab\u2009proposera de la <strong>formation de jeunes adultes peu ou pas dipl\u00f4m\u00e9s<\/strong> en mobilisant des professionnels de la cr\u00e9ation\u2009\u00bb, pr\u00e9cise Rennes M\u00e9tropole.<\/p>\n<p class=\" wall-content\">Aussi, <strong>un appel \u00e0 occupants<\/strong> sera \u00ab\u2009rapidement mis en place et ouvert\u2009\u00bb \u00e0 l\u2019\u00e9chelle m\u00e9tropolitaine.<\/p>\n<p>Des \u00e9v\u00e9nements<\/p>\n<p class=\" wall-content\">Les Circaciers vont \u00e9galement proposer des \u00e9v\u00e9nements ouverts aux publics et aux habitants \u00ab\u2009avec <strong>une offre de restauration<\/strong> dans les anciennes cours de promenade v\u00e9g\u00e9talis\u00e9es\u2009\u00bb.<\/p>\n<p class=\" wall-content\">Le site continuera, par ailleurs, \u00e0 accueillir des \u00e9v\u00e9nements comme <strong>les Journ\u00e9es europ\u00e9ennes du matrimoine et du patrimoine<\/strong>, <strong>l\u2019Urban trail,<\/strong> des <strong>visites patrimoniales<\/strong> et <strong>diff\u00e9rentes initiatives<\/strong> propos\u00e9es par des acteurs artistiques, culturels et citoyens du territoire.<\/p>\n<p class=\" wall-content\">Suivez toute l\u2019actualit\u00e9 de vos villes et m\u00e9dias favoris en vous inscrivant \u00e0 <a href=\"https:\/\/moncompte.actu.fr\" title=\"D\u00e9couvez Mon Actu\" rel=\"nofollow noopener\" data-trk=\"{&quot;cta&quot;:{&quot;action&quot;:&quot;https:\\\/\\\/moncompte.actu.fr&quot;,&quot;category&quot;:&quot;mon compte&quot;,&quot;from&quot;:&quot;article footer&quot;,&quot;name&quot;:&quot;Mon actu&quot;,&quot;type&quot;:&quot;cta&quot;}}\" target=\"_blank\">Mon Actu<\/a>.<\/p>\n","protected":false},"excerpt":{"rendered":"Par Laur\u00e8ne Fertin Publi\u00e9 le 9 juil. 2025 \u00e0 16h31 Elle avait \u00e9t\u00e9 rachet\u00e9e 555\u2009000\u00a0euros par Rennes M\u00e9tropole,&hellip;\n","protected":false},"author":2,"featured_media":237825,"comment_status":"","ping_status":"","sticky":false,"template":"","format":"standard","meta":{"footnotes":""},"categories":[2821],"tags":[1111,11,829,1777,674,1011,27,1652,12,899,584,25],"class_list":{"0":"post-237824","1":"post","2":"type-post","3":"status-publish","4":"format-standard","5":"has-post-thumbnail","7":"category-rennes","8":"tag-actu","9":"tag-actualites","10":"tag-bretagne","11":"tag-eu","12":"tag-europe","13":"tag-fr","14":"tag-france","15":"tag-loisirs-culture","16":"tag-news","17":"tag-prisons","18":"tag-rennes","19":"tag-republique-francaise"},"share_on_mastodon":{"url":"https:\/\/pubeurope.com\/@fr\/114823830433470532","error":""},"_links":{"self":[{"href":"https:\/\/www.europesays.com\/fr\/wp-json\/wp\/v2\/posts\/237824","targetHints":{"allow":["GET"]}}],"collection":[{"href":"https:\/\/www.europesays.com\/fr\/wp-json\/wp\/v2\/posts"}],"about":[{"href":"https:\/\/www.europesays.com\/fr\/wp-json\/wp\/v2\/types\/post"}],"author":[{"embeddable":true,"href":"https:\/\/www.europesays.com\/fr\/wp-json\/wp\/v2\/users\/2"}],"replies":[{"embeddable":true,"href":"https:\/\/www.europesays.com\/fr\/wp-json\/wp\/v2\/comments?post=237824"}],"version-history":[{"count":0,"href":"https:\/\/www.europesays.com\/fr\/wp-json\/wp\/v2\/posts\/237824\/revisions"}],"wp:featuredmedia":[{"embeddable":true,"href":"https:\/\/www.europesays.com\/fr\/wp-json\/wp\/v2\/media\/237825"}],"wp:attachment":[{"href":"https:\/\/www.europesays.com\/fr\/wp-json\/wp\/v2\/media?parent=237824"}],"wp:term":[{"taxonomy":"category","embeddable":true,"href":"https:\/\/www.europesays.com\/fr\/wp-json\/wp\/v2\/categories?post=237824"},{"taxonomy":"post_tag","embeddable":true,"href":"https:\/\/www.europesays.com\/fr\/wp-json\/wp\/v2\/tags?post=237824"}],"curies":[{"name":"wp","href":"https:\/\/api.w.org\/{rel}","templated":true}]}}