{"id":237829,"date":"2025-07-09T14:51:11","date_gmt":"2025-07-09T14:51:11","guid":{"rendered":"https:\/\/www.europesays.com\/fr\/237829\/"},"modified":"2025-07-09T14:51:11","modified_gmt":"2025-07-09T14:51:11","slug":"quatre-sorties-a-faire-pres-de-chez-vous-ce-mercredi-9-juillet-dans-les-alpes-maritimes","status":"publish","type":"post","link":"https:\/\/www.europesays.com\/fr\/237829\/","title":{"rendered":"Quatre sorties \u00e0 faire pr\u00e8s de chez vous ce mercredi 9 juillet dans les Alpes-Maritimes"},"content":{"rendered":"<p><strong>Fiesta tropicale avec Dimitri From Panisse au 109 \u00e0 Nice<\/strong><\/p>\n<p>Envie de prolonger la journ\u00e9e plage avec une soir\u00e9e festive \u00e0 ciel ouvert? Direction Belaprem, rendez-vous incontournable de l\u2019\u00e9t\u00e9 ni\u00e7ois organis\u00e9 par Panda, r\u00e9f\u00e9rence locale de l\u2019\u00e9v\u00e9nementiel culturel. Ce mercredi soir, attendez-vous \u00e0 un cocktail sonore 100% tropical avec les performances \u00e9lectro-exotiques de Puta! Puta!, les mix vibrants de Memphis Mao DJ, et la pr\u00e9sence attendue de Dimitri From Panisse, figure culte de la sc\u00e8ne ni\u00e7oise.<\/p>\n<p>De 17h30 \u00e0 00h30. Cour int\u00e9rieure du 109 Nice. Gratuit.<\/p>\n<p><strong>Du classique au jazz, Cannes vibre avec les jeunes talents<\/strong><\/p>\n<p>              <img ci-src=\"https:\/\/www.nicematin.com\/detente\/protec\/DATA_ART_15866495-hdPStK5o.jpg?vh=5b0ed5&amp;ci_seal=596843ea12\" alt=\"\"\/><br \/>\n        La pianiste Ana Bakradze. <strong>Photo DR.<\/strong> <\/p>\n<p>Jusqu\u2019au 11 juillet, le Festival des jeunes talents du classique au jazz s\u2019installe dans le cadre enchanteur du Mus\u00e9e des explorations du monde, au c\u0153ur du Suquet. Chaque soir, de 18h30 \u00e0 23h, le public est invit\u00e9 \u00e0 d\u00e9couvrir gratuitement de jeunes artistes souvent r\u00e9compens\u00e9s par les plus grands concours internationaux mais aussi des figures montantes de la sc\u00e8ne jazz. Au programme de ce soir, du c\u00f4t\u00e9 de la sc\u00e8ne classique, la pianiste Ana Bakradze,\u00a0prodige des claviers, et le violoncelliste luxembourgeois Benjamin Kruithof. C\u00f4t\u00e9 jazz: place au Verb Trio, formation \u00e9lectrique et raffin\u00e9e. Une immersion musicale \u00e9l\u00e9gante, au croisement du patrimoine et de la cr\u00e9ation.<\/p>\n<p>De 18h30 \u00e0 23h. Place de la Castre, au Suquet \u00e0 Cannes. Gratuit.<\/p>\n<p><strong>Cap-d\u2019Ail danse sous les \u00e9toiles<\/strong><\/p>\n<p>              <img ci-src=\"https:\/\/www.nicematin.com\/detente\/protec\/DATA_ART_15866600-lwmoMKZL.jpg?vh=741722&amp;ci_seal=ab11928b42\" alt=\"\"\/><\/p>\n<p>Les Soir\u00e9es estivales d\u00e9marrent ce soir \u00e0 l\u2019Amphith\u00e9\u00e2tre de la mer de Cap-d\u2019Ail, avec un spectacle po\u00e9tique et puissant du Cannes Jeune Ballet d\u00e8s 21h. Tout au long de l\u2019\u00e9t\u00e9, le lieu accueillera plusieurs hommages musicaux tr\u00e8s attendus: un tribute \u00e0 C\u00e9line Dion (le 16 juillet), un concert d\u00e9di\u00e9 aux Rita Mitsouko (le 12 ao\u00fbt), et enfin un show explosif en l\u2019honneur de Queen (\u00e9galement le 12 ao\u00fbt).<\/p>\n<p>\u00c0 partir de 21h. Amphith\u00e9\u00e2tre de la mer \u00e0 Cap-d&rsquo;Ail. Gratuit.<\/p>\n<p>                                <strong>Le Quatuor Hanson au Festival de musique Notre-Dame-de-Vie \u00e0 Mougins<\/strong><\/p>\n<p>Ce mercredi soir, la chapelle Notre-Dame-de-Vie se transforme en v\u00e9ritable \u00e9crin sonore \u00e0 l\u2019occasion de la 11e \u00e9dition du Festival de musique Notre-Dame-de-Vie. Orchestr\u00e9e par Beau Soir Productions, cette soir\u00e9e promet une rencontre d\u2019exception entre le Quatuor Hanson et le ma\u00eetre de l\u2019alto G\u00e9rard Causs\u00e9, autour d\u2019un programme exigeant et sensible. Dans ce lieu intime au charme proven\u00e7al, la musique de chambre r\u00e9sonne avec intensit\u00e9 et \u00e9l\u00e9gance. Une parenth\u00e8se musicale raffin\u00e9e pour les amateurs de grands interpr\u00e8tes et de lieux d\u2019exception.<\/p>\n<p>\u00c0 partir de 21h. Chapelle Notre-Dame-de-Vie, chemin de la Chapelle \u00e0 Mougins. Tarifs de 30 \u00e0 40 euros, parking gratuit \u00e0 proximit\u00e9.<\/p>\n","protected":false},"excerpt":{"rendered":"Fiesta tropicale avec Dimitri From Panisse au 109 \u00e0 Nice Envie de prolonger la journ\u00e9e plage avec une&hellip;\n","protected":false},"author":2,"featured_media":237830,"comment_status":"","ping_status":"","sticky":false,"template":"","format":"standard","meta":{"footnotes":""},"categories":[2819],"tags":[1111,11,1777,674,1011,27,1393,12,2401,882,25],"class_list":{"0":"post-237829","1":"post","2":"type-post","3":"status-publish","4":"format-standard","5":"has-post-thumbnail","7":"category-nice","8":"tag-actu","9":"tag-actualites","10":"tag-eu","11":"tag-europe","12":"tag-fr","13":"tag-france","14":"tag-loisirs","15":"tag-news","16":"tag-nice","17":"tag-provence-alpes-cote-dazur","18":"tag-republique-francaise"},"share_on_mastodon":{"url":"https:\/\/pubeurope.com\/@fr\/114823842318887212","error":""},"_links":{"self":[{"href":"https:\/\/www.europesays.com\/fr\/wp-json\/wp\/v2\/posts\/237829","targetHints":{"allow":["GET"]}}],"collection":[{"href":"https:\/\/www.europesays.com\/fr\/wp-json\/wp\/v2\/posts"}],"about":[{"href":"https:\/\/www.europesays.com\/fr\/wp-json\/wp\/v2\/types\/post"}],"author":[{"embeddable":true,"href":"https:\/\/www.europesays.com\/fr\/wp-json\/wp\/v2\/users\/2"}],"replies":[{"embeddable":true,"href":"https:\/\/www.europesays.com\/fr\/wp-json\/wp\/v2\/comments?post=237829"}],"version-history":[{"count":0,"href":"https:\/\/www.europesays.com\/fr\/wp-json\/wp\/v2\/posts\/237829\/revisions"}],"wp:featuredmedia":[{"embeddable":true,"href":"https:\/\/www.europesays.com\/fr\/wp-json\/wp\/v2\/media\/237830"}],"wp:attachment":[{"href":"https:\/\/www.europesays.com\/fr\/wp-json\/wp\/v2\/media?parent=237829"}],"wp:term":[{"taxonomy":"category","embeddable":true,"href":"https:\/\/www.europesays.com\/fr\/wp-json\/wp\/v2\/categories?post=237829"},{"taxonomy":"post_tag","embeddable":true,"href":"https:\/\/www.europesays.com\/fr\/wp-json\/wp\/v2\/tags?post=237829"}],"curies":[{"name":"wp","href":"https:\/\/api.w.org\/{rel}","templated":true}]}}