{"id":237831,"date":"2025-07-09T14:52:14","date_gmt":"2025-07-09T14:52:14","guid":{"rendered":"https:\/\/www.europesays.com\/fr\/237831\/"},"modified":"2025-07-09T14:52:14","modified_gmt":"2025-07-09T14:52:14","slug":"nice-un-magasin-free-ferme-subitement-la-police-sur-place-un-homme-interpelle","status":"publish","type":"post","link":"https:\/\/www.europesays.com\/fr\/237831\/","title":{"rendered":"Nice. Un magasin Free ferme subitement, la police sur place : un homme interpell\u00e9"},"content":{"rendered":"<p>            Par<br \/>\n        <strong><br \/>\n            <a href=\"https:\/\/actu.fr\/auteur\/fabien-binacchi\" title=\"Consulter tous les articles de Fabien Binacchi\" rel=\"nofollow noopener\" target=\"_blank\">Fabien Binacchi<\/a><br \/>\n        <\/strong><\/p>\n<p>        Publi\u00e9 le<\/p>\n<p>            9 juil. 2025 \u00e0 16h11        <\/p>\n<p>Attroupement et bousculade. Ce mardi 8\u00a0juillet 2025, la police municipale est intervenue dans un magasin Free du centre-ville de <a href=\"https:\/\/actu.fr\/nice\/\" rel=\"nofollow noopener\" target=\"_blank\">Nice<\/a> o\u00f9 <strong>une bagarre venait d\u2019\u00e9clater,<\/strong> apprend actu Nice aupr\u00e8s de la mairie, confirmant une information de <a href=\"https:\/\/www.nicematin.com\/faits-divers\/nice-on-sait-pourquoi-la-boutique-free-de-jean-medecin-a-ete-fermee-ce-mardi-apres-midi-993500\" rel=\"nofollow noopener\" target=\"_blank\">Nice-Matin.<\/a><\/p>\n<p class=\" wall-content\">L\u2019op\u00e9rateur, dont la boutique a baiss\u00e9 le rideau le reste de la journ\u00e9e, <strong>annonce \u00e0 notre r\u00e9daction avoir port\u00e9 plainte.<\/strong> Voil\u00e0 ce qu\u2019il s\u2019est pass\u00e9.<\/p>\n<p>Une borne d\u2019appel d\u2019urgence activ\u00e9e<\/p>\n<p class=\" wall-content\">Les agents de la police municipale de Nice sont intervenus en nombre au 23 de l\u2019avenue Jean-M\u00e9decin, suite au signalement d\u2019une <strong>agression dans le magasin Free<\/strong>, ce mardi 8\u00a0juillet en tout d\u00e9but d\u2019apr\u00e8s-midi. Ils sont arriv\u00e9s rapidement sur les lieux, gr\u00e2ce au d\u00e9clenchement d\u2019une borne d\u2019appel d\u2019urgence, selon la mairie.<\/p>\n<p>    <a href=\"https:\/\/www.google.com\/maps\/embed?pb=!1m18!1m12!1m3!1d49762.698174539524!2d7.19622638662071!3d43.69404387054132!2m3!1f0!2f0!3f0!3m2!1i1024!2i768!4f13.1!3m3!1m2!1s0x12cddb5340d1a09d%3A0x25cf79774069a40e!2sFree%20-%20Boutique%20Nice%20Jean%20M%C3%A9decin!5e1!3m2!1sfr!2sfr!4v1752070053655!5m2!1sfr!2sfr\" title=\"Ouvrie le lien\" rel=\"nofollow noopener\" target=\"_blank\">Cliquez ici pour visualiser le contenu<\/a><\/p>\n<p class=\" wall-content\"><strong>Un t\u00e9moin de la sc\u00e8ne a activ\u00e9 une de ses dispositifs<\/strong> install\u00e9s un peu partout en ville et qui permettent d\u2019\u00eatre connect\u00e9 instantan\u00e9ment avec le centre de supervision urbain.<\/p>\n<p>Vid\u00e9os : en ce moment sur ActuUn client m\u00e9content\u2009?<\/p>\n<p class=\" wall-content\">\u00ab\u2009Le directeur du magasin a \u00e9t\u00e9 <strong>bless\u00e9 et molest\u00e9<\/strong> par un homme qui a \u00e9t\u00e9 interpell\u00e9 et remis \u00e0 la police nationale\u2009\u00bb, indique-t-on en Mairie. Selon nos informations, le responsable aurait ainsi re\u00e7u plusieurs coups de poing en plein visage.<\/p>\n<p class=\" wall-content\">S\u2019agissait-il d\u2019un client m\u00e9content\u2009? Sollicit\u00e9 par actu Nice, Free ne le pr\u00e9cise pas, mais indique avoir saisi la justice. <strong>\u00ab\u2009Nous avons port\u00e9 plainte\u2009\u00bb<\/strong>, d\u00e9clare une porte-parole.<\/p>\n<p class=\" wall-content\">Le magasin, rest\u00e9 ferm\u00e9 toute l\u2019apr\u00e8s-midi de mardi, a rouvert normalement ce mercredi.<\/p>\n<p class=\" wall-content\">Suivez toute l\u2019actualit\u00e9 de vos villes et m\u00e9dias favoris en vous inscrivant \u00e0 <a href=\"https:\/\/moncompte.actu.fr\" title=\"D\u00e9couvez Mon Actu\" rel=\"nofollow noopener\" data-trk=\"{&quot;cta&quot;:{&quot;action&quot;:&quot;https:\\\/\\\/moncompte.actu.fr&quot;,&quot;category&quot;:&quot;mon compte&quot;,&quot;from&quot;:&quot;article footer&quot;,&quot;name&quot;:&quot;Mon actu&quot;,&quot;type&quot;:&quot;cta&quot;}}\" target=\"_blank\">Mon Actu<\/a>.<\/p>\n","protected":false},"excerpt":{"rendered":"Par Fabien Binacchi Publi\u00e9 le 9 juil. 2025 \u00e0 16h11 Attroupement et bousculade. Ce mardi 8\u00a0juillet 2025, la&hellip;\n","protected":false},"author":2,"featured_media":111967,"comment_status":"","ping_status":"","sticky":false,"template":"","format":"standard","meta":{"footnotes":""},"categories":[2819],"tags":[1111,11,215,1777,674,118,1011,27,12,2401,1072,882,25],"class_list":{"0":"post-237831","1":"post","2":"type-post","3":"status-publish","4":"format-standard","5":"has-post-thumbnail","7":"category-nice","8":"tag-actu","9":"tag-actualites","10":"tag-commerce","11":"tag-eu","12":"tag-europe","13":"tag-faits-divers","14":"tag-fr","15":"tag-france","16":"tag-news","17":"tag-nice","18":"tag-police","19":"tag-provence-alpes-cote-dazur","20":"tag-republique-francaise"},"share_on_mastodon":{"url":"https:\/\/pubeurope.com\/@fr\/114823846211177968","error":""},"_links":{"self":[{"href":"https:\/\/www.europesays.com\/fr\/wp-json\/wp\/v2\/posts\/237831","targetHints":{"allow":["GET"]}}],"collection":[{"href":"https:\/\/www.europesays.com\/fr\/wp-json\/wp\/v2\/posts"}],"about":[{"href":"https:\/\/www.europesays.com\/fr\/wp-json\/wp\/v2\/types\/post"}],"author":[{"embeddable":true,"href":"https:\/\/www.europesays.com\/fr\/wp-json\/wp\/v2\/users\/2"}],"replies":[{"embeddable":true,"href":"https:\/\/www.europesays.com\/fr\/wp-json\/wp\/v2\/comments?post=237831"}],"version-history":[{"count":0,"href":"https:\/\/www.europesays.com\/fr\/wp-json\/wp\/v2\/posts\/237831\/revisions"}],"wp:featuredmedia":[{"embeddable":true,"href":"https:\/\/www.europesays.com\/fr\/wp-json\/wp\/v2\/media\/111967"}],"wp:attachment":[{"href":"https:\/\/www.europesays.com\/fr\/wp-json\/wp\/v2\/media?parent=237831"}],"wp:term":[{"taxonomy":"category","embeddable":true,"href":"https:\/\/www.europesays.com\/fr\/wp-json\/wp\/v2\/categories?post=237831"},{"taxonomy":"post_tag","embeddable":true,"href":"https:\/\/www.europesays.com\/fr\/wp-json\/wp\/v2\/tags?post=237831"}],"curies":[{"name":"wp","href":"https:\/\/api.w.org\/{rel}","templated":true}]}}