{"id":237832,"date":"2025-07-09T14:53:17","date_gmt":"2025-07-09T14:53:17","guid":{"rendered":"https:\/\/www.europesays.com\/fr\/237832\/"},"modified":"2025-07-09T14:53:17","modified_gmt":"2025-07-09T14:53:17","slug":"voici-comment-profiter-du-musee-darts-gratuitement-cet-ete","status":"publish","type":"post","link":"https:\/\/www.europesays.com\/fr\/237832\/","title":{"rendered":"voici comment profiter du Mus\u00e9e d&rsquo;arts gratuitement cet \u00e9t\u00e9"},"content":{"rendered":"<p>            Par<br \/>\n        <strong><br \/>\n            <a href=\"https:\/\/actu.fr\/auteur\/clemence-pays02-actu-fr\" title=\"Consulter tous les articles de Cl\u00e9mence Pays\" rel=\"nofollow noopener\" target=\"_blank\">Cl\u00e9mence Pays<\/a><br \/>\n        <\/strong><\/p>\n<p>        Publi\u00e9 le<\/p>\n<p>            9 juil. 2025 \u00e0 16h07        <\/p>\n<p>Les vacances, c\u2019est aussi l\u2019occasion de prendre le temps de profiter des nombreuses expositions propos\u00e9es \u00e0 Nantes. Cet \u00e9t\u00e9, le <strong>Mus\u00e9e d\u2019arts<\/strong> propose des <strong>activit\u00e9s<\/strong> quotidiennes, <strong>du 6\u00a0juillet au 31\u00a0ao\u00fbt 2025,<\/strong> dont certaines sont <strong>gratuites.<\/strong><\/p>\n<p>Une visite guid\u00e9e<\/p>\n<p class=\" wall-content\">Tous<strong> les lundis et jeudis,<\/strong> une visite guid\u00e9e, \u00ab\u2009du jardin au mus\u00e9e\u2009\u00bb, est propos\u00e9e gratuitement.<\/p>\n<blockquote class=\"ac-article-quote wall-content\">\n<p>\u00c0 travers une promenade au d\u00e9part du Jardin des Plantes, cette visite invite \u00e0 remonter le temps pour d\u00e9couvrir l\u2019histoire de la cr\u00e9ation du mus\u00e9e au XVIIIe si\u00e8cle dans ce quartier de Richebourg. Elle d\u00e9voile \u00e9galement les secrets de l\u2019architecture du mus\u00e9e et des sculptures qui accueillent les visiteurs.<\/p>\n<p>    <strong>Mus\u00e9e d&rsquo;arts de Nantes<\/strong>\n            <\/p><\/blockquote>\n<p>Tous les lundis et jeudis, \u00e0 15\u2009h, du 7\u00a0juillet au 28\u00a0ao\u00fbt, sauf lundi 14\u00a0juillet. Dur\u00e9e 1\u2009h. Tarif\u2009: gratuit. R\u00e9servation le jour m\u00eame au point information mobile du Jardin des Plantes. Annulation en cas de fermeture du Jardin des Plantes ou de fortes chaleurs.<\/p>\n<p>D\u00e9couvrir l\u2019exposition Electric OP.<\/p>\n<p class=\" wall-content\">Tous les jeudis, une<strong> mini-visite<\/strong> d\u2019Electric OP. est possible pour profiter d\u2019une introduction par un m\u00e9diateur ou une m\u00e9diatrice \u00ab\u2009pour donner les notions cl\u00e9s de l\u2019exposition\u2009\u00bb.<\/p>\n<p>Vid\u00e9os : en ce moment sur Actu<\/p>\n<blockquote class=\"ac-article-quote wall-content\">\n<p>Avec plus de 80 peintures, dessins g\u00e9n\u00e9r\u00e9s par ordinateur, sculptures, vid\u00e9os et installations<br \/>\nnum\u00e9riques, cette exposition d\u00e9voile comment art optique et art num\u00e9rique s\u2019influencent<br \/>\nmutuellement.<\/p>\n<p>    <strong>Mus\u00e9e d&rsquo;arts de Nantes<\/strong>\n            <\/p><\/blockquote>\n<p class=\" wall-content\">L\u2019occasion de d\u00e9couvrir les<strong> pionniers des ann\u00e9es 1960<\/strong> jusqu\u2019aux <strong>artistes num\u00e9riques plus contemporains.<\/strong><\/p>\n<p>Tous les jeudis \u00e0 19\u2009h\u200930, du 10\u00a0juillet au 28\u00a0ao\u00fbt. Dur\u00e9e\u2009: 30 min. Tarif\u2009: gratuit. R\u00e9servation le jour m\u00eame \u00e0 l\u2019accueil-billetterie du mus\u00e9e.<\/p>\n<p>Des entr\u00e9es gratuites en nocturne<\/p>\n<p class=\" wall-content\">Autre bon plan, <strong>tous les jeudis, de 19\u2009h \u00e0 21\u2009h,<\/strong> l\u2019entr\u00e9e du mus\u00e9e est gratuite dans le cadre des nocturnes.<\/p>\n<p class=\" wall-content\">Pour les <strong>moins de 18\u00a0ans,<\/strong> l\u2019entr\u00e9e est gratuite tous les jours, toute l\u2019ann\u00e9e.<\/p>\n<p class=\" wall-content\">Des<strong> tarifs r\u00e9duits<\/strong> sont \u00e9galement en vigueur cet \u00e9t\u00e9, tous les <strong>dimanches de 14\u2009h \u00e0 17\u2009h,<\/strong> pour les adultes accompagnant un enfant. En juillet et en ao\u00fbt, l\u2019exposition du Patio est accessible le <strong>mardi,<\/strong> \u00e0 <strong>tarif r\u00e9duit.<\/strong><\/p>\n<p><strong>Infos pratiques\u2009:<\/strong><br \/>\nMus\u00e9e d\u2019arts de Nantes, 10, rue Georges-Clemenceau, \u00e0 Nantes.<br \/>\nProgramme complet disponible sur <a href=\"https:\/\/museedartsdenantes.nantesmetropole.fr\/\" rel=\"nofollow noopener\" target=\"_blank\">le site du mus\u00e9e<\/a>.<br \/>\nOuvert du lundi au dimanche, de 11\u2009h \u00e0 19\u2009h et jusqu\u2019\u00e0 21\u2009h le jeudi. Ferm\u00e9 le mardi. En juillet et ao\u00fbt, ouverture du mus\u00e9e d\u00e8s 10\u2009h.<\/p>\n<p class=\" wall-content\">Suivez toute l\u2019actualit\u00e9 de vos villes et m\u00e9dias favoris en vous inscrivant \u00e0 <a href=\"https:\/\/moncompte.actu.fr\" title=\"D\u00e9couvez Mon Actu\" rel=\"nofollow noopener\" data-trk=\"{&quot;cta&quot;:{&quot;action&quot;:&quot;https:\\\/\\\/moncompte.actu.fr&quot;,&quot;category&quot;:&quot;mon compte&quot;,&quot;from&quot;:&quot;article footer&quot;,&quot;name&quot;:&quot;Mon actu&quot;,&quot;type&quot;:&quot;cta&quot;}}\" target=\"_blank\">Mon Actu<\/a>.<\/p>\n","protected":false},"excerpt":{"rendered":"Par Cl\u00e9mence Pays Publi\u00e9 le 9 juil. 2025 \u00e0 16h07 Les vacances, c\u2019est aussi l\u2019occasion de prendre le&hellip;\n","protected":false},"author":2,"featured_media":237833,"comment_status":"","ping_status":"","sticky":false,"template":"","format":"standard","meta":{"footnotes":""},"categories":[2818],"tags":[1111,11,677,1777,674,1349,1011,27,1652,766,12,2636,25],"class_list":{"0":"post-237832","1":"post","2":"type-post","3":"status-publish","4":"format-standard","5":"has-post-thumbnail","7":"category-nantes","8":"tag-actu","9":"tag-actualites","10":"tag-bons-plans","11":"tag-eu","12":"tag-europe","13":"tag-expositions","14":"tag-fr","15":"tag-france","16":"tag-loisirs-culture","17":"tag-nantes","18":"tag-news","19":"tag-pays-de-la-loire","20":"tag-republique-francaise"},"share_on_mastodon":{"url":"https:\/\/pubeurope.com\/@fr\/114823850178302011","error":""},"_links":{"self":[{"href":"https:\/\/www.europesays.com\/fr\/wp-json\/wp\/v2\/posts\/237832","targetHints":{"allow":["GET"]}}],"collection":[{"href":"https:\/\/www.europesays.com\/fr\/wp-json\/wp\/v2\/posts"}],"about":[{"href":"https:\/\/www.europesays.com\/fr\/wp-json\/wp\/v2\/types\/post"}],"author":[{"embeddable":true,"href":"https:\/\/www.europesays.com\/fr\/wp-json\/wp\/v2\/users\/2"}],"replies":[{"embeddable":true,"href":"https:\/\/www.europesays.com\/fr\/wp-json\/wp\/v2\/comments?post=237832"}],"version-history":[{"count":0,"href":"https:\/\/www.europesays.com\/fr\/wp-json\/wp\/v2\/posts\/237832\/revisions"}],"wp:featuredmedia":[{"embeddable":true,"href":"https:\/\/www.europesays.com\/fr\/wp-json\/wp\/v2\/media\/237833"}],"wp:attachment":[{"href":"https:\/\/www.europesays.com\/fr\/wp-json\/wp\/v2\/media?parent=237832"}],"wp:term":[{"taxonomy":"category","embeddable":true,"href":"https:\/\/www.europesays.com\/fr\/wp-json\/wp\/v2\/categories?post=237832"},{"taxonomy":"post_tag","embeddable":true,"href":"https:\/\/www.europesays.com\/fr\/wp-json\/wp\/v2\/tags?post=237832"}],"curies":[{"name":"wp","href":"https:\/\/api.w.org\/{rel}","templated":true}]}}