{"id":237844,"date":"2025-07-09T14:59:10","date_gmt":"2025-07-09T14:59:10","guid":{"rendered":"https:\/\/www.europesays.com\/fr\/237844\/"},"modified":"2025-07-09T14:59:10","modified_gmt":"2025-07-09T14:59:10","slug":"lille-voici-lenseigne-qui-va-remplacer-naf-naf-dans-la-rue-de-bethune","status":"publish","type":"post","link":"https:\/\/www.europesays.com\/fr\/237844\/","title":{"rendered":"Lille. Voici l\u2019enseigne qui va remplacer Naf Naf dans la rue de B\u00e9thune"},"content":{"rendered":"<p>            Par<br \/>\n        <strong><br \/>\n            <a href=\"https:\/\/actu.fr\/auteur\/nicolas-demollien\" title=\"Consulter tous les articles de Nicolas Demollien\" target=\"_blank\" rel=\"noopener\">Nicolas Demollien<\/a><br \/>\n        <\/strong><\/p>\n<p>        Publi\u00e9 le<\/p>\n<p>            9 juil. 2025 \u00e0 16h46        <\/p>\n<p>Bonne nouvelle pour la r<b>ue de B\u00e9thune<\/b> \u00e0 <a href=\"https:\/\/actu.fr\/hauts-de-france\/lille_59350\" target=\"_blank\" rel=\"noopener\">Lille<\/a> (Nord). Ferm\u00e9s depuis plusieurs moi, les <b>anciens locaux de la marque Naf Naf<\/b> vont enfin revivre\u2009! Une <b>c\u00e9l\u00e8bre enseigne nordiste<\/b> a en effet d\u00e9cid\u00e9 de s\u2019y installer.<\/p>\n<p>Foot Korner prend la place de Naf Naf rue de B\u00e9thune \u00e0 Lille<\/p>\n<p class=\" wall-content\">Cette enseigne est particuli\u00e8rement bien connue dans la m\u00e9tropole lilloise puisqu\u2019il s\u2019agit de <b>Foot Korner<\/b>, n\u00e9e du c\u00f4t\u00e9 de <a href=\"https:\/\/actu.fr\/hauts-de-france\/roubaix_59512\" target=\"_blank\" rel=\"noopener\">Roubaix<\/a> avec une <b>premi\u00e8re boutique en 2008<\/b>.<\/p>\n<p class=\" wall-content\">Elle est toujours tr\u00e8s suivie et a connu un d\u00e9veloppement fulgurant avec plus de <b>70 boutiques en France<\/b>, dont <b>deux dans les centres commerciaux Westfield Euralille et Lillenium<\/b>. L\u2019enseigne mise aussi sur un d\u00e9veloppement international, notamment en Belgique et en Allemagne.<\/p>\n<p class=\" wall-content\">Sur place, vous retrouvez particuli\u00e8rement des tenues de <b>football<\/b>, comme son nom l\u2019indique\u2009: maillots, surv\u00eatements et autres r\u00e9f\u00e9rences disponibles en \u00e9dition limit\u00e9e, issues de collaborations exclusives.<\/p>\n<p class=\" wall-content\">Vous retrouvez aussi des baskets et autres <b>tenues streetwear<\/b>. L\u2019enseigne a \u00e9galement <b>d\u00e9velopp\u00e9 sa propre marque<\/b>.<\/p>\n<p>Vid\u00e9os : en ce moment sur Actu<\/p>\n<p class=\" wall-content\">L\u2019ouverture du futur magasin de la rue de B\u00e9thune est programm\u00e9e dans les semaines \u00e0 venir, nous y reviendrons.<\/p>\n<p class=\" wall-content\">Plus d\u2019infos sur la marque Foot Korner sur le site <a href=\"https:\/\/www.footkorner.com\/\" target=\"_blank\" rel=\"noopener\">footkorner.com<\/a>.<\/p>\n<p class=\" wall-content\">Suivez toute l\u2019actualit\u00e9 de vos villes et m\u00e9dias favoris en vous inscrivant \u00e0 <a href=\"https:\/\/moncompte.actu.fr\" title=\"D\u00e9couvez Mon Actu\" rel=\"nofollow noopener\" data-trk=\"{&quot;cta&quot;:{&quot;action&quot;:&quot;https:\\\/\\\/moncompte.actu.fr&quot;,&quot;category&quot;:&quot;mon compte&quot;,&quot;from&quot;:&quot;article footer&quot;,&quot;name&quot;:&quot;Mon actu&quot;,&quot;type&quot;:&quot;cta&quot;}}\" target=\"_blank\">Mon Actu<\/a>.<\/p>\n","protected":false},"excerpt":{"rendered":"Par Nicolas Demollien Publi\u00e9 le 9 juil. 2025 \u00e0 16h46 Bonne nouvelle pour la rue de B\u00e9thune \u00e0&hellip;\n","protected":false},"author":2,"featured_media":237845,"comment_status":"","ping_status":"","sticky":false,"template":"","format":"standard","meta":{"footnotes":""},"categories":[2815],"tags":[1111,11,33,1777,674,1011,27,811,1307,12,3147,25],"class_list":{"0":"post-237844","1":"post","2":"type-post","3":"status-publish","4":"format-standard","5":"has-post-thumbnail","7":"category-lille","8":"tag-actu","9":"tag-actualites","10":"tag-economie","11":"tag-eu","12":"tag-europe","13":"tag-fr","14":"tag-france","15":"tag-hauts-de-france","16":"tag-lille","17":"tag-news","18":"tag-nouveaux-commerces","19":"tag-republique-francaise"},"share_on_mastodon":{"url":"https:\/\/pubeurope.com\/@fr\/114823873762835937","error":""},"_links":{"self":[{"href":"https:\/\/www.europesays.com\/fr\/wp-json\/wp\/v2\/posts\/237844","targetHints":{"allow":["GET"]}}],"collection":[{"href":"https:\/\/www.europesays.com\/fr\/wp-json\/wp\/v2\/posts"}],"about":[{"href":"https:\/\/www.europesays.com\/fr\/wp-json\/wp\/v2\/types\/post"}],"author":[{"embeddable":true,"href":"https:\/\/www.europesays.com\/fr\/wp-json\/wp\/v2\/users\/2"}],"replies":[{"embeddable":true,"href":"https:\/\/www.europesays.com\/fr\/wp-json\/wp\/v2\/comments?post=237844"}],"version-history":[{"count":0,"href":"https:\/\/www.europesays.com\/fr\/wp-json\/wp\/v2\/posts\/237844\/revisions"}],"wp:featuredmedia":[{"embeddable":true,"href":"https:\/\/www.europesays.com\/fr\/wp-json\/wp\/v2\/media\/237845"}],"wp:attachment":[{"href":"https:\/\/www.europesays.com\/fr\/wp-json\/wp\/v2\/media?parent=237844"}],"wp:term":[{"taxonomy":"category","embeddable":true,"href":"https:\/\/www.europesays.com\/fr\/wp-json\/wp\/v2\/categories?post=237844"},{"taxonomy":"post_tag","embeddable":true,"href":"https:\/\/www.europesays.com\/fr\/wp-json\/wp\/v2\/tags?post=237844"}],"curies":[{"name":"wp","href":"https:\/\/api.w.org\/{rel}","templated":true}]}}