{"id":237846,"date":"2025-07-09T15:00:13","date_gmt":"2025-07-09T15:00:13","guid":{"rendered":"https:\/\/www.europesays.com\/fr\/237846\/"},"modified":"2025-07-09T15:00:13","modified_gmt":"2025-07-09T15:00:13","slug":"lille-un-concert-tous-les-samedis-en-la-cathedrale-notre-dame-de-la-treille","status":"publish","type":"post","link":"https:\/\/www.europesays.com\/fr\/237846\/","title":{"rendered":"Lille : un concert tous les samedis en la cath\u00e9drale Notre-Dame de la Treille!"},"content":{"rendered":"<p><img loading=\"lazy\" decoding=\"async\" class=\"w-full lazyload lazyload--opacity object-contain\" style=\"aspect-ratio:295 \/ 100;opacity:1\" alt=\"C'est l'\u00e9dition des 10 ans!\" width=\"768\" height=\"260\" fetchpriority=\"auto\" src=\"https:\/\/www.europesays.com\/fr\/wp-content\/uploads\/2025\/05\/S5VKD3X55FFF3BW6V4SEHXNP7I.png\"  data- data-optimumx=\"1\"\/>C&rsquo;est l&rsquo;\u00e9dition des 10 ans! \u00a9Com.<\/p>\n<p class=\"ap-StoryElement ap-StoryElement--mb ap-StoryText\">En tout, neuf concerts de musique classique rythmeront juillet et ao\u00fbt. Ils sont propos\u00e9s par Les Amis de la Cath\u00e9drale Notre-Dame-de-la-Treille, structure pr\u00e9sid\u00e9e par Jean Vandamme, avec Didier Laleu en tant que directeur artistique du festival.<\/p>\n<p class=\"ap-StoryElement ap-StoryElement--mb ap-StoryText\">Ils mettront \u00e0 l&rsquo;honneur les musiques classiques avec choeurs, petits ensembles de chambre, r\u00e9citals, solistes vocaux et instrumentaux, sans oublier l&rsquo;orgue!<\/p>\n<p class=\"ap-StoryElement ap-StoryElement--mb ap-StoryText\">Il n&rsquo;y a pas de prix fixe, la participation est libre selon votre appr\u00e9ciation et\/ou vos moyens.<\/p>\n<p>Demandez le programme!<\/p>\n<p class=\"ap-StoryElement ap-StoryElement--mb ap-StoryText\"><b>Samedi 12 JUILLET &#8211; DANSONS MAINTENANT ! CLAIR OBSCUR<\/b><\/p>\n<p class=\"ap-StoryElement ap-StoryElement--mb ap-StoryText\">Duo pianistique: Emmanuelle Maggesi et Anne Wischik<\/p>\n<p class=\"ap-StoryElement ap-StoryElement--mb ap-StoryText\">1 piano, 88 touches, 4 mains, 20 doigts.<\/p>\n<p class=\"ap-StoryElement ap-StoryElement--mb ap-StoryText\">Borodine, Tcha\u00efkovski, Prokofiev, Khatchatourian, Bizet, Gardel\u2026<\/p>\n<p><img loading=\"lazy\" decoding=\"async\" class=\"w-full lazyload lazyload--opacity object-contain\" style=\"aspect-ratio:152 \/ 100;opacity:1\" alt=\"Duo pianistique : Emmanuelle Maggesi et Anne Wischik.\" width=\"768\" height=\"505\" fetchpriority=\"auto\" src=\"https:\/\/www.europesays.com\/fr\/wp-content\/uploads\/2025\/05\/S5VKD3X55FFF3BW6V4SEHXNP7I.png\"  data- data-optimumx=\"1\"\/>Duo pianistique : Emmanuelle Maggesi et Anne Wischik. \u00a9Com.<\/p>\n<p class=\"ap-StoryElement ap-StoryElement--mb ap-StoryText\"><b>Samedi 19 JUILLET &#8211; CHANTS M\u00c9LODIEUX D&rsquo;\u00c9T\u00c9<\/b><\/p>\n<p class=\"ap-StoryElement ap-StoryElement--mb ap-StoryText\">Nobuko Takahashi, chant, Kateryna Kulykova, piano, Ken Sugita, violon.<\/p>\n<p class=\"ap-StoryElement ap-StoryElement--mb ap-StoryText\">Un trio de choc pour un programme classique avec de grands noms du r\u00e9pertoire.<\/p>\n<p class=\"ap-StoryElement ap-StoryElement--mb ap-StoryText\">Faur\u00e9, Franck, Kreisler, Gounod, Bach, Schubert, Massenet, Dvorak, Liszt\u2026<\/p>\n<p class=\"ap-StoryElement ap-StoryElement--mb ap-StoryText\"><b>Samedi 26 JUILLET &#8211; DUO TROMBONE ET ORGUE &#8211; Voyage entre baroque et tango<\/b><\/p>\n<p class=\"ap-StoryElement ap-StoryElement--mb ap-StoryText\">S\u00e9bastien Hennequet, trombone Didier Hennuyer, orgue.<\/p>\n<p class=\"ap-StoryElement ap-StoryElement--mb ap-StoryText\">Quand la profondeur des graves du trombone dialogue avec la forte personnalit\u00e9 de l&rsquo;orgue de N.D. de la Treille.<\/p>\n<p class=\"ap-StoryElement ap-StoryElement--mb ap-StoryText\">Bach, Pergol\u00e8se, Guilmant, Piazzolla&#8230;.<\/p>\n<p class=\"ap-StoryElement ap-StoryElement--mb ap-StoryText\"><b>Samedi 2 AO\u00dbT &#8211; CARITAS CHAMBER CHOIR &#8211; CANTERBURY &#8211; Palestrina &amp; co<\/b><\/p>\n<p class=\"ap-StoryElement ap-StoryElement--mb ap-StoryText\">Direction Benedict Preece<\/p>\n<p class=\"ap-StoryElement ap-StoryElement--mb ap-StoryText\">OEuvres de musique sacr\u00e9e europ\u00e9enne autour du 500e anniversaire de la naissance de Palestrina, le \u00ab\u00a0Prince de la musique\u00a0\u00bb.<\/p>\n<p class=\"ap-StoryElement ap-StoryElement--mb ap-StoryText\">Palestrina, Croce, Bruckner, Durufl\u00e9\u2026<\/p>\n<p><img loading=\"lazy\" decoding=\"async\" class=\"w-full lazyload lazyload--opacity object-contain\" style=\"aspect-ratio:133 \/ 100;opacity:1\" alt=\"Rendez-vous d'outre-Manche, le 12 ao\u00fbt!\" width=\"768\" height=\"576\" fetchpriority=\"auto\" src=\"https:\/\/www.europesays.com\/fr\/wp-content\/uploads\/2025\/05\/S5VKD3X55FFF3BW6V4SEHXNP7I.png\"  data- data-optimumx=\"1\"\/>Rendez-vous d&rsquo;outre-Manche, le 12 ao\u00fbt! \u00a9Com.<\/p>\n<p class=\"ap-StoryElement ap-StoryElement--mb ap-StoryText\"><b>Samedi 9 AO\u00dbT &#8211; FORZA ITALIA !<\/b><\/p>\n<p class=\"ap-StoryElement ap-StoryElement--mb ap-StoryText\">Tarik Bousselma, t\u00e9nor et Flore-\u00c9lise Capelier, piano.<\/p>\n<p class=\"ap-StoryElement ap-StoryElement--mb ap-StoryText\">Tout le charme des m\u00e9lodies et airs c\u00e9l\u00e8bres d&rsquo;op\u00e9ras italiens.<\/p>\n<p class=\"ap-StoryElement ap-StoryElement--mb ap-StoryText\">\u0152uvres de Rossini, Bellini, Donizetti, Tosti, Mascagni\u2026<\/p>\n<p class=\"ap-StoryElement ap-StoryElement--mb ap-StoryText\"><b>Samedi 16 AO\u00dbT &#8211; CHAMBER CHOIR OF BRENTWOOD SCHOOL<\/b><\/p>\n<p class=\"ap-StoryElement ap-StoryElement--mb ap-StoryText\">Direction, David Revels, Sam Barber, organiste<\/p>\n<p class=\"ap-StoryElement ap-StoryElement--mb ap-StoryText\">Un ch\u0153ur de jeunes de 14 \u00e0 17 ans dans la pure tradition britannique des ch\u0153urs de cath\u00e9drale sur le mod\u00e8le d&rsquo;Oxford et Cambridge.<\/p>\n<p class=\"ap-StoryElement ap-StoryElement--mb ap-StoryText\">Requiem de Durufl\u00e9 et \u0153uvres chorales de la tradition anglicane<\/p>\n<p class=\"ap-StoryElement ap-StoryElement--mb ap-StoryText\"><b>Samedi 23 AO\u00dbT &#8211; NATACHA TRIADOU &#8211; Violon virtuose en solo !<\/b><\/p>\n<p class=\"ap-StoryElement ap-StoryElement--mb ap-StoryText\">Toute la beaut\u00e9 et l&rsquo;humanit\u00e9 d&rsquo;un seul en sc\u00e8ne d\u00e9di\u00e9 au violon. Un r\u00e9cital inoubliable et \u00e9poustouflant.<\/p>\n<p class=\"ap-StoryElement ap-StoryElement--mb ap-StoryText\">Bach, Biber, Paganini, Albeniz, Locatelli&#8230;<\/p>\n<p class=\"ap-StoryElement ap-StoryElement--mb ap-StoryText\"><b>Samedi 30 AO\u00dbT &#8211; LES DISCOURS, ensemble vocal &#8211; Direction et orgue : Denis Comtet<\/b><\/p>\n<p class=\"ap-StoryElement ap-StoryElement--mb ap-StoryText\">Musique classique, populaire et contemporaine anglo-am\u00e9ricaine pour 12 chanteurs et un chef\/organiste.<\/p>\n<p class=\"ap-StoryElement ap-StoryElement--mb ap-StoryText\">Byrd, Purcell, Elgar, Haendel, Dove, Witacre\u2026<\/p>\n<p class=\"ap-StoryElement ap-StoryElement--mb ap-StoryText\"><b>Renseignements: <\/b><a href=\"http:\/\/xn--cathdralelille-ekb.fr\/\" target=\"_blank\" rel=\"noopener\"><b>www.cath\u00e9dralelille.fr<\/b><\/a><b> &#8211; Les Amis de la Cath\u00e9drale de la Treille: <\/b><a href=\"https:\/\/mailto:amisdelatreille@gmail.com\/\" target=\"_blank\" rel=\"noopener\"><b>amisdelatreille@gmail.com<\/b><\/a><b> et Instagram: estivalesdelatreille<\/b><\/p>\n","protected":false},"excerpt":{"rendered":"C&rsquo;est l&rsquo;\u00e9dition des 10 ans! \u00a9Com. En tout, neuf concerts de musique classique rythmeront juillet et ao\u00fbt. Ils&hellip;\n","protected":false},"author":2,"featured_media":237847,"comment_status":"","ping_status":"","sticky":false,"template":"","format":"standard","meta":{"footnotes":""},"categories":[2815],"tags":[1111,11,1777,674,1011,27,31006,37758,37759,37760,811,1307,12,25],"class_list":{"0":"post-237846","1":"post","2":"type-post","3":"status-publish","4":"format-standard","5":"has-post-thumbnail","7":"category-lille","8":"tag-actu","9":"tag-actualites","10":"tag-eu","11":"tag-europe","12":"tag-fr","13":"tag-france","14":"tag-grotte","15":"tag-grottes","16":"tag-han","17":"tag-han-sur-lesse","18":"tag-hauts-de-france","19":"tag-lille","20":"tag-news","21":"tag-republique-francaise"},"share_on_mastodon":{"url":"https:\/\/pubeurope.com\/@fr\/114823877544211907","error":""},"_links":{"self":[{"href":"https:\/\/www.europesays.com\/fr\/wp-json\/wp\/v2\/posts\/237846","targetHints":{"allow":["GET"]}}],"collection":[{"href":"https:\/\/www.europesays.com\/fr\/wp-json\/wp\/v2\/posts"}],"about":[{"href":"https:\/\/www.europesays.com\/fr\/wp-json\/wp\/v2\/types\/post"}],"author":[{"embeddable":true,"href":"https:\/\/www.europesays.com\/fr\/wp-json\/wp\/v2\/users\/2"}],"replies":[{"embeddable":true,"href":"https:\/\/www.europesays.com\/fr\/wp-json\/wp\/v2\/comments?post=237846"}],"version-history":[{"count":0,"href":"https:\/\/www.europesays.com\/fr\/wp-json\/wp\/v2\/posts\/237846\/revisions"}],"wp:featuredmedia":[{"embeddable":true,"href":"https:\/\/www.europesays.com\/fr\/wp-json\/wp\/v2\/media\/237847"}],"wp:attachment":[{"href":"https:\/\/www.europesays.com\/fr\/wp-json\/wp\/v2\/media?parent=237846"}],"wp:term":[{"taxonomy":"category","embeddable":true,"href":"https:\/\/www.europesays.com\/fr\/wp-json\/wp\/v2\/categories?post=237846"},{"taxonomy":"post_tag","embeddable":true,"href":"https:\/\/www.europesays.com\/fr\/wp-json\/wp\/v2\/tags?post=237846"}],"curies":[{"name":"wp","href":"https:\/\/api.w.org\/{rel}","templated":true}]}}