{"id":237850,"date":"2025-07-09T15:02:13","date_gmt":"2025-07-09T15:02:13","guid":{"rendered":"https:\/\/www.europesays.com\/fr\/237850\/"},"modified":"2025-07-09T15:02:13","modified_gmt":"2025-07-09T15:02:13","slug":"a-marseille-ou-le-feu-est-desormais-fixe-les-habitants-decouvrent-lampleur-du-massacre","status":"publish","type":"post","link":"https:\/\/www.europesays.com\/fr\/237850\/","title":{"rendered":"A Marseille, o\u00f9 le feu est d\u00e9sormais \u00ab\u00a0fix\u00e9\u00a0\u00bb, les habitants d\u00e9couvrent l&rsquo;ampleur du \u00ab\u00a0massacre\u00a0\u00bb"},"content":{"rendered":"<p>Le violent incendie qui a touch\u00e9 le nord de Marseille mardi, dop\u00e9 par une longue canicule et un mistral violent, est d\u00e9sormais \u00ab\u00a0fix\u00e9\u00a0\u00bb apr\u00e8s avoir parcouru 750 hectares et d\u00e9truit ou endommag\u00e9 de nombreuses maisons, laissant leurs habitants face \u00e0 des sc\u00e8nes de d\u00e9solation.<\/p>\n<p>\u00ab\u00a0Le feu est fix\u00e9\u00a0\u00bb, a d\u00e9clar\u00e9 \u00e0 16H00 la pr\u00e9fecture des Bouches-du-Rh\u00f4ne, soulignant que cela signifiait qu&rsquo;il \u00ab\u00a0n&rsquo;\u00e9volue plus\u00a0\u00bb mais pas que \u00ab\u00a0les interventions sont termin\u00e9es\u00a0\u00bb.<\/p>\n<p>Dans la mont\u00e9e de l&rsquo;Estaque, face \u00e0 la M\u00e9diterran\u00e9e, dans le nord de Marseille, une voiture est calcin\u00e9e et deux maisons enti\u00e8rement br\u00fbl\u00e9es. Dans un jardin, trois v\u00e9los, dont une minuscule bicyclette d&rsquo;enfant, ont \u00e9t\u00e9 tordus par la chaleur.<\/p>\n<p>Jo\u00eblle Marrot, 78 ans, habitante du quartier de La Pelouque, \u00e0 l&rsquo;Estaque, vient tout juste de revenir \u00e0 sa maison et elle \u00ab\u00a0d\u00e9couvre les d\u00e9g\u00e2ts\u00a0\u00bb: \u00ab\u00a0Il y a un c\u00f4t\u00e9 qui a br\u00fbl\u00e9\u00a0\u00bb, mais \u00ab\u00a0je vois la maison qui est l\u00e0 (\u00e0 c\u00f4t\u00e9), elle est toute br\u00fbl\u00e9e, il n&rsquo;y a plus de toit, c&rsquo;est horrible\u00a0\u00bb, se d\u00e9sole-t-elle.<\/p>\n<p>\u00ab\u00a0Quand on a vu que le feu approchait, on a fait descendre ma belle-m\u00e8re de 93 ans, chez mon fr\u00e8re, dans le bas de l&rsquo;Estaque\u00a0\u00bb, raconte Dominique Russo, 59 ans, qui venait de finir de r\u00e9nover la maison familiale.<\/p>\n<p>Jusqu&rsquo;\u00e0 2H00, il a arros\u00e9 sa maison et son terrain en utilisant des seaux et en finissant avec l&rsquo;eau du bassin des poissons rouges.<\/p>\n<p>R\u00e9sultat: le feu a seulement br\u00fbl\u00e9 un volet et une fen\u00eatre. Mais, \u00e0 l&rsquo;int\u00e9rieur, le salon et les placards sont noirs de suie, le climatiseur fondu et le sol est jonch\u00e9 de verre.<\/p>\n<p>Habitants aux Pennes-Mirabeau, commune au nord de Marseille d&rsquo;o\u00f9 l&rsquo;incendie \u00e9tait parti mardi matin, Philippe Landreat, sa compagne et sa belle-fille ont d\u00fb passer la nuit dans une salle polyvalente apr\u00e8s avoir \u00e9vacu\u00e9 leur maison, finalement \u00e9pargn\u00e9e par les flammes. Mais ils ont eu peur. \u00ab\u00a0Apr\u00e8s des trucs comme \u00e7a, on dort tr\u00e8s peu\u00a0\u00bb, souffle-t-il.<\/p>\n<p>\u00ab\u00a0C&rsquo;est un massacre (&#8230;), c&rsquo;est all\u00e9 super vite\u00a0\u00bb, d\u00e9plore Thierry Heraud, premier riverain touch\u00e9 par l&rsquo;incendie, parti d&rsquo;une voiture en feu sur l&rsquo;autoroute en contrebas de sa villa.<\/p>\n<p>Cette origine accidentelle du sinitre a \u00e9t\u00e9 confirm\u00e9e mercredi apr\u00e8s-midi par le procureur de la R\u00e9publique d&rsquo;Aix-en-Provence, Jean-Luc Blachon. Le feu a \u00e9t\u00e9 caus\u00e9 par \u00ab\u00a0un v\u00e9hicule qui s&rsquo;est enflamm\u00e9 en roulant\u00a0\u00bb sur l&rsquo;autoroute A55, a-t-il insist\u00e9 aupr\u00e8s l&rsquo;AFP, pour d\u00e9mentir des rumeurs.<\/p>\n<p>Malgr\u00e9 la violence et la rapidit\u00e9 des flammes, aucune victime humaine n&rsquo;\u00e9tait signal\u00e9e mercredi matin. Une quarantaine de personnes ont \u00e9t\u00e9 trait\u00e9es par les secours, la plupart incommod\u00e9es par les fum\u00e9es, ainsi que 28 pompiers et 26 policiers, selon la pr\u00e9fecture.<\/p>\n<p>C\u00f4t\u00e9 bilan mat\u00e9riel, 70 maisons ont \u00e9t\u00e9 \u00ab\u00a0atteintes\u00a0\u00bb et 10 totalement d\u00e9truites.<\/p>\n<p>Quelque 400 personnes au total ont \u00e9t\u00e9 \u00e9vacu\u00e9es face \u00e0 cet incendie, dont les 71 r\u00e9sidents d&rsquo;un Ehpad aux Pennes-Mirabeau. Parmi elles, 250 personnes ont rejoint les diff\u00e9rents centres d&rsquo;h\u00e9bergement selon les derniers chiffres de la pr\u00e9fecture en fin de matin\u00e9e.<\/p>\n<p>Si le ciel est redevenu bleu mercredi et l&rsquo;odeur de br\u00fbl\u00e9 s&rsquo;est enfin dissip\u00e9e dans le centre de Marseille, les autorit\u00e9s craignent toujours une reprise des bourrasques de mistral.<\/p>\n<p>&#8211; \u00ab\u00a0Et\u00e9 \u00e0 haut risque\u00a0\u00bb &#8211;<\/p>\n<p>Ces feux virulents en tout d\u00e9but d&rsquo;\u00e9t\u00e9 inqui\u00e8tent, alors que le mois de juin a \u00e9t\u00e9 le plus chaud jamais enregistr\u00e9 en Europe de l&rsquo;Ouest, selon l&rsquo;institut europ\u00e9en Copernicus. \u00ab\u00a0Il y a tout lieu de penser qu&rsquo;on va vers un \u00e9t\u00e9 \u00e0 haut risque\u00a0\u00bb, a averti mardi soir le ministre de l&rsquo;Int\u00e9rieur, Bruno Retailleau, \u00e0 Marseille.<\/p>\n<p>Sous l&rsquo;effet du changement climatique, ces \u00e9v\u00e9nements m\u00e9t\u00e9orologiques extr\u00eames devraient en effet se multiplier, alertent les scientifiques. Mardi, les pompiers des Bouches-du-Rh\u00f4ne sont intervenus \u00e0 40 reprises sur des d\u00e9parts de feu, un chiffre \u00ab\u00a0exceptionnel\u00a0\u00bb, six fois plus \u00e9lev\u00e9 qu&rsquo;en moyenne.<\/p>\n<p>Interrompu mardi apr\u00e8s-midi, avec plus de 110 vols annul\u00e9s, le trafic \u00e0 l&rsquo;a\u00e9roport d&rsquo;Aix-Marseille Provence, le quatri\u00e8me fran\u00e7ais en nombre de passagers, a repris.<\/p>\n<p>Les autoroutes autour de la deuxi\u00e8me ville de France ont \u00e9galement rouvert. Si la circulation des trains \u00e0 grande vitesse \u00e0 Marseille a repris depuis 06H00, le trafic TER vers le nord restait interrompu et la C\u00f4te bleue non desservie.<\/p>\n<p>A l&rsquo;autre bout du littoral m\u00e9diterran\u00e9en, pr\u00e8s de Narbonne, dans l&rsquo;Aude, d\u00e9partement touch\u00e9 par trois feux de for\u00eat en une semaine, un incendie ayant parcouru au moins 2.000 hectares de for\u00eat depuis lundi reste toujours actif mercredi mais ne pr\u00e9sente plus de risque pour les zones habit\u00e9es.<\/p>\n<p>\u00ab\u00a0Le feu ne menace plus d&rsquo;habitations\u00a0\u00bb, m\u00eame s&rsquo;il n&rsquo;est \u00ab\u00a0pas fix\u00e9, ni ma\u00eetris\u00e9. On travaille encore dessus, mais avec une intensit\u00e9 moindre que ces derniers jours\u00a0\u00bb, a pr\u00e9cis\u00e9 le pr\u00e9fet de l&rsquo;Aude Christian Pouget.<\/p>\n<p>Dans l&rsquo;H\u00e9rault, l&rsquo;incendie de Castelnau-de-Guers, qui avait entra\u00een\u00e9 la fermeture temporaire mardi de l&rsquo;autoroute A9 entre S\u00e8te et Agde, a \u00e9t\u00e9 \u00ab\u00a0fix\u00e9\u00a0\u00bb vers 05H00 mercredi, apr\u00e8s avoir br\u00fbl\u00e9 400 hectares de v\u00e9g\u00e9tation. Quant \u00e0 celui de Montdardier, dans le Gard, il a \u00e9galement \u00e9t\u00e9 d\u00e9clar\u00e9 \u00ab\u00a0ma\u00eetris\u00e9\u00a0\u00bb mercredi, apr\u00e8s avoir parcouru 500 hectares.<\/p>\n<p>bur-alc-san\/tes<\/p>\n","protected":false},"excerpt":{"rendered":"Le violent incendie qui a touch\u00e9 le nord de Marseille mardi, dop\u00e9 par une longue canicule et un&hellip;\n","protected":false},"author":2,"featured_media":237851,"comment_status":"","ping_status":"","sticky":false,"template":"","format":"standard","meta":{"footnotes":""},"categories":[2814],"tags":[1111,11,885,1777,674,1312,1011,27,884,12,3764,882,25],"class_list":{"0":"post-237850","1":"post","2":"type-post","3":"status-publish","4":"format-standard","5":"has-post-thumbnail","7":"category-marseille","8":"tag-actu","9":"tag-actualites","10":"tag-bouches-du-rhone","11":"tag-eu","12":"tag-europe","13":"tag-feu","14":"tag-fr","15":"tag-france","16":"tag-marseille","17":"tag-news","18":"tag-procureur-de-la-republique","19":"tag-provence-alpes-cote-dazur","20":"tag-republique-francaise"},"share_on_mastodon":{"url":"https:\/\/pubeurope.com\/@fr\/114823885209997856","error":""},"_links":{"self":[{"href":"https:\/\/www.europesays.com\/fr\/wp-json\/wp\/v2\/posts\/237850","targetHints":{"allow":["GET"]}}],"collection":[{"href":"https:\/\/www.europesays.com\/fr\/wp-json\/wp\/v2\/posts"}],"about":[{"href":"https:\/\/www.europesays.com\/fr\/wp-json\/wp\/v2\/types\/post"}],"author":[{"embeddable":true,"href":"https:\/\/www.europesays.com\/fr\/wp-json\/wp\/v2\/users\/2"}],"replies":[{"embeddable":true,"href":"https:\/\/www.europesays.com\/fr\/wp-json\/wp\/v2\/comments?post=237850"}],"version-history":[{"count":0,"href":"https:\/\/www.europesays.com\/fr\/wp-json\/wp\/v2\/posts\/237850\/revisions"}],"wp:featuredmedia":[{"embeddable":true,"href":"https:\/\/www.europesays.com\/fr\/wp-json\/wp\/v2\/media\/237851"}],"wp:attachment":[{"href":"https:\/\/www.europesays.com\/fr\/wp-json\/wp\/v2\/media?parent=237850"}],"wp:term":[{"taxonomy":"category","embeddable":true,"href":"https:\/\/www.europesays.com\/fr\/wp-json\/wp\/v2\/categories?post=237850"},{"taxonomy":"post_tag","embeddable":true,"href":"https:\/\/www.europesays.com\/fr\/wp-json\/wp\/v2\/tags?post=237850"}],"curies":[{"name":"wp","href":"https:\/\/api.w.org\/{rel}","templated":true}]}}