{"id":237852,"date":"2025-07-09T15:03:12","date_gmt":"2025-07-09T15:03:12","guid":{"rendered":"https:\/\/www.europesays.com\/fr\/237852\/"},"modified":"2025-07-09T15:03:12","modified_gmt":"2025-07-09T15:03:12","slug":"pres-de-lyon-oullins-transforme-en-pac-man-geant","status":"publish","type":"post","link":"https:\/\/www.europesays.com\/fr\/237852\/","title":{"rendered":"Pr\u00e8s de Lyon. Oullins transform\u00e9 en Pac-Man g\u00e9ant"},"content":{"rendered":"<p>\t\t\t\t<img fetchpriority=\"high\" decoding=\"async\" width=\"900\" height=\"592\" src=\"https:\/\/www.europesays.com\/fr\/wp-content\/uploads\/2025\/07\/01-Oullins-Pacman28.jpg\" alt=\"\" title=\"01 Oullins Pacman[28]\"   class=\"wp-image-162491\"\/><\/p>\n<p>Photos \u00a9 Lyon People et DR<\/p>\n<p><strong>Texte\u00a0: Morgan Couturier \u2013<\/strong> Jamais \u00e0 court d\u2019id\u00e9es pour se moquer des mesures prises par les \u00e9cologistes de la M\u00e9tropole de Lyon, l\u2019opposition oullinoise a encore frapp\u00e9. Face aux diverses fermetures de rue et mises en sens unique, certains administr\u00e9s ont trouv\u00e9 une ressemblance avec un certain jeu vid\u00e9o\u00a0: Pac-Man.<\/p>\n<p>Ce n\u2019est pas la Foire de Lyon qui dira le contraire\u00a0: le r\u00e9tro gaming est \u00e0 la mode. Et manifestement, Oullins est \u00e0 la page. Ou du moins certains administr\u00e9s. Ces m\u00eames Oullinois qui en d\u00e9cembre dernier, avaient grim\u00e9 les repr\u00e9sentants de l\u2019ex\u00e9cutif de la M\u00e9tropole de Lyon <a style=\"color: #0000ff;\" href=\"https:\/\/www.lyonpeople.com\/actualites-lyon\/actualites-politiques\/pres-de-lyon-oullins-resiste-a-lenvahisseur-ecolo-2024-12-10.html\" target=\"_blank\" rel=\"noopener\"><strong>en personnages d\u2019Ast\u00e9rix<\/strong><\/a>.<\/p>\n<p><a href=\"https:\/\/www.lyonpeople.com\/actualites-lyon\/actualites-politiques\/pres-de-lyon-oullins-transforme-en-pac-man-geant-2025-07-09.html\/attachment\/03-oullins-pacman\" rel=\"attachment wp-att-162489 noopener\" target=\"_blank\"><img loading=\"lazy\" decoding=\"async\" class=\"alignnone size-full wp-image-162489\" src=\"data:image\/svg+xml,%3Csvg%20xmlns=\" http:=\"\" alt=\"\" width=\"900\" height=\"900\" data-lazy- data-lazy- data-lazy-src=\"https:\/\/www.europesays.com\/fr\/wp-content\/uploads\/2025\/07\/03-Oullins-pacman.jpg\"\/><\/a><\/p>\n<p>Alors ce mercredi 9 juillet, ces repr\u00e9sentants de l\u2019opposition ont choisi de transformer leur commune en Pac-Man g\u00e9ant. Le but du jeu\u00a0: retrouver Pinky, Blinky ou Clyde et les diff\u00e9rents fant\u00f4mes color\u00e9s avant de se faire croquer. Un jeu amusant pour les enfants de la commune, en vacances depuis peu, mais surtout un sacr\u00e9 casse-t\u00eate pour les joueurs en voiture.<\/p>\n<p>Comme pour le c\u00e9l\u00e8bre jeu de Namco, la mission sera donc de se frayer un chemin \u00e0 travers les art\u00e8res oullinoises pour gagner la partie. H\u00e9las, la mission a \u00e9t\u00e9 rendue complexe au cours de ces derni\u00e8res ann\u00e9es par la politique \u00e9cologiste, laquelle n\u2019a cess\u00e9 de cr\u00e9er des sens interdits et des mises en sens unique.<\/p>\n<p><strong>Une astuce\u00a0: faire attention au sens de circulation<\/strong><\/p>\n<p>Une mani\u00e8re ludique de contester la politique de la M\u00e9tropole de Lyon donc, m\u00eame si le jeu est n\u00e9anmoins facilit\u00e9 par la r\u00e9ouverture de la Grande Rue, dans les deux sens de circulation. En effet, celle-ci avait fait l\u2019objet pendant pr\u00e8s d\u2019un an, d\u2019une exp\u00e9rimentation visant \u00e0 instaurer un sens unique partiel de cette art\u00e8re principale, au profit des pi\u00e9tons et des v\u00e9los.<\/p>\n<p><a href=\"https:\/\/www.lyonpeople.com\/actualites-lyon\/actualites-politiques\/pres-de-lyon-oullins-transforme-en-pac-man-geant-2025-07-09.html\/attachment\/05-oullins-pacman\" rel=\"attachment wp-att-162490 noopener\" target=\"_blank\"><img loading=\"lazy\" decoding=\"async\" class=\" wp-image-162490 alignleft\" src=\"data:image\/svg+xml,%3Csvg%20xmlns=\" http:=\"\" alt=\"\" width=\"181\" height=\"241\" data-lazy-src=\"https:\/\/www.europesays.com\/fr\/wp-content\/uploads\/2025\/07\/05-Oullins-pacman.jpg\"\/><\/a><\/p>\n<p>Un test \u00ab\u00a0riche en enseignements\u00a0\u00bb \u00e0 en croire la communication de la M\u00e9tropole, laquelle s\u2019\u00e9tait \u2013 sans surprise \u2013 r\u00e9jouie de la baisse du trafic et d\u2019une \u00ab\u00a0explosion des flux v\u00e9los\u00a0\u00bb. \u00ab\u00a0Des premi\u00e8res tendances positives\u00a0\u00bb, loin de celles ressenties par les Oullinois.<\/p>\n<p>Quitte \u00e0 jouer, bon nombre d\u2019entre eux auraient d\u00e8s lors pr\u00e9f\u00e9r\u00e9 \u00ab\u00a0croquer\u00a0\u00bb <strong>Bruno Bernard<\/strong> et ses adjoints. Une chasse \u00e0 l\u2019homme report\u00e9e \u00e0 2026.<\/p>\n","protected":false},"excerpt":{"rendered":"Photos \u00a9 Lyon People et DR Texte\u00a0: Morgan Couturier \u2013 Jamais \u00e0 court d\u2019id\u00e9es pour se moquer des&hellip;\n","protected":false},"author":2,"featured_media":237853,"comment_status":"","ping_status":"","sticky":false,"template":"","format":"standard","meta":{"footnotes":""},"categories":[1889],"tags":[4257,1111,47,4258,11,2430,1777,674,1011,27,2428,12,37761,25],"class_list":{"0":"post-237852","1":"post","2":"type-post","3":"status-publish","4":"format-standard","5":"has-post-thumbnail","7":"category-lyon","8":"tag-0top","9":"tag-actu","10":"tag-actualite","11":"tag-actualite-lyon","12":"tag-actualites","13":"tag-auvergne-rhone-alpes","14":"tag-eu","15":"tag-europe","16":"tag-fr","17":"tag-france","18":"tag-lyon","19":"tag-news","20":"tag-oullins","21":"tag-republique-francaise"},"share_on_mastodon":{"url":"https:\/\/pubeurope.com\/@fr\/114823889665387624","error":""},"_links":{"self":[{"href":"https:\/\/www.europesays.com\/fr\/wp-json\/wp\/v2\/posts\/237852","targetHints":{"allow":["GET"]}}],"collection":[{"href":"https:\/\/www.europesays.com\/fr\/wp-json\/wp\/v2\/posts"}],"about":[{"href":"https:\/\/www.europesays.com\/fr\/wp-json\/wp\/v2\/types\/post"}],"author":[{"embeddable":true,"href":"https:\/\/www.europesays.com\/fr\/wp-json\/wp\/v2\/users\/2"}],"replies":[{"embeddable":true,"href":"https:\/\/www.europesays.com\/fr\/wp-json\/wp\/v2\/comments?post=237852"}],"version-history":[{"count":0,"href":"https:\/\/www.europesays.com\/fr\/wp-json\/wp\/v2\/posts\/237852\/revisions"}],"wp:featuredmedia":[{"embeddable":true,"href":"https:\/\/www.europesays.com\/fr\/wp-json\/wp\/v2\/media\/237853"}],"wp:attachment":[{"href":"https:\/\/www.europesays.com\/fr\/wp-json\/wp\/v2\/media?parent=237852"}],"wp:term":[{"taxonomy":"category","embeddable":true,"href":"https:\/\/www.europesays.com\/fr\/wp-json\/wp\/v2\/categories?post=237852"},{"taxonomy":"post_tag","embeddable":true,"href":"https:\/\/www.europesays.com\/fr\/wp-json\/wp\/v2\/tags?post=237852"}],"curies":[{"name":"wp","href":"https:\/\/api.w.org\/{rel}","templated":true}]}}