{"id":237856,"date":"2025-07-09T15:05:15","date_gmt":"2025-07-09T15:05:15","guid":{"rendered":"https:\/\/www.europesays.com\/fr\/237856\/"},"modified":"2025-07-09T15:05:15","modified_gmt":"2025-07-09T15:05:15","slug":"deja-plus-dune-centaine-de-projets-pour-transformer-les-bureaux-franciliens-en-logements","status":"publish","type":"post","link":"https:\/\/www.europesays.com\/fr\/237856\/","title":{"rendered":"D\u00e9j\u00e0 plus d&rsquo;une centaine de projets pour transformer les bureaux franciliens en logements"},"content":{"rendered":"\n<p lang=\"fr-FR\" style=\"margin-bottom: 0cm;\">101\u00a0: c&rsquo;est le nombre de projets d\u00e9pos\u00e9s apr\u00e8s un appel \u00e0 manifestation d&rsquo;int\u00e9r\u00eat lanc\u00e9 par la pr\u00e9fecture d&rsquo;\u00cele-de-France, entre avril et juin derniers. L&rsquo;objectif est d&rsquo;acc\u00e9l\u00e9rer la transformation de bureaux en logements dans la r\u00e9gion. Dans le d\u00e9tail, les projets d\u00e9j\u00e0 d\u00e9pos\u00e9s couvrent les 8 d\u00e9partements franciliens. Leur potentiel pourrait cr\u00e9er plus de 20.000 logements, dont 5.900 logements sociaux et 5.500 logements \u00e9tudiants.<\/p>\n<p lang=\"fr-FR\" style=\"margin-bottom: 0cm;\">\u00a0<\/p>\n<p lang=\"fr-FR\" style=\"margin-bottom: 0cm;\">Nicolas Chacun<\/p>\n<p>!function(f,b,e,v,n,t,s){if(f.fbq)return;n=f.fbq=function(){n.callMethod?<br \/>\nn.callMethod.apply(n,arguments):n.queue.push(arguments)};if(!f._fbq)f._fbq=n;<br \/>\nn.push=n;n.loaded=!0;n.version=&rsquo;2.0&prime;;n.queue=[];t=b.createElement(e);t.async=!0;<br \/>\nt.src=v;s=b.getElementsByTagName(e)[0];s.parentNode.insertBefore(t,s)}(window,<br \/>\ndocument,&rsquo;script&rsquo;,&rsquo;https:\/\/connect.facebook.net\/en_US\/fbevents.js&rsquo;);<br \/>\nfbq(&lsquo;init&rsquo;, &lsquo;278974969201861&rsquo;); \/\/ Insert your pixel ID here.<br \/>\nfbq(&lsquo;track&rsquo;, &lsquo;PageView&rsquo;);<\/p>\n","protected":false},"excerpt":{"rendered":"101\u00a0: c&rsquo;est le nombre de projets d\u00e9pos\u00e9s apr\u00e8s un appel \u00e0 manifestation d&rsquo;int\u00e9r\u00eat lanc\u00e9 par la pr\u00e9fecture d&rsquo;\u00cele-de-France,&hellip;\n","protected":false},"author":2,"featured_media":9734,"comment_status":"","ping_status":"","sticky":false,"template":"","format":"standard","meta":{"footnotes":""},"categories":[1592],"tags":[1111,11,1933,1936,1777,1939,674,1011,27,662,1934,12,1940,626,1935,25,1937,1941,1938],"class_list":{"0":"post-237856","1":"post","2":"type-post","3":"status-publish","4":"format-standard","5":"has-post-thumbnail","7":"category-ile-de-france","8":"tag-actu","9":"tag-actualites","10":"tag-actualites-locales","11":"tag-essonne","12":"tag-eu","13":"tag-eure-et-loir","14":"tag-europe","15":"tag-fr","16":"tag-france","17":"tag-ile-de-france","18":"tag-infos-locales","19":"tag-news","20":"tag-oise","21":"tag-paris","22":"tag-pres-de-chez-vous","23":"tag-republique-francaise","24":"tag-seine-et-marne","25":"tag-somme","26":"tag-yvelines"},"share_on_mastodon":{"url":"https:\/\/pubeurope.com\/@fr\/114823897002110884","error":""},"_links":{"self":[{"href":"https:\/\/www.europesays.com\/fr\/wp-json\/wp\/v2\/posts\/237856","targetHints":{"allow":["GET"]}}],"collection":[{"href":"https:\/\/www.europesays.com\/fr\/wp-json\/wp\/v2\/posts"}],"about":[{"href":"https:\/\/www.europesays.com\/fr\/wp-json\/wp\/v2\/types\/post"}],"author":[{"embeddable":true,"href":"https:\/\/www.europesays.com\/fr\/wp-json\/wp\/v2\/users\/2"}],"replies":[{"embeddable":true,"href":"https:\/\/www.europesays.com\/fr\/wp-json\/wp\/v2\/comments?post=237856"}],"version-history":[{"count":0,"href":"https:\/\/www.europesays.com\/fr\/wp-json\/wp\/v2\/posts\/237856\/revisions"}],"wp:featuredmedia":[{"embeddable":true,"href":"https:\/\/www.europesays.com\/fr\/wp-json\/wp\/v2\/media\/9734"}],"wp:attachment":[{"href":"https:\/\/www.europesays.com\/fr\/wp-json\/wp\/v2\/media?parent=237856"}],"wp:term":[{"taxonomy":"category","embeddable":true,"href":"https:\/\/www.europesays.com\/fr\/wp-json\/wp\/v2\/categories?post=237856"},{"taxonomy":"post_tag","embeddable":true,"href":"https:\/\/www.europesays.com\/fr\/wp-json\/wp\/v2\/tags?post=237856"}],"curies":[{"name":"wp","href":"https:\/\/api.w.org\/{rel}","templated":true}]}}