{"id":237859,"date":"2025-07-09T15:07:09","date_gmt":"2025-07-09T15:07:09","guid":{"rendered":"https:\/\/www.europesays.com\/fr\/237859\/"},"modified":"2025-07-09T15:07:09","modified_gmt":"2025-07-09T15:07:09","slug":"40-ans-apres-vers-un-proces-aux-assises-contre-six-personnes","status":"publish","type":"post","link":"https:\/\/www.europesays.com\/fr\/237859\/","title":{"rendered":"40 ans apr\u00e8s, vers un proc\u00e8s aux assises contre six personnes"},"content":{"rendered":"<p>            Par<br \/>\n        <strong><br \/>\n            <a href=\"https:\/\/actu.fr\/auteur\/redaction-paris\" title=\"Consulter tous les articles de R\u00e9daction Paris\" target=\"_blank\" rel=\"noopener\">R\u00e9daction Paris<\/a><br \/>\n        <\/strong><\/p>\n<p>        Publi\u00e9 le<\/p>\n<p>            9 juil. 2025 \u00e0 16h59        <\/p>\n<p>L\u2019enqu\u00eate sur l\u2019attentat de la <strong>rue des Rosiers<\/strong> se poursuit. Ce mercredi 9\u00a0juillet 2025, le parquet national antiterroriste (Pnat) a annonc\u00e9 avoir requis le renvoi en <a href=\"https:\/\/actu.fr\/tag\/proces\" target=\"_blank\" rel=\"noopener\">proc\u00e8s<\/a> de <strong>six personnes<\/strong>, soup\u00e7onn\u00e9es d\u2019avoir pris part \u00e0 l\u2019attaque qui\u00a0avait fait six morts en 1982 \u00e0 Paris.<\/p>\n<p>Abou Zayed, principal suspect<\/p>\n<p class=\" wall-content\">Les magistrats ont demand\u00e9 un proc\u00e8s devant la cour d\u2019assises sp\u00e9ciale pour <strong>Abou Zayed<\/strong>, 66\u00a0ans, <a href=\"https:\/\/actu.fr\/ile-de-france\/paris_75056\/attentat-de-la-rue-des-rosiers-a-paris-le-principal-suspect-maintenu-en-detention_60670104.html\" target=\"_blank\" rel=\"noopener\">principal suspect<\/a>, accus\u00e9 d\u2019\u00eatre l\u2019un des tireurs de l\u2019attentat. D\u00e9tenu en France depuis fin 2020, il nie les faits. H. T., 65\u00a0ans, a quant \u00e0 lui \u00e9t\u00e9 mis en examen en avril dernier car <a href=\"https:\/\/actu.fr\/ile-de-france\/paris_75056\/attentat-de-la-rue-des-rosiers-a-paris-etudiant-a-l-epoque-il-est-soupconne-d-avoir-cache-les-armes_62870297.html\" target=\"_blank\" rel=\"noopener\">soup\u00e7onn\u00e9 d\u2019avoir \u00e0 l\u2019\u00e9poque cach\u00e9 des armes<\/a>. Il est sous contr\u00f4le judiciaire.<\/p>\n<p class=\" wall-content\">Un proc\u00e8s est \u00e9galement requis pour <strong>quatre autres protagonistes<\/strong> centraux, faisant l\u2019objet d\u2019un mandat d\u2019arr\u00eat et localis\u00e9s en Cisjordanie, en Jordanie et au Kowe\u00eft.<\/p>\n<p class=\" wall-content\">Abou Zayed a \u00e9t\u00e9 extrad\u00e9 de Norv\u00e8ge fin 2020 et incarc\u00e9r\u00e9, il est \u00ab\u2009express\u00e9ment d\u00e9sign\u00e9 comme l\u2019auteur des <strong>assassinats et tentatives d\u2019assassinats<\/strong>, de mani\u00e8re constante et concordante depuis pr\u00e8s de 14\u00a0ans par plusieurs t\u00e9moins\u2009\u00bb, m\u00eame s\u2019il est mis hors de cause par deux autres hommes, souligne le Pnat dans ses r\u00e9quisitions dont l\u2019AFP a eu connaissance ce mercredi 9\u00a0juillet 2025.<\/p>\n<p class=\" wall-content\">S\u2019agissant d\u2019H. T., les expertises men\u00e9es ont soulign\u00e9 <strong>\u00ab\u2009la similarit\u00e9 parfaite\u2009\u00bb<\/strong> entre les armes et munitions retrouv\u00e9es sur les lieux et au bois de Boulogne avec celles saisies \u00ab\u2009lors d\u2019attentats formellement attribu\u00e9s \u00e0 ce groupe terroriste \u00e0 Londres, Rome, Ath\u00e8nes et Bruxelles\u2009\u00bb, d\u00e9taille le minist\u00e8re public.<\/p>\n<p>Vid\u00e9os : en ce moment sur Actu\u00ab\u2009Plusieurs accus\u00e9s r\u00e9fugi\u00e9s \u00e0 l\u2019\u00e9tranger\u2009\u00bb<\/p>\n<p class=\" wall-content\">L\u2019attentat \u00ab\u2009rel\u00e8ve sans conteste d\u2019une volont\u00e9 de faire r\u00e9gner la terreur\u2009\u00bb comme \u00ab\u2009en atteste l\u2019acharnement du commando \u00e0 faire le plus de victimes possibles dans un<strong> lieu touristique<\/strong> r\u00e9put\u00e9 fr\u00e9quent\u00e9 par la communaut\u00e9 juive fran\u00e7aise et internationale\u2009\u00bb, insiste le Pnat.\u00a0Les avocats des mis en cause, sollicit\u00e9s par l\u2019AFP, n\u2019ont pas comment\u00e9 dans l\u2019imm\u00e9diat.<\/p>\n<p class=\" wall-content\">\u00ab\u2009C\u2019est un sentiment partag\u00e9 pour les parties civiles aujourd\u2019hui, entre l\u2019immense soulagement de savoir que <strong>la R\u00e9publique n\u2019abandonne pas ses victimes<\/strong>, malgr\u00e9 les ann\u00e9es pass\u00e9es, les errements de la justice et des politiques, et le regret de constater que c\u2019est un proc\u00e8s incomplet qui s\u2019annonce, avec plusieurs accus\u00e9s r\u00e9fugi\u00e9s \u00e0 l\u2019\u00e9tranger\u2009\u00bb, a r\u00e9agi Romain Boulet, avocat de proches de victimes.<\/p>\n<p class=\" wall-content\">Pour rappel, le 9\u00a0ao\u00fbt 1982, <strong>six personnes ont \u00e9t\u00e9 tu\u00e9es<\/strong> et 22 bless\u00e9es dans l\u2019explosion d\u2019une grenade dans le restaurant Jo Goldenberg puis dans une fusillade dans le quartier du Marais, perp\u00e9tr\u00e9e par un commando de trois \u00e0 cinq hommes.<\/p>\n<p class=\" wall-content\">L\u2019attentat a \u00e9t\u00e9 attribu\u00e9 au <strong>Fatah-Conseil r\u00e9volutionnaire<\/strong> (Fatah-CR) d\u2019Abou Nidal, groupe palestinien dissident de l\u2019Organisation de lib\u00e9ration de la Palestine (OLP).<\/p>\n<p class=\" wall-content\">Avec AFP.<\/p>\n<p class=\" wall-content\">Suivez toute l\u2019actualit\u00e9 de vos villes et m\u00e9dias favoris en vous inscrivant \u00e0 <a href=\"https:\/\/moncompte.actu.fr\" title=\"D\u00e9couvez Mon Actu\" rel=\"nofollow noopener\" data-trk=\"{&quot;cta&quot;:{&quot;action&quot;:&quot;https:\\\/\\\/moncompte.actu.fr&quot;,&quot;category&quot;:&quot;mon compte&quot;,&quot;from&quot;:&quot;article footer&quot;,&quot;name&quot;:&quot;Mon actu&quot;,&quot;type&quot;:&quot;cta&quot;}}\" target=\"_blank\">Mon Actu<\/a>.<\/p>\n","protected":false},"excerpt":{"rendered":"Par R\u00e9daction Paris Publi\u00e9 le 9 juil. 2025 \u00e0 16h59 L\u2019enqu\u00eate sur l\u2019attentat de la rue des Rosiers&hellip;\n","protected":false},"author":2,"featured_media":237860,"comment_status":"","ping_status":"","sticky":false,"template":"","format":"standard","meta":{"footnotes":""},"categories":[1888],"tags":[1111,1928,11,1927,5581,1777,674,118,1011,27,12,1926,626,1925,2694,25],"class_list":{"0":"post-237859","1":"post","2":"type-post","3":"status-publish","4":"format-standard","5":"has-post-thumbnail","7":"category-paris","8":"tag-actu","9":"tag-actu-paris","10":"tag-actualites","11":"tag-actualites-paris","12":"tag-attentat","13":"tag-eu","14":"tag-europe","15":"tag-faits-divers","16":"tag-fr","17":"tag-france","18":"tag-news","19":"tag-news-paris","20":"tag-paris","21":"tag-paris-news","22":"tag-proces","23":"tag-republique-francaise"},"share_on_mastodon":{"url":"https:\/\/pubeurope.com\/@fr\/114823905182544780","error":""},"_links":{"self":[{"href":"https:\/\/www.europesays.com\/fr\/wp-json\/wp\/v2\/posts\/237859","targetHints":{"allow":["GET"]}}],"collection":[{"href":"https:\/\/www.europesays.com\/fr\/wp-json\/wp\/v2\/posts"}],"about":[{"href":"https:\/\/www.europesays.com\/fr\/wp-json\/wp\/v2\/types\/post"}],"author":[{"embeddable":true,"href":"https:\/\/www.europesays.com\/fr\/wp-json\/wp\/v2\/users\/2"}],"replies":[{"embeddable":true,"href":"https:\/\/www.europesays.com\/fr\/wp-json\/wp\/v2\/comments?post=237859"}],"version-history":[{"count":0,"href":"https:\/\/www.europesays.com\/fr\/wp-json\/wp\/v2\/posts\/237859\/revisions"}],"wp:featuredmedia":[{"embeddable":true,"href":"https:\/\/www.europesays.com\/fr\/wp-json\/wp\/v2\/media\/237860"}],"wp:attachment":[{"href":"https:\/\/www.europesays.com\/fr\/wp-json\/wp\/v2\/media?parent=237859"}],"wp:term":[{"taxonomy":"category","embeddable":true,"href":"https:\/\/www.europesays.com\/fr\/wp-json\/wp\/v2\/categories?post=237859"},{"taxonomy":"post_tag","embeddable":true,"href":"https:\/\/www.europesays.com\/fr\/wp-json\/wp\/v2\/tags?post=237859"}],"curies":[{"name":"wp","href":"https:\/\/api.w.org\/{rel}","templated":true}]}}