{"id":237867,"date":"2025-07-09T15:11:13","date_gmt":"2025-07-09T15:11:13","guid":{"rendered":"https:\/\/www.europesays.com\/fr\/237867\/"},"modified":"2025-07-09T15:11:13","modified_gmt":"2025-07-09T15:11:13","slug":"le-vatican-pret-a-accueillir-des-pourparlers-de-paix-ukraine-russie-dit-le-pape-leon-a-zelensky-09-07-2025-a-1640","status":"publish","type":"post","link":"https:\/\/www.europesays.com\/fr\/237867\/","title":{"rendered":"Le Vatican pr\u00eat \u00e0 accueillir des pourparlers de paix Ukraine-Russie, dit le pape L\u00e9on \u00e0 Zelensky &#8211; 09\/07\/2025 \u00e0 16:40"},"content":{"rendered":"<p>\n par Joshua McElwee\n<\/p>\n<p>\n Le Vatican est<br \/>\npr\u00eat \u00e0 accueillir des pourparlers de paix entre la Russie et<br \/>\nl&rsquo;Ukraine, a d\u00e9clar\u00e9 mercredi le pape L\u00e9on au pr\u00e9sident<br \/>\nukrainien Volodimir Zelensky, qui se trouve \u00e0 Rome pour assister<br \/>\njeudi et vendredi \u00e0 une conf\u00e9rence pour la reconstruction de<br \/>\nl&rsquo;Ukraine.\n<\/p>\n<p>\n Le pape, qui rencontrait le dirigeant ukrainien pour la<br \/>\ndeuxi\u00e8me fois en deux mois de pontificat, a \u00e9galement discut\u00e9<br \/>\navec Volodimir Zelensky \u00ab\u00a0de la n\u00e9cessit\u00e9 urgente d&rsquo;une paix<br \/>\njuste et durable\u00a0\u00bb, indique le Vatican dans un communiqu\u00e9.\n<\/p>\n<p>\n Les deux dirigeants se sont entretenus \u00e0 Castel Gandolfo,<br \/>\nune petite ville italienne situ\u00e9e sur une colline, non loin de<br \/>\nRome, o\u00f9 le pape passe deux semaines de vacances.\n<\/p>\n<p>\n Volodimir Zelensky participe \u00e0 une conf\u00e9rence \u00e0 Rome les 10<br \/>\net 11 juillet consacr\u00e9e au redressement et \u00e0 la reconstruction \u00e0<br \/>\nlong terme de l&rsquo;Ukraine \u00e0 la suite de l&rsquo;invasion russe.\n<\/p>\n<p>\n Le Vatican n&rsquo;a pas pr\u00e9cis\u00e9 la dur\u00e9e de la rencontre entre<br \/>\nles deux hommes.\n<\/p>\n<p>\n Le pape L\u00e9on, qui a fait de l&rsquo;appel \u00e0 la paix dans les<br \/>\nconflits mondiaux un th\u00e8me majeur de son jeune pontificat, avait<br \/>\nd\u00e9j\u00e0 rencontr\u00e9 Volodimir Zelensky au Vatican le 18 mai.\n<\/p>\n<p>\n Le souverain pontife s&rsquo;est par ailleurs entretenu le 4 juin<br \/>\ndernier par t\u00e9l\u00e9phone avec le pr\u00e9sident russe Vladimir Poutine,<br \/>\n\u00e0 qui il a demand\u00e9, selon le Vatican, de prendre des mesures<br \/>\nconcr\u00e8tes pour mettre fin \u00e0 la guerre en Ukraine.\n<\/p>\n<p>\n Le pr\u00e9sident am\u00e9ricain Donald Trump avait affirm\u00e9 en mai que<br \/>\nle pape L\u00e9on aurait propos\u00e9 d&rsquo;accueillir des pourparlers de paix<br \/>\nentre l&rsquo;Ukraine et la Russie, ce que le dirigeant religieux<br \/>\nn&rsquo;avait pas confirm\u00e9.\n<\/p>\n<p>\n Des responsables russes avaient pr\u00e9c\u00e9demment dit \u00e0 Reuters<br \/>\nqu&rsquo;ils ne consid\u00e9raient pas le Vatican comme un lieu s\u00e9rieux<br \/>\npour des pourparlers, car le Saint-Si\u00e8ge est entour\u00e9 par<br \/>\nl&rsquo;Italie, membre de l&rsquo;Otan, qui a soutenu l&rsquo;Ukraine et pris part<br \/>\naux sanctions de l&rsquo;Union europ\u00e9enne contre la Russie.\n<\/p>\n<p>\n (Reportage Joshua McElwee, version fran\u00e7aise Kate Entringer,<br \/>\n\u00e9dit\u00e9 par Augustin Turpin)<\/p>\n","protected":false},"excerpt":{"rendered":"par Joshua McElwee Le Vatican est pr\u00eat \u00e0 accueillir des pourparlers de paix entre la Russie et l&rsquo;Ukraine,&hellip;\n","protected":false},"author":2,"featured_media":2486,"comment_status":"","ping_status":"","sticky":false,"template":"","format":"standard","meta":{"footnotes":""},"categories":[1591],"tags":[400,11,398,408,405,1887,403,402,399,404,12,1885,1886,132,401,406,407],"class_list":{"0":"post-237867","1":"post","2":"type-post","3":"status-publish","4":"format-standard","5":"has-post-thumbnail","7":"category-russie","8":"tag-action-cac-40","9":"tag-actualites","10":"tag-bourse-de-paris","11":"tag-boursorama","12":"tag-cotations","13":"tag-federation-de-russie","14":"tag-indices-devises","15":"tag-investir","16":"tag-investissement","17":"tag-marche-boursier","18":"tag-news","19":"tag-russia","20":"tag-russian-federation","21":"tag-russie","22":"tag-sicav","23":"tag-trackers","24":"tag-warrants"},"share_on_mastodon":{"url":"https:\/\/pubeurope.com\/@fr\/114823920618794363","error":""},"_links":{"self":[{"href":"https:\/\/www.europesays.com\/fr\/wp-json\/wp\/v2\/posts\/237867","targetHints":{"allow":["GET"]}}],"collection":[{"href":"https:\/\/www.europesays.com\/fr\/wp-json\/wp\/v2\/posts"}],"about":[{"href":"https:\/\/www.europesays.com\/fr\/wp-json\/wp\/v2\/types\/post"}],"author":[{"embeddable":true,"href":"https:\/\/www.europesays.com\/fr\/wp-json\/wp\/v2\/users\/2"}],"replies":[{"embeddable":true,"href":"https:\/\/www.europesays.com\/fr\/wp-json\/wp\/v2\/comments?post=237867"}],"version-history":[{"count":0,"href":"https:\/\/www.europesays.com\/fr\/wp-json\/wp\/v2\/posts\/237867\/revisions"}],"wp:featuredmedia":[{"embeddable":true,"href":"https:\/\/www.europesays.com\/fr\/wp-json\/wp\/v2\/media\/2486"}],"wp:attachment":[{"href":"https:\/\/www.europesays.com\/fr\/wp-json\/wp\/v2\/media?parent=237867"}],"wp:term":[{"taxonomy":"category","embeddable":true,"href":"https:\/\/www.europesays.com\/fr\/wp-json\/wp\/v2\/categories?post=237867"},{"taxonomy":"post_tag","embeddable":true,"href":"https:\/\/www.europesays.com\/fr\/wp-json\/wp\/v2\/tags?post=237867"}],"curies":[{"name":"wp","href":"https:\/\/api.w.org\/{rel}","templated":true}]}}