{"id":237868,"date":"2025-07-09T15:12:14","date_gmt":"2025-07-09T15:12:14","guid":{"rendered":"https:\/\/www.europesays.com\/fr\/237868\/"},"modified":"2025-07-09T15:12:14","modified_gmt":"2025-07-09T15:12:14","slug":"guerre-en-ukraine-kiev-nest-pas-encore-a-genoux-malgre-lintensification-des-frappes-russes","status":"publish","type":"post","link":"https:\/\/www.europesays.com\/fr\/237868\/","title":{"rendered":"Guerre en Ukraine : Kiev n&rsquo;est \u00ab\u00a0pas encore \u00e0 genoux\u00a0\u00bb, malgr\u00e9 l&rsquo;intensification des frappes russes"},"content":{"rendered":"<ul class=\"jsx-862013697 ArticleChapo__List\">\n<li class=\"jsx-862013697 ArticleChapo__List_Item flex\">L&rsquo;arm\u00e9e de l&rsquo;air ukrainienne a affirm\u00e9 mercredi que la Russie avait lanc\u00e9 dans la nuit sa plus grande attaque de drones et missiles depuis le d\u00e9but de l&rsquo;invasion en 2022.<\/li>\n<li class=\"jsx-862013697 ArticleChapo__List_Item flex\">L\u2019arm\u00e9e russe aurait tir\u00e9 728 drones et 13 missiles dans la nuit de mardi \u00e0 mercredi, essentiellement sur la ville de Loutsk.<\/li>\n<\/ul>\n<p data-module=\"article-paragraph\" class=\"jsx-3046738180 Paragraph\">La Russie a intensifi\u00e9 ses frappes contre l&rsquo;Ukraine ces derniers jours. Selon l&rsquo;arm\u00e9e de l\u2019air ukrainienne, <a href=\"https:\/\/www.tf1info.fr\/international\/ukraine-la-russie-a-lance-sa-plus-grande-attaque-de-drones-et-missiles-depuis-fevrier-2022-2381839.html\" target=\"_blank\" rel=\"noopener\">les Russes ont lanc\u00e9 dans la nuit leur plus grande attaque de drones et de missiles<\/a> depuis le d\u00e9but de l\u2019invasion, avec 728 drones de diff\u00e9rents types. Malgr\u00e9 ces nombreuses frappes,\u00a0\u00bbles Ukrainiens ne sont pas encore \u00e0 genoux et sont toujours en capacit\u00e9 de se battre\u00a0\u00bb, estime le sp\u00e9cialiste des relations internationales, Emmanuel V\u00e9ron, sur LCI.<\/p>\n<p data-module=\"article-paragraph\" class=\"jsx-3046738180 Paragraph Paragraph__End\">Selon cet expert, les Ukrainiens \u00ab\u00a0sont en train de construire ces drones intercepteurs, en ce moment m\u00eame, pour se d\u00e9fendre\u00a0\u00bb, afin de contrer les futures attaques de drones par les Russes. \u00ab\u00a0Les Ukrainiens ont d\u00e9velopp\u00e9 des technologies, notamment avec des drones, qui permettent d&rsquo;intercepter un vecteur a\u00e9rien et de le neutraliser autant que faire se peut\u00a0\u00bb, poursuit Emmanuel V\u00e9ron.<\/p>\n<p><a href=\"https:\/\/www.tf1info.fr\/international\/en-direct-guerre-en-ukraine-russie-poutine-zelensky-trump-dernieres-informations-aujourd-hui-mercredi-9-juillet-2025-2381761.html\" rel=\"noopener\" class=\"jsx-3308031228 Link flex\" target=\"_blank\"><img decoding=\"async\" src=\"https:\/\/www.europesays.com\/fr\/wp-content\/uploads\/2025\/07\/zelensky-munich-2026-feef76-0@1x.jpeg\" alt=\"Handout \/ UKRAINIAN PRESIDENTIAL PRESS SERVICE \/ AFP\" loading=\"lazy\" importance=\"low\" fetchpriority=\"low\" class=\"\" aria-hidden=\"true\"\/><\/p>\n<p class=\"jsx-3657663356 ReadMoreArticle__Title\">Lire aussi<\/p>\n<p class=\"jsx-3657663356\">EN DIRECT &#8211; Ukraine : \u00e0 Rome, Volodymyr Zelensky va s&rsquo;entretenir avec le pape et le pr\u00e9sident italien<\/p>\n<p><\/a><\/p>\n<p data-module=\"article-paragraph\" class=\"jsx-3046738180 Paragraph Paragraph__End\">Les Ukrainiens peuvent compter sur leurs technologies, mais aussi sur l&rsquo;aide des \u00c9tats-Unis. En effet, Donald Trump a annonc\u00e9, en d\u00e9but de semaine, envoyer \u00ab\u00a0plus d&rsquo;armes\u00a0\u00bb \u00e0 Kiev pour contrer les bombardements russes. Ces armes permettront \u00e0 l&rsquo;Ukraine d&rsquo;assurer \u00ab\u00a0la d\u00e9fense du ciel\u00a0\u00bb face \u00e0 la Russie.\u00a0<\/p>\n<p>Raphael BAZILE<\/p>\n","protected":false},"excerpt":{"rendered":"L&rsquo;arm\u00e9e de l&rsquo;air ukrainienne a affirm\u00e9 mercredi que la Russie avait lanc\u00e9 dans la nuit sa plus grande&hellip;\n","protected":false},"author":2,"featured_media":237869,"comment_status":"","ping_status":"","sticky":false,"template":"","format":"standard","meta":{"footnotes":""},"categories":[1590],"tags":[1111,11,1921,1777,674,1922,37193,12,132,220,133,1920,134],"class_list":{"0":"post-237868","1":"post","2":"type-post","3":"status-publish","4":"format-standard","5":"has-post-thumbnail","7":"category-ukraine","8":"tag-actu","9":"tag-actualites","10":"tag-article-video","11":"tag-eu","12":"tag-europe","13":"tag-info","14":"tag-lci-direct","15":"tag-news","16":"tag-russie","17":"tag-ukraine","18":"tag-video","19":"tag-video-international","20":"tag-volodymyr-zelensky"},"share_on_mastodon":{"url":"https:\/\/pubeurope.com\/@fr\/114823924559341257","error":""},"_links":{"self":[{"href":"https:\/\/www.europesays.com\/fr\/wp-json\/wp\/v2\/posts\/237868","targetHints":{"allow":["GET"]}}],"collection":[{"href":"https:\/\/www.europesays.com\/fr\/wp-json\/wp\/v2\/posts"}],"about":[{"href":"https:\/\/www.europesays.com\/fr\/wp-json\/wp\/v2\/types\/post"}],"author":[{"embeddable":true,"href":"https:\/\/www.europesays.com\/fr\/wp-json\/wp\/v2\/users\/2"}],"replies":[{"embeddable":true,"href":"https:\/\/www.europesays.com\/fr\/wp-json\/wp\/v2\/comments?post=237868"}],"version-history":[{"count":0,"href":"https:\/\/www.europesays.com\/fr\/wp-json\/wp\/v2\/posts\/237868\/revisions"}],"wp:featuredmedia":[{"embeddable":true,"href":"https:\/\/www.europesays.com\/fr\/wp-json\/wp\/v2\/media\/237869"}],"wp:attachment":[{"href":"https:\/\/www.europesays.com\/fr\/wp-json\/wp\/v2\/media?parent=237868"}],"wp:term":[{"taxonomy":"category","embeddable":true,"href":"https:\/\/www.europesays.com\/fr\/wp-json\/wp\/v2\/categories?post=237868"},{"taxonomy":"post_tag","embeddable":true,"href":"https:\/\/www.europesays.com\/fr\/wp-json\/wp\/v2\/tags?post=237868"}],"curies":[{"name":"wp","href":"https:\/\/api.w.org\/{rel}","templated":true}]}}