{"id":237874,"date":"2025-07-09T15:15:12","date_gmt":"2025-07-09T15:15:12","guid":{"rendered":"https:\/\/www.europesays.com\/fr\/237874\/"},"modified":"2025-07-09T15:15:12","modified_gmt":"2025-07-09T15:15:12","slug":"roadtrip-en-europe-une-liaison-directe-pour-relier-copenhague-et-prague-en-train-en-passant-par-lallemagne","status":"publish","type":"post","link":"https:\/\/www.europesays.com\/fr\/237874\/","title":{"rendered":"Roadtrip en Europe : une liaison directe pour relier Copenhague et Prague en train, en passant par l&rsquo;Allemagne"},"content":{"rendered":"<p>Il y aura deux trains par jour dans chaque direction, compl\u00e9t\u00e9s par une liaison de nuit saisonni\u00e8re. Des arr\u00eats sont pr\u00e9vus dans les villes allemandes de Dresde, Berlin et Hambourg.\u00a0 La liaison sera assur\u00e9e par un train de la compagnie ferroviaire tch\u00e8que CD. Il atteint 230 km\/h et dispose de 555 places assises.<\/p>\n<p>CD collabore avec la compagnie ferroviaire allemande Deutsche Bahn et la compagnie danoise DSB pour cette liaison. Cette nouvelle liaison est le premier des dix projets pilotes soutenus par la Commission europ\u00e9enne pour accro\u00eetre les liaisons ferroviaires transfrontali\u00e8res.<\/p>\n<p>Cette liste de dix projets pilotes, propos\u00e9e d\u00e9but 2023, comprend \u00e9galement un train de nuit Amsterdam-Bruxelles-Barcelone et le renforcement de la liaison Londres-Bruxelles-Amsterdam.<\/p>\n","protected":false},"excerpt":{"rendered":"Il y aura deux trains par jour dans chaque direction, compl\u00e9t\u00e9s par une liaison de nuit saisonni\u00e8re. Des&hellip;\n","protected":false},"author":2,"featured_media":237875,"comment_status":"","ping_status":"","sticky":false,"template":"","format":"standard","meta":{"footnotes":""},"categories":[1587],"tags":[11,672,1804,1805,1803,1777,674,1801,12,1802],"class_list":{"0":"post-237874","1":"post","2":"type-post","3":"status-publish","4":"format-standard","5":"has-post-thumbnail","7":"category-allemagne","8":"tag-actualites","9":"tag-allemagne","10":"tag-bundesrepublik-deutschland","11":"tag-de","12":"tag-deutschland","13":"tag-eu","14":"tag-europe","15":"tag-germany","16":"tag-news","17":"tag-republique-federale-dallemagne"},"share_on_mastodon":{"url":"https:\/\/pubeurope.com\/@fr\/114823936655411304","error":""},"_links":{"self":[{"href":"https:\/\/www.europesays.com\/fr\/wp-json\/wp\/v2\/posts\/237874","targetHints":{"allow":["GET"]}}],"collection":[{"href":"https:\/\/www.europesays.com\/fr\/wp-json\/wp\/v2\/posts"}],"about":[{"href":"https:\/\/www.europesays.com\/fr\/wp-json\/wp\/v2\/types\/post"}],"author":[{"embeddable":true,"href":"https:\/\/www.europesays.com\/fr\/wp-json\/wp\/v2\/users\/2"}],"replies":[{"embeddable":true,"href":"https:\/\/www.europesays.com\/fr\/wp-json\/wp\/v2\/comments?post=237874"}],"version-history":[{"count":0,"href":"https:\/\/www.europesays.com\/fr\/wp-json\/wp\/v2\/posts\/237874\/revisions"}],"wp:featuredmedia":[{"embeddable":true,"href":"https:\/\/www.europesays.com\/fr\/wp-json\/wp\/v2\/media\/237875"}],"wp:attachment":[{"href":"https:\/\/www.europesays.com\/fr\/wp-json\/wp\/v2\/media?parent=237874"}],"wp:term":[{"taxonomy":"category","embeddable":true,"href":"https:\/\/www.europesays.com\/fr\/wp-json\/wp\/v2\/categories?post=237874"},{"taxonomy":"post_tag","embeddable":true,"href":"https:\/\/www.europesays.com\/fr\/wp-json\/wp\/v2\/tags?post=237874"}],"curies":[{"name":"wp","href":"https:\/\/api.w.org\/{rel}","templated":true}]}}