{"id":237880,"date":"2025-07-09T15:18:14","date_gmt":"2025-07-09T15:18:14","guid":{"rendered":"https:\/\/www.europesays.com\/fr\/237880\/"},"modified":"2025-07-09T15:18:14","modified_gmt":"2025-07-09T15:18:14","slug":"en-direct-incendies-dans-le-sud-de-la-france-le-feu-a-marseille-est-fixe-annonce-la-prefecture","status":"publish","type":"post","link":"https:\/\/www.europesays.com\/fr\/237880\/","title":{"rendered":"EN DIRECT &#8211; Incendies dans le sud de la France : le feu \u00e0 Marseille est fix\u00e9, annonce la pr\u00e9fecture"},"content":{"rendered":"<p>                Une flotte a\u00e9rienne vieillissante contre les incendies<\/p>\n<p>Dans un rapport d&rsquo;information d\u00e9pos\u00e9 d\u00e9but juillet et pr\u00e9sent\u00e9 par les d\u00e9put\u00e9s Damien Maudet (LFI) et Sophie Pantel (PS), est point\u00e9 du doigt l&rsquo;\u00e2ge des appareils.<\/p>\n<p>\u00ab\u00a0La situation la plus critique est celle des Canadair, dont la moyenne d&rsquo;\u00e2ge est aujourd&rsquo;hui de 30 ans\u00a0\u00bb, \u00e9crivent-ils, pr\u00e9cisant qu&rsquo;une op\u00e9ration de renouvellement d&rsquo;une partie d&rsquo;entre eux est en cours.&#13; La moyenne d&rsquo;\u00e2ge des Beechcraft, 45 ans, \u00ab\u00a0rend n\u00e9cessaire\u00a0\u00bb leur \u00ab\u00a0remplacement rapide\u00a0\u00bb, ajoute le rapport.<\/p>\n<p><strong>Les deux plus anciens Dash ont une moyenne d&rsquo;\u00e2ge de 20 ans, <\/strong>entre deux et six ans pour les six autres. Si ces appareils sont \u00ab\u00a0particuli\u00e8rement adapt\u00e9s\u00a0\u00bb pour attaquer les feux naissants, ils doivent se recharger au sol, limitant \u00ab\u00a0leur emploi tactique sur certains feux\u00a0\u00bb, note le texte.&#13;&#13;<br \/>\u00ab\u00a0On a, il y a deux ans, command\u00e9 deux nouveaux Canadair et je souhaite qu&rsquo;on puisse en commander deux nouveaux\u00a0\u00bb, a annonc\u00e9 mardi le ministre de l&rsquo;Int\u00e9rieur Bruno Retailleau, en d\u00e9placement \u00e0 Marseille.<\/p>\n<p>    Partager<\/p>\n","protected":false},"excerpt":{"rendered":"Une flotte a\u00e9rienne vieillissante contre les incendies Dans un rapport d&rsquo;information d\u00e9pos\u00e9 d\u00e9but juillet et pr\u00e9sent\u00e9 par les&hellip;\n","protected":false},"author":2,"featured_media":237881,"comment_status":"","ping_status":"","sticky":false,"template":"","format":"standard","meta":{"footnotes":""},"categories":[2],"tags":[11,107,1011,27,7089,1310,884,35514,12,1311,25],"class_list":{"0":"post-237880","1":"post","2":"type-post","3":"status-publish","4":"format-standard","5":"has-post-thumbnail","7":"category-actualites","8":"tag-actualites","9":"tag-fil-info","10":"tag-fr","11":"tag-france","12":"tag-herault","13":"tag-incendie","14":"tag-marseille","15":"tag-narbonne","16":"tag-news","17":"tag-pompiers","18":"tag-republique-francaise"},"share_on_mastodon":{"url":"https:\/\/pubeurope.com\/@fr\/114823948446961988","error":""},"_links":{"self":[{"href":"https:\/\/www.europesays.com\/fr\/wp-json\/wp\/v2\/posts\/237880","targetHints":{"allow":["GET"]}}],"collection":[{"href":"https:\/\/www.europesays.com\/fr\/wp-json\/wp\/v2\/posts"}],"about":[{"href":"https:\/\/www.europesays.com\/fr\/wp-json\/wp\/v2\/types\/post"}],"author":[{"embeddable":true,"href":"https:\/\/www.europesays.com\/fr\/wp-json\/wp\/v2\/users\/2"}],"replies":[{"embeddable":true,"href":"https:\/\/www.europesays.com\/fr\/wp-json\/wp\/v2\/comments?post=237880"}],"version-history":[{"count":0,"href":"https:\/\/www.europesays.com\/fr\/wp-json\/wp\/v2\/posts\/237880\/revisions"}],"wp:featuredmedia":[{"embeddable":true,"href":"https:\/\/www.europesays.com\/fr\/wp-json\/wp\/v2\/media\/237881"}],"wp:attachment":[{"href":"https:\/\/www.europesays.com\/fr\/wp-json\/wp\/v2\/media?parent=237880"}],"wp:term":[{"taxonomy":"category","embeddable":true,"href":"https:\/\/www.europesays.com\/fr\/wp-json\/wp\/v2\/categories?post=237880"},{"taxonomy":"post_tag","embeddable":true,"href":"https:\/\/www.europesays.com\/fr\/wp-json\/wp\/v2\/tags?post=237880"}],"curies":[{"name":"wp","href":"https:\/\/api.w.org\/{rel}","templated":true}]}}