{"id":237886,"date":"2025-07-09T15:21:15","date_gmt":"2025-07-09T15:21:15","guid":{"rendered":"https:\/\/www.europesays.com\/fr\/237886\/"},"modified":"2025-07-09T15:21:15","modified_gmt":"2025-07-09T15:21:15","slug":"scottie-scheffler-pas-interesse-pour-marcher-sur-les-traces-de-rory-mcilroy","status":"publish","type":"post","link":"https:\/\/www.europesays.com\/fr\/237886\/","title":{"rendered":"Scottie Scheffler pas int\u00e9ress\u00e9 pour marcher sur les traces de Rory McIlroy&#8230;"},"content":{"rendered":"<p>\t\t\t\t\t\t<img width=\"770\" height=\"557\" src=\"https:\/\/www.europesays.com\/fr\/wp-content\/uploads\/2025\/07\/scottie-scheffler-genesis-scottish-open-2025-770x557.jpg\" class=\"img-responsive wp-post-image\" alt=\"Scottie Scheffler Photo by Warren Little \/ GETTY IMAGES EUROPE \/ Getty Images via AFP\" decoding=\"async\" fetchpriority=\"high\"  \/>\t\t\t\t\t<\/p>\n<p>\t\t\t\t\t\t Partager cet article <\/p>\n<p class=\"screen-reader-text juiz_sps_maybe_hidden_text\">Partager la publication \u00ab\u00a0Scottie Scheffler pas int\u00e9ress\u00e9 pour marcher sur les traces de Rory McIlroy\u2026\u00a0\u00bb<\/p>\n<p><strong>Alors que le vainqueur du Masters Rory McIlroy a r\u00e9cemment confirm\u00e9 sa venue en Inde au mois d\u2019octobre o\u00f9 il sera la t\u00eate d\u2019affiche du DP World India Championship, et son intention de disputer son premier Open d\u2019Australie depuis 2014, Scottie Scheffler n\u2019est clairement pas dispos\u00e9 \u00e0 assumer un r\u00f4le d\u2019ambassadeur du golf mondial.<\/strong><\/p>\n<p>\u00a0<\/p>\n<p>Le num\u00e9ro 1 mondial, pr\u00e9sent les deux prochaines semaines sur les Iles Britanniques pour encha\u00eener <strong>Open d\u2019Ecosse<\/strong> et <strong>The Open Championship<\/strong>, n\u2019a pas pr\u00e9vu de se produire aux 4 coins du globe comme les autres stars du jeu sollicit\u00e9s pour participer \u00e0 l\u2019exposition et \u00e0 l\u2019expansion du golf.<\/p>\n<blockquote><p>\nAvec notre calendrier sur le circuit am\u00e9ricain, ce qui compte le plus pour moi, c\u2019est le temps pass\u00e9 chez moi.\n<\/p><\/blockquote>\n<p>La raison invoqu\u00e9e par Scottie Scheffler ?<\/p>\n<p>Son d\u00e9sir de privil\u00e9gier le temps pass\u00e9 \u00e0 la maison avec son \u00e9pouse Meredith et leur jeune fils Bennett comme il l\u2019a expliqu\u00e9 en amont du Scottish Open lors de sa conf\u00e9rence de presse au Renaissance Club.<\/p>\n<p>\t\t\t\t\t<a id=\"178042\" href=\"https:\/\/leclub-golf.com\/fr\/actualites\/team-sud-ouest-vs-team-sud-est-le-duel-de-lete?utm_source=golf+planete&amp;utm_medium=referral&amp;utm_campaign=team+sud&amp;utm_id=team+sud_golf+planete_referral_banner\" target=\"_blank\" rel=\"sponsorised nofollow noopener\"><img decoding=\"async\" src=\"data:image\/svg+xml,%3Csvg%20xmlns=\" http:=\"\" class=\"img-responsive\" alt=\"\" data-lazy-src=\"https:\/\/www.europesays.com\/fr\/wp-content\/uploads\/2025\/07\/leclubgolf-e08-duel-teams-1170x275-1.png\"\/><\/a><\/p>\n<p>\u00ab Je n\u2019ai pas vraiment jou\u00e9 beaucoup \u00e0 l\u2019international , a-t-il reconnu, je viens toujours ici pour disputer ce tournoi et The Open Championship. Je n\u2019ai pas encore jou\u00e9 en Asie ou en Australie en tant que professionnel.\u00bb\u00a0<\/p>\n<p>Et \u00e0 l\u2019avenir il n\u2019a pas pr\u00e9vu pas d\u2019\u00e9largir davantage son calendrier hors des \u00c9tats-Unis.<\/p>\n<p>\u00ab Avec notre calendrier sur le circuit am\u00e9ricain, ce qui compte le plus pour moi, c\u2019est le temps pass\u00e9 chez moi. Ce serait formidable d\u2019avoir un calendrier international, mais pour l\u2019instant, nous jouons la plupart de nos tournois aux \u00c9tats-Unis, et je viens ici pour ces quelques semaines.\u00bb\u00a0<\/p>\n<p>\u00a0<\/p>\n<p>La Famille avant le golf<\/p>\n<p>L\u2019importance que Scheffler accorde \u00e0 sa famille, pr\u00e9sente cette semaine \u00e0 ses c\u00f4t\u00e9s dans l\u2019East Lothian, ne lui a pas donn\u00e9 l\u2019occasion de d\u00e9couvrir les autres superbes parcours de <a href=\"https:\/\/www.golfplanete.com\/le-fil-golf-planete\/de-dundonald-a-prestwick-7-bonnes-raisons-de-vous-rendre-dans-layrshire-en-ecosse\/\" rel=\"nofollow noopener\" target=\"_blank\">la \u00ab Golf Coast \u00bb \u00e9cossaise.<\/a><\/p>\n<p>\t\t\t\t\t<a id=\"178471\" href=\"https:\/\/golfplus.fr\/soldes-c559\" target=\"_blank\" rel=\"sponsorised nofollow noopener\"><img decoding=\"async\" src=\"data:image\/svg+xml,%3Csvg%20xmlns=\" http:=\"\" class=\"img-responsive\" alt=\"\" data-lazy-src=\"https:\/\/www.europesays.com\/fr\/wp-content\/uploads\/2025\/07\/golfplus-e18-soldes-2e-demarque-1170x275-1.jpg\"\/><\/a><\/p>\n<p>\u00ab Quand vous \u00eates ici pour une semaine de tournoi, nous manquons de temps \u00bb, a-t-il expliqu\u00e9. \u00ab Justin Thomas et moi voulions aller jouer \u00e0 North Berwick lundi parce que je n\u2019y avais encore jamais jou\u00e9. Mais apr\u00e8s un voyage de nuit, votre corps ne se sent pas comme apr\u00e8s un vol de deux ou trois heures, s\u2019est justifi\u00e9 le Texan. C\u2019est d\u00e9j\u00e0 dur pour moi d\u2019aller au lit, \u00e7a va \u00eatre encore plus compliqu\u00e9 avec un enfant d\u2019un an.\u00bb\u00a0<\/p>\n<p>\u00a0<\/p>\n<p>Scheffler, qui avait jou\u00e9 Turnberry l\u2019an dernier pour pr\u00e9parer The Open \u00e0 Troon, se rend maintenant en Irlande du Nord, plus pr\u00e9cis\u00e9ment au Royal Portrush pour sa cinqui\u00e8me tentative dans le plus ancien des tournois majeurs.<\/p>\n<p>\u00ab Je n\u2019ai pas le plaisir de voyager chaque semaine avec ma famille. Donc quand j\u2019ai du temps libre entre les tournois, jouer d\u2019autres parties de golf, ce n\u2019est pas ma priorit\u00e9. J\u2019esp\u00e8re, des moments plus tard dans ma carri\u00e8re o\u00f9 j\u2019aurai un peu plus de libert\u00e9. Mais si ma femme et mon fils sont l\u00e0, je pr\u00e9f\u00e8re passer du temps avec eux. \u00bb<\/p>\n<p>\u00a0<\/p>\n","protected":false},"excerpt":{"rendered":"Partager cet article Partager la publication \u00ab\u00a0Scottie Scheffler pas int\u00e9ress\u00e9 pour marcher sur les traces de Rory McIlroy\u2026\u00a0\u00bb&hellip;\n","protected":false},"author":2,"featured_media":237887,"comment_status":"","ping_status":"","sticky":false,"template":"","format":"standard","meta":{"footnotes":""},"categories":[1418],"tags":[1011,27,1472,60],"class_list":{"0":"post-237886","1":"post","2":"type-post","3":"status-publish","4":"format-standard","5":"has-post-thumbnail","7":"category-golf","8":"tag-fr","9":"tag-france","10":"tag-golf","11":"tag-sports"},"share_on_mastodon":{"url":"https:\/\/pubeurope.com\/@fr\/114823960386081378","error":""},"_links":{"self":[{"href":"https:\/\/www.europesays.com\/fr\/wp-json\/wp\/v2\/posts\/237886","targetHints":{"allow":["GET"]}}],"collection":[{"href":"https:\/\/www.europesays.com\/fr\/wp-json\/wp\/v2\/posts"}],"about":[{"href":"https:\/\/www.europesays.com\/fr\/wp-json\/wp\/v2\/types\/post"}],"author":[{"embeddable":true,"href":"https:\/\/www.europesays.com\/fr\/wp-json\/wp\/v2\/users\/2"}],"replies":[{"embeddable":true,"href":"https:\/\/www.europesays.com\/fr\/wp-json\/wp\/v2\/comments?post=237886"}],"version-history":[{"count":0,"href":"https:\/\/www.europesays.com\/fr\/wp-json\/wp\/v2\/posts\/237886\/revisions"}],"wp:featuredmedia":[{"embeddable":true,"href":"https:\/\/www.europesays.com\/fr\/wp-json\/wp\/v2\/media\/237887"}],"wp:attachment":[{"href":"https:\/\/www.europesays.com\/fr\/wp-json\/wp\/v2\/media?parent=237886"}],"wp:term":[{"taxonomy":"category","embeddable":true,"href":"https:\/\/www.europesays.com\/fr\/wp-json\/wp\/v2\/categories?post=237886"},{"taxonomy":"post_tag","embeddable":true,"href":"https:\/\/www.europesays.com\/fr\/wp-json\/wp\/v2\/tags?post=237886"}],"curies":[{"name":"wp","href":"https:\/\/api.w.org\/{rel}","templated":true}]}}