{"id":237888,"date":"2025-07-09T15:23:13","date_gmt":"2025-07-09T15:23:13","guid":{"rendered":"https:\/\/www.europesays.com\/fr\/237888\/"},"modified":"2025-07-09T15:23:13","modified_gmt":"2025-07-09T15:23:13","slug":"deux-anciens-joueurs-des-all-blacks-ont-assiste-a-lentrainement-du-xv-de-france","status":"publish","type":"post","link":"https:\/\/www.europesays.com\/fr\/237888\/","title":{"rendered":"Deux anciens joueurs des All-Blacks ont assist\u00e9 \u00e0 l&rsquo;entrainement du XV de France !"},"content":{"rendered":"<p>Le XV de France a re\u00e7u la visite surprise de deux visages bien connus du rugby n\u00e9o-z\u00e9landais ce mercredi \u00e0 Wellington, \u00e0 l\u2019occasion de son entra\u00eenement avant le deuxi\u00e8me test face aux All Blacks.<\/p>\n<p>Comme le r\u00e9v\u00e8le <a href=\"https:\/\/www.rugbyrama.fr\/2025\/07\/09\/tournee-du-xv-de-france-en-nouvelle-zelande-ce-que-vous-avez-manque-cette-nuit-en-nouvelle-zelande-12815178.php\" rel=\"nofollow noopener\" target=\"_blank\">Midi Olympique<\/a>, deux anciens joueurs embl\u00e9matiques des All-Blacks ont assist\u00e9 \u00e0 l\u2019entrainement du jour.<\/p>\n<p>Neemia Tialata, ancien pilier des All Blacks, a profit\u00e9 de l\u2019occasion pour \u00e9changer longuement avec Ga\u00ebl Fickou, son ancien co\u00e9quipier au Stade Toulousain. Les retrouvailles entre les deux hommes ont donn\u00e9 lieu \u00e0 des \u00e9changes chaleureux au bord du terrain.<\/p>\n<p>Autre invit\u00e9 de marque : Lifeimi Mafi, ancien centre n\u00e9o-z\u00e9landais, qui a crois\u00e9 Patrick Arlettaz avec lequel il a partag\u00e9 plusieurs saisons \u00e0 Perpignan. La complicit\u00e9 entre les deux hommes ne s\u2019est pas d\u00e9mentie, entre sourires et souvenirs partag\u00e9s.<\/p>\n<p>Une parenth\u00e8se conviviale dans une semaine plac\u00e9e sous haute intensit\u00e9 avant le choc \u00e0 venir \u00e0 Wellington.<\/p>\n","protected":false},"excerpt":{"rendered":"Le XV de France a re\u00e7u la visite surprise de deux visages bien connus du rugby n\u00e9o-z\u00e9landais ce&hellip;\n","protected":false},"author":2,"featured_media":233120,"comment_status":"","ping_status":"","sticky":false,"template":"","format":"standard","meta":{"footnotes":""},"categories":[1416],"tags":[1011,27,479,1468,60],"class_list":{"0":"post-237888","1":"post","2":"type-post","3":"status-publish","4":"format-standard","5":"has-post-thumbnail","7":"category-rugby","8":"tag-fr","9":"tag-france","10":"tag-rugby","11":"tag-rugby-football","12":"tag-sports"},"share_on_mastodon":{"url":"https:\/\/pubeurope.com\/@fr\/114823967739775488","error":""},"_links":{"self":[{"href":"https:\/\/www.europesays.com\/fr\/wp-json\/wp\/v2\/posts\/237888","targetHints":{"allow":["GET"]}}],"collection":[{"href":"https:\/\/www.europesays.com\/fr\/wp-json\/wp\/v2\/posts"}],"about":[{"href":"https:\/\/www.europesays.com\/fr\/wp-json\/wp\/v2\/types\/post"}],"author":[{"embeddable":true,"href":"https:\/\/www.europesays.com\/fr\/wp-json\/wp\/v2\/users\/2"}],"replies":[{"embeddable":true,"href":"https:\/\/www.europesays.com\/fr\/wp-json\/wp\/v2\/comments?post=237888"}],"version-history":[{"count":0,"href":"https:\/\/www.europesays.com\/fr\/wp-json\/wp\/v2\/posts\/237888\/revisions"}],"wp:featuredmedia":[{"embeddable":true,"href":"https:\/\/www.europesays.com\/fr\/wp-json\/wp\/v2\/media\/233120"}],"wp:attachment":[{"href":"https:\/\/www.europesays.com\/fr\/wp-json\/wp\/v2\/media?parent=237888"}],"wp:term":[{"taxonomy":"category","embeddable":true,"href":"https:\/\/www.europesays.com\/fr\/wp-json\/wp\/v2\/categories?post=237888"},{"taxonomy":"post_tag","embeddable":true,"href":"https:\/\/www.europesays.com\/fr\/wp-json\/wp\/v2\/tags?post=237888"}],"curies":[{"name":"wp","href":"https:\/\/api.w.org\/{rel}","templated":true}]}}