{"id":237890,"date":"2025-07-09T15:26:10","date_gmt":"2025-07-09T15:26:10","guid":{"rendered":"https:\/\/www.europesays.com\/fr\/237890\/"},"modified":"2025-07-09T15:26:10","modified_gmt":"2025-07-09T15:26:10","slug":"motogp-il-y-a-25-ans-valentino-rossi-signait-son-1er-succes-en-categorie-reine","status":"publish","type":"post","link":"https:\/\/www.europesays.com\/fr\/237890\/","title":{"rendered":"MotoGP : Il y a 25 ans, Valentino Rossi signait son 1er succ\u00e8s en cat\u00e9gorie reine"},"content":{"rendered":"<p class=\"my-0\">C\u2019\u00e9tait il y a 25 ans. Le 9 juillet 2000, sur le circuit de Donington Park, <a href=\"https:\/\/www.autohebdo.fr\/actualites\/tag\/valentino-rossi\" data-internallinksmanager029f6b8e52c=\"35\" title=\"Valentino Rossi\" rel=\"nofollow noopener\" target=\"_blank\">Valentino Rossi<\/a> \u00e9crivait la premi\u00e8re page de son histoire en cat\u00e9gorie reine. Ce dimanche, qui restera \u00e0 jamais grav\u00e9 dans l\u2019histoire du <a href=\"https:\/\/www.autohebdo.fr\/actualites\/motogp\" data-internallinksmanager029f6b8e52c=\"4\" title=\"MotoGP\" rel=\"nofollow noopener\" target=\"_blank\">MotoGP<\/a>, a d\u00e9but\u00e9 sous une pluie typiquement anglaise. Le jeune Italien, alors rookie dans l\u2019\u00e9quipe d\u2019usine de Honda, s\u2019appr\u00eatait \u00e0 profiter de conditions difficiles pour signer sa toute premi\u00e8re victoire en 500cc. Un succ\u00e8s qui amorcera l\u2019un des plus beaux palmar\u00e8s de l\u2019histoire de la discipline.<\/p>\n<p class=\"my-0\">\u00c0 l\u2019heure traditionnelle des d\u00e9parts de course, l\u2019\u00e9preuve a d\u00e9but\u00e9 sur une piste d\u00e9tremp\u00e9e. Valentino Rossi, quatri\u00e8me sur la grille \u2013 \u00e0 l\u2019\u00e9poque, la premi\u00e8re ligne comptait quatre places \u2013 manque son envol\u202f: son pneu arri\u00e8re patine sur le bitume mouill\u00e9, et il se retrouve onzi\u00e8me \u00e0 la fin du premier tour. Mais l\u2019am\u00e9lioration progressive des conditions lui permet de rebondir. Au guidon d\u2019une Honda chauss\u00e9e de pneus pluie, il hausse le rythme alors que la piste s\u00e8che.<\/p>\n<p class=\"my-0\">Tour apr\u00e8s tour, Rossi remonte dans le peloton : il d\u00e9passe ainsi des grands noms de l\u2019\u00e9poque, tels que R\u00e9gis Laconi, Norifumi Abe, ou encore Takumi Aoki. Devant, Kenny Roberts Jr. m\u00e8ne la danse, et emm\u00e8ne Jeremy McWilliams et Valentino Rossi dans sa roue.<\/p>\n<p><strong>\u00c0 LIRE AUSSI &gt;\u00a0<a href=\"https:\/\/www.autohebdo.fr\/actualites\/motogp\/de-roi-du-sachsenring-au-cauchemar-de-2023-la-relation-particuliere-entre-marc-marquez-et-le-gp-dallemagne.html\" rel=\"nofollow noopener\" target=\"_blank\">De roi du Sachsenring au cauchemar de 2023 : la relation particuli\u00e8re entre Marc M\u00e1rquez et le GP d\u2019Allemagne<\/a><\/strong><\/p>\n<blockquote class=\"instagram-media\" style=\"background: #FFF; border: 0; border-radius: 3px; box-shadow: 0 0 1px 0 rgba(0,0,0,0.5),0 1px 10px 0 rgba(0,0,0,0.15); margin: 1px; max-width: 540px; min-width: 326px; padding: 0; width: calc(100% - 2px);\" data-instgrm-captioned=\"\" data-instgrm-permalink=\"https:\/\/www.instagram.com\/p\/DL4PTAVtfyW\/?utm_source=ig_embed&amp;utm_campaign=loading\" data-instgrm-version=\"14\">\n<\/blockquote>\n<p>La premi\u00e8re d\u2019une longue s\u00e9rie pour Valentino Rossi<\/p>\n<p class=\"my-0\">\u00c0 quatre tours de l\u2019arriv\u00e9e, Rossi, alors troisi\u00e8me, hausse encore le ton. Il d\u00e9passe McWilliams puis Roberts, prenant la t\u00eate de la course. Malgr\u00e9 la r\u00e9sistance de l\u2019Irlandais et la pression du futur champion du monde Kenny Roberts Jr., le n\u00b046 tient bon, g\u00e9rant \u00e0 la perfection ses pneus pluie sur une piste de plus en plus s\u00e8che.<\/p>\n<p class=\"my-0\">Dans le dernier tour, il creuse un l\u00e9ger \u00e9cart et franchit la ligne d\u2019arriv\u00e9e avec quatre dixi\u00e8mes d\u2019avance sur Roberts : il inscrit ainsi son nom au palmar\u00e8s des vainqueurs en cat\u00e9gorie reine.<\/p>\n<p class=\"my-0\">Cette victoire \u00e0 Donington Park n\u2019\u00e9tait que la premi\u00e8re d\u2019une incroyable s\u00e9rie\u202f: Rossi totalisera 89 succ\u00e8s et 7 titres mondiaux en MotoGP\/500cc, devenant l\u2019un des plus grands pilotes de l\u2019histoire.<\/p>\n<p class=\"my-0\">En 2000, il terminera vice-champion du monde derri\u00e8re Roberts, et posera les bases de ce qui deviendra la l\u00e9gende de \u00ab\u202fThe Doctor\u202f\u00bb. Vingt-cinq ans plus tard, cette premi\u00e8re victoire sous la pluie britannique reste un symbole.<\/p>\n<p><strong>\u00c0 LIRE AUSSI &gt;\u00a0<a href=\"https:\/\/www.autohebdo.fr\/actualites\/motogp\/motogp-marc-marquez-premiere-victoire.html\" rel=\"nofollow noopener\" target=\"_blank\">Il y a 15 ans, Marc Marquez devenait vainqueur en Grand Prix<\/a><\/strong><\/p>\n<p>    <script async src=\"\/\/www.instagram.com\/embed.js\"><\/script><\/p>\n","protected":false},"excerpt":{"rendered":"C\u2019\u00e9tait il y a 25 ans. Le 9 juillet 2000, sur le circuit de Donington Park, Valentino Rossi&hellip;\n","protected":false},"author":2,"featured_media":237891,"comment_status":"","ping_status":"","sticky":false,"template":"","format":"standard","meta":{"footnotes":""},"categories":[1413],"tags":[1011,27,1457,1456,60],"class_list":{"0":"post-237890","1":"post","2":"type-post","3":"status-publish","4":"format-standard","5":"has-post-thumbnail","7":"category-moto","8":"tag-fr","9":"tag-france","10":"tag-moto","11":"tag-motocycle","12":"tag-sports"},"share_on_mastodon":{"url":"https:\/\/pubeurope.com\/@fr\/114823979650684935","error":""},"_links":{"self":[{"href":"https:\/\/www.europesays.com\/fr\/wp-json\/wp\/v2\/posts\/237890","targetHints":{"allow":["GET"]}}],"collection":[{"href":"https:\/\/www.europesays.com\/fr\/wp-json\/wp\/v2\/posts"}],"about":[{"href":"https:\/\/www.europesays.com\/fr\/wp-json\/wp\/v2\/types\/post"}],"author":[{"embeddable":true,"href":"https:\/\/www.europesays.com\/fr\/wp-json\/wp\/v2\/users\/2"}],"replies":[{"embeddable":true,"href":"https:\/\/www.europesays.com\/fr\/wp-json\/wp\/v2\/comments?post=237890"}],"version-history":[{"count":0,"href":"https:\/\/www.europesays.com\/fr\/wp-json\/wp\/v2\/posts\/237890\/revisions"}],"wp:featuredmedia":[{"embeddable":true,"href":"https:\/\/www.europesays.com\/fr\/wp-json\/wp\/v2\/media\/237891"}],"wp:attachment":[{"href":"https:\/\/www.europesays.com\/fr\/wp-json\/wp\/v2\/media?parent=237890"}],"wp:term":[{"taxonomy":"category","embeddable":true,"href":"https:\/\/www.europesays.com\/fr\/wp-json\/wp\/v2\/categories?post=237890"},{"taxonomy":"post_tag","embeddable":true,"href":"https:\/\/www.europesays.com\/fr\/wp-json\/wp\/v2\/tags?post=237890"}],"curies":[{"name":"wp","href":"https:\/\/api.w.org\/{rel}","templated":true}]}}