{"id":23790,"date":"2025-04-14T06:37:12","date_gmt":"2025-04-14T06:37:12","guid":{"rendered":"https:\/\/www.europesays.com\/fr\/23790\/"},"modified":"2025-04-14T06:37:12","modified_gmt":"2025-04-14T06:37:12","slug":"un-condamne-mis-a-mort-par-peloton-dexecution-aux-etats-unis","status":"publish","type":"post","link":"https:\/\/www.europesays.com\/fr\/23790\/","title":{"rendered":"un condamn\u00e9 mis \u00e0 mort par peloton d\u2019ex\u00e9cution aux \u00c9tats-Unis"},"content":{"rendered":"<p>PEINE DE MORT &#8211; Un condamn\u00e9 \u00e0 la <a data-i13n=\"cpos:1;pos:1\" href=\"https:\/\/fr.news.yahoo.com\/au-japon-condamn%C3%A9-%C3%A0-mort-112722395.html\" data-ylk=\"slk:peine capitale;cpos:1;pos:1;elm:context_link;itc:0;sec:content-canvas;outcm:mb_qualified_link;_E:mb_qualified_link;ct:story;\" class=\"link  yahoo-link\" target=\"_blank\" rel=\"noopener\">peine capitale<\/a> dans l\u2019\u00c9tat am\u00e9ricain de Caroline du Sud (sud-est) a \u00e9t\u00e9 mis \u00e0 mort ce vendredi 11 avril par peloton d\u2019ex\u00e9cution, pour la deuxi\u00e8me fois seulement aux \u00c9tats-Unis depuis 2010.<\/p>\n<p>Mikal Mahdi, 42 ans, a \u00e9t\u00e9 ex\u00e9cut\u00e9 dans la soir\u00e9e pour le meurtre en 2004 de James Myers, un policier de 56 ans qui l\u2019avait trouv\u00e9 cach\u00e9 dans une cabane de jardin \u00e0 son domicile. Il avait \u00e9galement plaid\u00e9 coupable du meurtre d\u2019un employ\u00e9 de sup\u00e9rette trois jours auparavant.<\/p>\n<p><a data-i13n=\"cpos:2;pos:1\" href=\"https:\/\/fr.news.yahoo.com\/%C3%A9tats-unis-deux-condamn%C3%A9s-%C3%A0-174921734.html\" data-ylk=\"slk:\u00c9tats-Unis : deux condamn\u00e9s \u00e0 mort refusent d\u2019\u00e9chapper \u00e0 la peine de mort malgr\u00e9 la cl\u00e9mence de Joe Biden;cpos:2;pos:1;elm:context_link;itc:0;sec:content-canvas;outcm:mb_qualified_link;_E:mb_qualified_link;ct:story;\" class=\"link  yahoo-link\" target=\"_blank\" rel=\"noopener\"> \u00c9tats-Unis : deux condamn\u00e9s \u00e0 mort refusent d\u2019\u00e9chapper \u00e0 la peine de mort malgr\u00e9 la cl\u00e9mence de Joe Biden <\/a><\/p>\n<p>\u00ab L\u2019ex\u00e9cution a \u00e9t\u00e9 r\u00e9alis\u00e9e par un peloton d\u2019ex\u00e9cution de trois personnes \u00e0 18H01. Il a \u00e9t\u00e9 d\u00e9clar\u00e9 mort par un m\u00e9decin \u00e0 18H05 \u00bb (22H05 GMT), a pr\u00e9cis\u00e9 l\u2019administration p\u00e9nitentiaire de l\u2019\u00c9tat dans un communiqu\u00e9.<\/p>\n<p>\u00ab Ce soir, l\u2019\u00c9tat de Caroline du Sud l\u2019a mis \u00e0 mort par peloton d\u2019ex\u00e9cution, un acte effroyable dont la place est dans les plus sombres chapitres de l\u2019histoire, pas dans une soci\u00e9t\u00e9 civilis\u00e9e \u00bb, a affirm\u00e9 David Weiss, un de ses avocats, dans un communiqu\u00e9. \u00ab Son enfance lui avait \u00e9t\u00e9 vol\u00e9e par un p\u00e8re malade mental, qui l\u2019a arrach\u00e9 \u00e0 l\u2019\u00e9cole et l\u2019a \u00e9lev\u00e9 dans la parano\u00efa, la violence et la maltraitance \u00bb, a-t-il d\u00e9plor\u00e9.<\/p>\n<p>Un choix du condamn\u00e9<\/p>\n<p>Les lois de Caroline du Sud font de la chaise \u00e9lectrique le mode d\u2019ex\u00e9cution par d\u00e9faut, mais accordent au condamn\u00e9 l\u2019alternative de la mort par peloton d\u2019ex\u00e9cution ou par injection l\u00e9tale. Comme un autre condamn\u00e9 dans cet \u00c9tat, Brad Sigmon, ex\u00e9cut\u00e9 le 7 mars, Mikal Mahdi a choisi le peloton d\u2019ex\u00e9cution.<\/p>\n<p>Ses avocats avaient demand\u00e9 en vain au gouverneur r\u00e9publicain, Henry McMaster, de lui accorder sa gr\u00e2ce, ce qu\u2019il n\u2019a jamais fait depuis qu\u2019il dirige la Caroline du Sud.<\/p>\n<p>Douze ex\u00e9cutions ont eu lieu dans le pays depuis le d\u00e9but de l\u2019ann\u00e9e, huit par injection l\u00e9tale, deux par inhalation d\u2019azote, une m\u00e9thode controvers\u00e9e utilis\u00e9e pour la premi\u00e8re fois au monde par l\u2019Alabama (sud-est) en 2024, et deux par peloton d\u2019ex\u00e9cution en Caroline du Sud, utilis\u00e9e pour la derni\u00e8re fois aux Etats-Unis en 2010.<\/p>\n<p>La peine de mort a \u00e9t\u00e9 abolie dans 23 des 50 Etats am\u00e9ricains. Six autres (Arizona, Californie, Ohio, Oregon, Pennsylvanie, et Tennessee) observent un moratoire des ex\u00e9cutions sur d\u00e9cision du gouverneur.<\/p>\n<p><strong>\u00c0 voir \u00e9galement sur <\/strong><strong>Le HuffPost <\/strong>:<\/p>\n<p><a data-i13n=\"cpos:3;pos:1\" href=\"https:\/\/fr.news.yahoo.com\/l-administration-trump-ne-requerra-182350224.html\" data-ylk=\"slk:L\u2019administration Trump ne requerra pas la peine de mort uniquement contre Luigi Mangione;cpos:3;pos:1;elm:context_link;itc:0;sec:content-canvas;outcm:mb_qualified_link;_E:mb_qualified_link;ct:story;\" class=\"link  yahoo-link\" target=\"_blank\" rel=\"noopener\">L\u2019administration Trump ne requerra pas la peine de mort uniquement contre Luigi Mangione <\/a><\/p>\n<p><a data-i13n=\"cpos:4;pos:1\" href=\"https:\/\/fr.news.yahoo.com\/ex%C3%A9cutions-monde-bondi-2024-atteignent-114031047.html\" data-ylk=\"slk:Les ex\u00e9cutions dans le monde ont bondi en 2024 et atteignent un chiffre in\u00e9gal\u00e9 depuis 10 ans;cpos:4;pos:1;elm:context_link;itc:0;sec:content-canvas;outcm:mb_qualified_link;_E:mb_qualified_link;ct:story;\" class=\"link  yahoo-link\" target=\"_blank\" rel=\"noopener\">Les ex\u00e9cutions dans le monde ont bondi en 2024 et atteignent un chiffre in\u00e9gal\u00e9 depuis 10 ans <\/a><\/p>\n","protected":false},"excerpt":{"rendered":"PEINE DE MORT &#8211; Un condamn\u00e9 \u00e0 la peine capitale dans l\u2019\u00c9tat am\u00e9ricain de Caroline du Sud (sud-est)&hellip;\n","protected":false},"author":2,"featured_media":23791,"comment_status":"","ping_status":"","sticky":false,"template":"","format":"standard","meta":{"footnotes":""},"categories":[5],"tags":[11,8650,8652,73,1011,27,8651,14,12,8649,28],"class_list":{"0":"post-23790","1":"post","2":"type-post","3":"status-publish","4":"format-standard","5":"has-post-thumbnail","7":"category-international","8":"tag-actualites","9":"tag-caroline-du-sud","10":"tag-condamne","11":"tag-etats-unis","12":"tag-fr","13":"tag-france","14":"tag-injection-letale","15":"tag-international","16":"tag-news","17":"tag-peloton-dexecution","18":"tag-world"},"share_on_mastodon":{"url":"https:\/\/pubeurope.com\/@fr\/114334940696085499","error":""},"_links":{"self":[{"href":"https:\/\/www.europesays.com\/fr\/wp-json\/wp\/v2\/posts\/23790","targetHints":{"allow":["GET"]}}],"collection":[{"href":"https:\/\/www.europesays.com\/fr\/wp-json\/wp\/v2\/posts"}],"about":[{"href":"https:\/\/www.europesays.com\/fr\/wp-json\/wp\/v2\/types\/post"}],"author":[{"embeddable":true,"href":"https:\/\/www.europesays.com\/fr\/wp-json\/wp\/v2\/users\/2"}],"replies":[{"embeddable":true,"href":"https:\/\/www.europesays.com\/fr\/wp-json\/wp\/v2\/comments?post=23790"}],"version-history":[{"count":0,"href":"https:\/\/www.europesays.com\/fr\/wp-json\/wp\/v2\/posts\/23790\/revisions"}],"wp:featuredmedia":[{"embeddable":true,"href":"https:\/\/www.europesays.com\/fr\/wp-json\/wp\/v2\/media\/23791"}],"wp:attachment":[{"href":"https:\/\/www.europesays.com\/fr\/wp-json\/wp\/v2\/media?parent=23790"}],"wp:term":[{"taxonomy":"category","embeddable":true,"href":"https:\/\/www.europesays.com\/fr\/wp-json\/wp\/v2\/categories?post=23790"},{"taxonomy":"post_tag","embeddable":true,"href":"https:\/\/www.europesays.com\/fr\/wp-json\/wp\/v2\/tags?post=23790"}],"curies":[{"name":"wp","href":"https:\/\/api.w.org\/{rel}","templated":true}]}}