{"id":237902,"date":"2025-07-09T15:32:10","date_gmt":"2025-07-09T15:32:10","guid":{"rendered":"https:\/\/www.europesays.com\/fr\/237902\/"},"modified":"2025-07-09T15:32:10","modified_gmt":"2025-07-09T15:32:10","slug":"avec-sebastien-spitzer-la-sieste-une-pause-kiffee-liberation","status":"publish","type":"post","link":"https:\/\/www.europesays.com\/fr\/237902\/","title":{"rendered":"Avec S\u00e9bastien Spitzer, la sieste, une pause kiff\u00e9e \u2013 Lib\u00e9ration"},"content":{"rendered":"<p class=\"sc-ksZaOG ehjQrN text-element\">Il n\u2019est pas s\u00fbr que la sieste soit un objet ad\u00e9quat pour la philosophie, et pas davantage que les philosophes aient un lien particulier avec cette agr\u00e9able tr\u00eave, bien que certains de leurs trait\u00e9s, quand ils sont lourds et abstrus, conduisent parfois \u00e0 une suave somnolence. Puisqu\u2019elle s\u2019accompagne de sommeil \u2013 autrement elle ne serait qu\u2019une r\u00eaverie \u2013 elle inclut plus d\u2019imaginations, d\u2019impressions, de visions ou de songes que de pens\u00e9es rationnelles. Pourtant, on peut faire une histoire de la sieste, une sociologie, une g\u00e9ographie (par exemple la colonisation portugaise ne l\u2019a gu\u00e8re implant\u00e9e au Br\u00e9sil, alors que la colonisation espagnole l\u2019a diffus\u00e9e partout en Am\u00e9rique hispanophone, sp\u00e9cialement au Mexique). Chez les Latins, le jour, entre le lever et le coucher du soleil, \u00e9tait partag\u00e9 en douze heures, de dur\u00e9e variable d\u2019apr\u00e8s les saisons, \u00e0 partir de l\u2019hora prima (vers 6 heures) : l\u2019hora sexta tombait donc vers midi, l\u2019heure la plus chaude, celle qui n\u00e9cessitait une pause dans le travail (surtout \u00e0 l\u2019ext\u00e9rieur), exigeait qu\u2019on se restaure, et, durant la digestion, qu\u2019on somnole un peu. Dans les Evangiles, la sexte est associ\u00e9e \u00e0 la crucifixion du Christ \u2013 moment o\u00f9 l\u2019obscurit\u00e9, de la sixi\u00e8me \u00e0 la neuvi\u00e8me heure, recouvre la terre. Le sens religieux se retrouve aussi bien dans la liturgie (sexte est la pri\u00e8re chr\u00e9tienne de l\u2019office du milieu du jour) que dans les canons monastiques (l\u2019ordre de saint Beno\u00eet fait obligation aux moines et moni<\/p>\n","protected":false},"excerpt":{"rendered":"Il n\u2019est pas s\u00fbr que la sieste soit un objet ad\u00e9quat pour la philosophie, et pas davantage que&hellip;\n","protected":false},"author":2,"featured_media":237903,"comment_status":"","ping_status":"","sticky":false,"template":"","format":"standard","meta":{"footnotes":""},"categories":[1357],"tags":[1379,10488,58,59,1011,27,1380],"class_list":{"0":"post-237902","1":"post","2":"type-post","3":"status-publish","4":"format-standard","5":"has-post-thumbnail","7":"category-livres","8":"tag-books","9":"tag-cahier-livres","10":"tag-divertissement","11":"tag-entertainment","12":"tag-fr","13":"tag-france","14":"tag-livres"},"share_on_mastodon":{"url":"","error":""},"_links":{"self":[{"href":"https:\/\/www.europesays.com\/fr\/wp-json\/wp\/v2\/posts\/237902","targetHints":{"allow":["GET"]}}],"collection":[{"href":"https:\/\/www.europesays.com\/fr\/wp-json\/wp\/v2\/posts"}],"about":[{"href":"https:\/\/www.europesays.com\/fr\/wp-json\/wp\/v2\/types\/post"}],"author":[{"embeddable":true,"href":"https:\/\/www.europesays.com\/fr\/wp-json\/wp\/v2\/users\/2"}],"replies":[{"embeddable":true,"href":"https:\/\/www.europesays.com\/fr\/wp-json\/wp\/v2\/comments?post=237902"}],"version-history":[{"count":0,"href":"https:\/\/www.europesays.com\/fr\/wp-json\/wp\/v2\/posts\/237902\/revisions"}],"wp:featuredmedia":[{"embeddable":true,"href":"https:\/\/www.europesays.com\/fr\/wp-json\/wp\/v2\/media\/237903"}],"wp:attachment":[{"href":"https:\/\/www.europesays.com\/fr\/wp-json\/wp\/v2\/media?parent=237902"}],"wp:term":[{"taxonomy":"category","embeddable":true,"href":"https:\/\/www.europesays.com\/fr\/wp-json\/wp\/v2\/categories?post=237902"},{"taxonomy":"post_tag","embeddable":true,"href":"https:\/\/www.europesays.com\/fr\/wp-json\/wp\/v2\/tags?post=237902"}],"curies":[{"name":"wp","href":"https:\/\/api.w.org\/{rel}","templated":true}]}}