{"id":237904,"date":"2025-07-09T15:33:21","date_gmt":"2025-07-09T15:33:21","guid":{"rendered":"https:\/\/www.europesays.com\/fr\/237904\/"},"modified":"2025-07-09T15:33:21","modified_gmt":"2025-07-09T15:33:21","slug":"tf1-va-arreter-une-emission-apres-38-ans-dexistence-et-on-connait-deja-la-date-de-diffusion-du-dernier-numero","status":"publish","type":"post","link":"https:\/\/www.europesays.com\/fr\/237904\/","title":{"rendered":"TF1 va arr\u00eater une \u00e9mission apr\u00e8s 38 ans d&rsquo;existence&#8230; Et on conna\u00eet d\u00e9j\u00e0 la date de diffusion du dernier num\u00e9ro"},"content":{"rendered":"<p>Ce mercredi 9 juillet 2025 a \u00e9t\u00e9 marqu\u00e9 par l&rsquo;annonce de l&rsquo;arr\u00eat de T\u00e9l\u00e9shopping, une \u00e9mission embl\u00e9matique du matin sur TF1, apr\u00e8s quasiment quarante ans d&rsquo;antenne. T\u00e9l\u00e9-Loisirs vous r\u00e9v\u00e8le la date \u00e0 laquelle le programme dispara\u00eetra d\u00e9finitivement.<\/p>\n<p>C&rsquo;est la fin des bonnes affaires : <a href=\"https:\/\/www.programme-tv.net\/news\/tv\/109339-teleshopping-voici-le-top-5-des-objets-les-plus-vendus-depuis-30-ans\/\" data-api-deeplink=\"teleloisirs:\/\/news\/109339\" target=\"_blank\" rel=\"noopener\">T\u00e9l\u00e9shopping<\/a> tire sa r\u00e9v\u00e9rence. Lanc\u00e9 en 1987, le programme import\u00e9 des \u00c9tats-Unis par <a href=\"https:\/\/www.programme-tv.net\/biographie\/1691-bellemare-pierre\/\" data-link-people=\"0558ca4e-5415-4e98-8f2f-fd5641fc3e56\" target=\"_blank\" rel=\"noopener\">Pierre Bellemare<\/a> et Gr\u00e9gory Frank \u00e9tait l&rsquo;un des rendez-vous embl\u00e9matiques du matin sur TF1 pour de nombreux t\u00e9l\u00e9spectateurs. \u00c0 l&rsquo;antenne depuis plus de trente-huit ans, l&rsquo;\u00e9mission \u00e9tait incarn\u00e9e par <a href=\"https:\/\/www.programme-tv.net\/news\/tv\/53776-alexandre-devoise-rejoint-teleshopping-a-partir-de-la-rentree\/\" data-api-deeplink=\"teleloisirs:\/\/news\/53776\" target=\"_blank\" rel=\"noopener\">le duo Marie-Ange Nardi et Alexandre Devoise<\/a> depuis 2014. Malheureusement pour tous les fans du format, TF1 a annonc\u00e9 ce mercredi 9 juillet que le programme vivait ses derniers mois. En effet, l&rsquo;\u00e9mission cessera bient\u00f4t d&rsquo;exister&#8230;<\/p>\n<p>T\u00e9l\u00e9shopping : pourquoi l&rsquo;\u00e9mission de Marie-Ange Nardi et Alexandre Devoise va-t-elle dispara\u00eetre de TF1 ?<\/p>\n<p>Cette information a \u00e9t\u00e9 r\u00e9v\u00e9l\u00e9e par nos confr\u00e8res du <a href=\"https:\/\/www.leparisien.fr\/culture-loisirs\/tv\/bonjour-tf-1-rallonge-sa-matinale-et-recrute-anicet-mbida-et-sandrine-arcizet-09-07-2025-JDWCZRR5PJB4HMLV5DL66WHJOU.php\" target=\"_blank\" rel=\"noopener\">Parisien<\/a>. Mais pourquoi une telle d\u00e9cision de la part de la cha\u00eene ? Tout simplement parce que Bonjour ! La matinale TF1 va \u00eatre rallong\u00e9e. \u00c0 partir de la rentr\u00e9e, la matinale de TF1 anim\u00e9e par <a href=\"https:\/\/www.programme-tv.net\/biographie\/200-toussaint-bruce\/\" data-link-people=\"6aef09ef-51f3-4c47-89c7-1a6d3547ef00\" target=\"_blank\" rel=\"noopener\">Bruce Toussaint<\/a> depuis 2024 fera trente minutes de plus et sera donc diffus\u00e9e jusqu&rsquo;\u00e0 10 heures. La disparition de T\u00e9l\u00e9shopping s&rsquo;explique notamment par <b>la chute de ses audiences, passant de 124 000 fid\u00e8les en moyenne en 2020 \u00e0 tout juste 61 000 trois ans plus tard. Une diminution du chiffre d&rsquo;affaires<\/b> depuis deux saisons et estim\u00e9e entre 40 et 50 % a \u00e9galement \u00e9t\u00e9 \u00e9voqu\u00e9e. En ao\u00fbt 2023, le groupe Stars, qui produisait le format depuis trois saisons, avait \u00e9t\u00e9 mis en liquidation judiciaire, pr\u00e9cipitant ainsi la fin du programme.<\/p>\n<p>                        T\u00e9l\u00e9shopping : quand sera diffus\u00e9 le dernier num\u00e9ro de l&rsquo;\u00e9mission anim\u00e9e par Marie-Ange Nardi et Alexandre Devoise sur TF1 ?<\/p>\n<p><b>T\u00e9l\u00e9shopping<\/b><b> quittera donc d\u00e9finitivement l&rsquo;antenne de TF1 d&rsquo;ici la fin de l&rsquo;ann\u00e9e<\/b>. Et on conna\u00eet d\u00e9j\u00e0 la date puisque Marie-Ange Nardi et Alexandre Devoise animeront leur ultime num\u00e9ro le 31 d\u00e9cembre prochain. D&rsquo;abord baptis\u00e9 Le magazine de l&rsquo;objet \u00e0 son lancement, T\u00e9l\u00e9shopping \u00e9tait l&rsquo;un des plus vieilles \u00e9missions diffus\u00e9es sur TF1. \u00c0 pr\u00e9sent, la mission de la Une va \u00eatre d&rsquo;int\u00e9grer Amour, gloire et beaut\u00e9 et Les Feux de l&rsquo;amour, ses deux feuilletons cultes, dans une grille boulevers\u00e9e.<\/p>\n","protected":false},"excerpt":{"rendered":"Ce mercredi 9 juillet 2025 a \u00e9t\u00e9 marqu\u00e9 par l&rsquo;annonce de l&rsquo;arr\u00eat de T\u00e9l\u00e9shopping, une \u00e9mission embl\u00e9matique du&hellip;\n","protected":false},"author":2,"featured_media":237905,"comment_status":"","ping_status":"","sticky":false,"template":"","format":"standard","meta":{"footnotes":""},"categories":[1356],"tags":[25349,244,58,59,18287,1011,27,25348,252,199,37762,1364],"class_list":{"0":"post-237904","1":"post","2":"type-post","3":"status-publish","4":"format-standard","5":"has-post-thumbnail","7":"category-television","8":"tag-alexandre-devoise","9":"tag-commentaire","10":"tag-divertissement","11":"tag-entertainment","12":"tag-extraits","13":"tag-fr","14":"tag-france","15":"tag-marie-ange-nardi","16":"tag-television","17":"tag-tf1","18":"tag-tu00e9lu00e9shopping","19":"tag-tv"},"share_on_mastodon":{"url":"https:\/\/pubeurope.com\/@fr\/114824007188822604","error":""},"_links":{"self":[{"href":"https:\/\/www.europesays.com\/fr\/wp-json\/wp\/v2\/posts\/237904","targetHints":{"allow":["GET"]}}],"collection":[{"href":"https:\/\/www.europesays.com\/fr\/wp-json\/wp\/v2\/posts"}],"about":[{"href":"https:\/\/www.europesays.com\/fr\/wp-json\/wp\/v2\/types\/post"}],"author":[{"embeddable":true,"href":"https:\/\/www.europesays.com\/fr\/wp-json\/wp\/v2\/users\/2"}],"replies":[{"embeddable":true,"href":"https:\/\/www.europesays.com\/fr\/wp-json\/wp\/v2\/comments?post=237904"}],"version-history":[{"count":0,"href":"https:\/\/www.europesays.com\/fr\/wp-json\/wp\/v2\/posts\/237904\/revisions"}],"wp:featuredmedia":[{"embeddable":true,"href":"https:\/\/www.europesays.com\/fr\/wp-json\/wp\/v2\/media\/237905"}],"wp:attachment":[{"href":"https:\/\/www.europesays.com\/fr\/wp-json\/wp\/v2\/media?parent=237904"}],"wp:term":[{"taxonomy":"category","embeddable":true,"href":"https:\/\/www.europesays.com\/fr\/wp-json\/wp\/v2\/categories?post=237904"},{"taxonomy":"post_tag","embeddable":true,"href":"https:\/\/www.europesays.com\/fr\/wp-json\/wp\/v2\/tags?post=237904"}],"curies":[{"name":"wp","href":"https:\/\/api.w.org\/{rel}","templated":true}]}}