{"id":237910,"date":"2025-07-09T15:36:10","date_gmt":"2025-07-09T15:36:10","guid":{"rendered":"https:\/\/www.europesays.com\/fr\/237910\/"},"modified":"2025-07-09T15:36:10","modified_gmt":"2025-07-09T15:36:10","slug":"cancer-du-pancreas-3-ans-avant-le-diagnostic-le-corps-envoie-deja-ces-signaux-cles-ce-sont-souvent-des-symptomes-banalises-pleine-vie","status":"publish","type":"post","link":"https:\/\/www.europesays.com\/fr\/237910\/","title":{"rendered":"Cancer du pancr\u00e9as : 3 ans avant le diagnostic, le corps envoie d\u00e9j\u00e0 ces signaux cl\u00e9s, ce sont souvent des sympt\u00f4mes banalis\u00e9s &#8211; Pleine vie"},"content":{"rendered":"<ol>\n<li><a href=\"https:\/\/news.google.com\/rss\/articles\/CBMi-AFBVV95cUxQNW5idF9HREZUY3c4b0pPRVBxbjdkMi1QdVNwWHJLdzA0NGtKaXZmN1NLeko5Y2VweFZuZTk2aTNpcEJuYjJWdnBTRFhHUmtEVUhHQ0lub0w5aXBfUktNNzBWWUJFZGwxWXRiN0ZzN0xUaF9vcndIUld6Q3M5OUFPM1hfblRkVTdXN21GYno5NE9HczYtSWd5aVo5OUtuZ1dhMmJQb1E0d2E2VVR6VWZYYmRuV1o5WUJVMVdhWEVVczhYUlJlbDBsN0t5UjJMTUhxTW56NEkzSjBTc0g3c0QwUGlkRzBwSkpURHhCbUxZRkhIWlo0ZmVHVQ?oc=5\" target=\"_blank\" rel=\"nofollow noopener\">Cancer du pancr\u00e9as : 3 ans avant le diagnostic, le corps envoie d\u00e9j\u00e0 ces signaux cl\u00e9s, ce sont souvent des sympt\u00f4mes banalis\u00e9s<\/a>&nbsp;&nbsp;Pleine vie<\/li>\n<li><a href=\"https:\/\/news.google.com\/rss\/articles\/CBMijwFBVV95cUxNdHc0SDFDclBfdURmQzdhc29RaWJPb3FwVmZQTWxGUXhIenNDa0ZSenBvbkpxYUVXbXdReVBpeE43TGtlekF2T2thTUJoVGZTUjMwajBib3hhcVpKaTRXeW8zRXVTdi1ubXZQeGd3NHJDMXRuZE5UZ1MyaGhsYlZaYmhqUW9LelNzRElDd2RWOA?oc=5\" target=\"_blank\" rel=\"nofollow noopener\">\u00ab\u00a0Je pensais que c&rsquo;\u00e9tait un point de c\u00f4t\u00e9, en fait, il s&rsquo;agissait d&rsquo;un cancer du pancr\u00e9as\u00a0\u00bb<\/a>&nbsp;&nbsp;Yahoo<\/li>\n<li><a href=\"https:\/\/news.google.com\/rss\/articles\/CBMi_wFBVV95cUxQMFpXeTBtM0RmVzhuT2RkYXpoNjFLb1YtN2lqODBIYlJUcTdjM21aMzhFZVphQWdHV2dTMW03RU5tV1dzVF9YalJYUjdCb0lCckNRbG9LemVKU3lteHpkRDdHWi0wV0h4cXNXNjRxZDdSZWJrTk9hVWJydHNUTzgxTzdQZjQ2aTV0alg4djV3LWZpSnBTX0ZHdy1hQUxCTm1pdTBUczMwWGhRSnFWem1oaEZJNUF0UXNWTm1jV0dtSGRKWWVNdloxcGRPTEdTZVBPbnd3NVRLRHFZa3NvZlpSWVBROXc5X2I0eG5ITDJYa1QxRW1mN0pRNGFqWFJEZFE?oc=5\" target=\"_blank\" rel=\"nofollow noopener\">Cancer du pancr\u00e9as : ces 2 sympt\u00f4mes auraient d\u00fb mettre la puce \u00e0 l&rsquo;oreille de mon papa, qui a \u00e9t\u00e9 emport\u00e9 en 12 semaines seulement<\/a>&nbsp;&nbsp;Pleine vie<\/li>\n<li><a href=\"https:\/\/news.google.com\/rss\/articles\/CBMi2wFBVV95cUxPT3RYZ2p3S3BPeUE5UW5FWHZQUVFGN25NUzREYXp2Yi0zRi1wQ1M1b3ZqUkFtenJyS3Y4N0d0eU1EQUpHWW9iRTBJX1Fodm1FZ2w5bkljeDBsYVJWNTZpdlQ3WVRNcGlBY1ZLYkZPajBZTGtJYWRvQk9pa20wdU1YNGg2S2d3Qk5DWmpoWnFNXy1CdDZTdVFvc3BSbHZzeXhhU29vaXdlSlZLSkJ4SWNXVEJKS2QxNnF4SkRST0tZY0d4LWZUY0tjUmJQYjA3RURqeENIRF83Q3FzbUk?oc=5\" target=\"_blank\" rel=\"nofollow noopener\">Cancer du pancr\u00e9as : le taux de survie a-t-il progress\u00e9 en 2025 ?<\/a>&nbsp;&nbsp;Modes et travaux<\/li>\n<li><a href=\"https:\/\/news.google.com\/rss\/articles\/CBMisgFBVV95cUxPb1R3TVZBbmhmdEljZ2ZhS1JVNWUyd25TaTdTNHJzbmZiSVZMVTE3V3RlMllJUGl0Nkx6R0pGMzloYWpfU2RhMXBORjg1b0pUaHJwajE1TWVqeFo3Tmx0cEU5dW0tRm9GNC1IVUZQdTd2c29iei1uemI5dF9pOFFLckNZM0NkaWxWUzJKcDJ1M0g4YVBBR3U2SmZwNzZicldldWRpb3pWTmhETmFmZjhxNld30gG3AUFVX3lxTE5yaE1NbUlXMXRnVkxKbGtMdEd4N0t3NDczdWs2THBEZFZncFVWOVNNMWZvYXN3QlZ4MUtpTmFHajZaSzQxT3Mxd3lCYzROOFNZU3dfbVhrNThuWmN3U0N3UlByQ05YUzRWQVFlX21mNl95eW9rNGZndUEwLVFQd2hEM29FNzRzSlZOakRKM2ZXTmR0dGVOQXhFZFdkSFRkdlRQT2IzVWNMbUNXMkxjV2FET0xLdExRYw?oc=5\" target=\"_blank\" rel=\"nofollow noopener\">Cancer du pancr\u00e9as : on pourrait le d\u00e9pister plus t\u00f4t gr\u00e2ce \u00e0 nos selles<\/a>&nbsp;&nbsp;Pourquoi Docteur<\/li>\n<\/ol>\n","protected":false},"excerpt":{"rendered":"Cancer du pancr\u00e9as : 3 ans avant le diagnostic, le corps envoie d\u00e9j\u00e0 ces signaux cl\u00e9s, ce sont&hellip;\n","protected":false},"author":2,"featured_media":1445,"comment_status":"","ping_status":"","sticky":false,"template":"","format":"standard","meta":{"footnotes":""},"categories":[10],"tags":[1011,27,72,71],"class_list":{"0":"post-237910","1":"post","2":"type-post","3":"status-publish","4":"format-standard","5":"has-post-thumbnail","7":"category-sante","8":"tag-fr","9":"tag-france","10":"tag-health","11":"tag-sante"},"share_on_mastodon":{"url":"https:\/\/pubeurope.com\/@fr\/114824018942478570","error":""},"_links":{"self":[{"href":"https:\/\/www.europesays.com\/fr\/wp-json\/wp\/v2\/posts\/237910","targetHints":{"allow":["GET"]}}],"collection":[{"href":"https:\/\/www.europesays.com\/fr\/wp-json\/wp\/v2\/posts"}],"about":[{"href":"https:\/\/www.europesays.com\/fr\/wp-json\/wp\/v2\/types\/post"}],"author":[{"embeddable":true,"href":"https:\/\/www.europesays.com\/fr\/wp-json\/wp\/v2\/users\/2"}],"replies":[{"embeddable":true,"href":"https:\/\/www.europesays.com\/fr\/wp-json\/wp\/v2\/comments?post=237910"}],"version-history":[{"count":0,"href":"https:\/\/www.europesays.com\/fr\/wp-json\/wp\/v2\/posts\/237910\/revisions"}],"wp:featuredmedia":[{"embeddable":true,"href":"https:\/\/www.europesays.com\/fr\/wp-json\/wp\/v2\/media\/1445"}],"wp:attachment":[{"href":"https:\/\/www.europesays.com\/fr\/wp-json\/wp\/v2\/media?parent=237910"}],"wp:term":[{"taxonomy":"category","embeddable":true,"href":"https:\/\/www.europesays.com\/fr\/wp-json\/wp\/v2\/categories?post=237910"},{"taxonomy":"post_tag","embeddable":true,"href":"https:\/\/www.europesays.com\/fr\/wp-json\/wp\/v2\/tags?post=237910"}],"curies":[{"name":"wp","href":"https:\/\/api.w.org\/{rel}","templated":true}]}}