{"id":237913,"date":"2025-07-09T15:38:10","date_gmt":"2025-07-09T15:38:10","guid":{"rendered":"https:\/\/www.europesays.com\/fr\/237913\/"},"modified":"2025-07-09T15:38:10","modified_gmt":"2025-07-09T15:38:10","slug":"nan-goldin-secoue-la-soiree-dinauguration-des-rencontres-darles-liberation","status":"publish","type":"post","link":"https:\/\/www.europesays.com\/fr\/237913\/","title":{"rendered":"Nan Goldin secoue la soir\u00e9e d\u2019inauguration des Rencontres d\u2019Arles \u2013 Lib\u00e9ration"},"content":{"rendered":"<p class=\"sc-ksZaOG ehjQrN text-element\">\u00abIl en faut du \u00abcourage\u00bb pour m\u2019inviter \u00e0 Arles, par les temps qui courent\u00bb, a lanc\u00e9, mardi 8 juillet, Nan Goldin de sa voix caverneuse et pleine de malice \u00e0 Christoph Wiesner, directeur des Rencontres. C\u00e9l\u00e8bre pour son \u0153uvre intimiste et profonde, <a href=\"https:\/\/www.liberation.fr\/arts\/2020\/07\/03\/photo-nan-goldin-queen-de-beaute_1793274\/\" target=\"_blank\" rel=\"nofollow noopener\" title=\"https:\/\/www.liberation.fr\/arts\/2020\/07\/03\/photo-nan-goldin-queen-de-beaute_1793274\/\">la photographe culte<\/a> expose pendant le festival le \u00abSyndrome de Stendhal\u00bb \u00e0 l\u2019\u00e9glise Saint-Blaise, un diaporama plein de gr\u00e2ce o\u00f9 elle relie ses photographies avec des \u0153uvres de mus\u00e9es classiques, des peintures et des sculptures. Pour la soir\u00e9e d\u2019inauguration du festival, dans le th\u00e9\u00e2tre antique comble et f\u00e9brile, galvanis\u00e9 par sa pr\u00e9sence, elle a montr\u00e9 aussi \u00abMemory Lost\u00bb (2019-2021), un diaporama retra\u00e7ant une vie d\u2019addictions, ponctu\u00e9e d\u2019enregistrements de r\u00e9pondeurs t\u00e9l\u00e9phoniques des ann\u00e9es 80, de films super 8 et d\u2019entretiens avec ses amis. \u00abVous vous souvenez des r\u00e9pondeurs t\u00e9l\u00e9phoniques ?\u00bb lan\u00e7ait-elle \u00e0 la salle, de son timbre rauque et intense.<\/p>\n<p class=\"sc-ksZaOG ehjQrN text-element\">R\u00e9put\u00e9e pour des photographies d\u00e9crivant sa g\u00e9n\u00e9ration marqu\u00e9e par la drogue et le sida, Nan Goldin a re\u00e7u ce soir-l\u00e0 le prix Kering \u00abWomen in Motion\u00bb pour la photographie, succ\u00e9dant ainsi \u00e0 <a href=\"https:\/\/www.liberation.fr\/arts\/2018\/02\/16\/susan-meiselas-air-de-luttes_1630304\/\" target=\"_blank\" rel=\"nofollow noopener\" title=\"https:\/\/www.liberation.fr\/arts\/2018\/02\/16\/s&lt;\/p&gt;&lt;\/div&gt;&lt;\/article&gt;&lt;\/div&gt;&lt;div data-fusion-lazy-id=\" f0f8vgvlad832fw=\"\"><\/p>\n","protected":false},"excerpt":{"rendered":"\u00abIl en faut du \u00abcourage\u00bb pour m\u2019inviter \u00e0 Arles, par les temps qui courent\u00bb, a lanc\u00e9, mardi 8&hellip;\n","protected":false},"author":2,"featured_media":237914,"comment_status":"","ping_status":"","sticky":false,"template":"","format":"standard","meta":{"footnotes":""},"categories":[8],"tags":[58,59,1011,27,37764],"class_list":{"0":"post-237913","1":"post","2":"type-post","3":"status-publish","4":"format-standard","5":"has-post-thumbnail","7":"category-divertissement","8":"tag-divertissement","9":"tag-entertainment","10":"tag-fr","11":"tag-france","12":"tag-rencontres-de-la-photographie-arles"},"share_on_mastodon":{"url":"https:\/\/pubeurope.com\/@fr\/114824026733017681","error":""},"_links":{"self":[{"href":"https:\/\/www.europesays.com\/fr\/wp-json\/wp\/v2\/posts\/237913","targetHints":{"allow":["GET"]}}],"collection":[{"href":"https:\/\/www.europesays.com\/fr\/wp-json\/wp\/v2\/posts"}],"about":[{"href":"https:\/\/www.europesays.com\/fr\/wp-json\/wp\/v2\/types\/post"}],"author":[{"embeddable":true,"href":"https:\/\/www.europesays.com\/fr\/wp-json\/wp\/v2\/users\/2"}],"replies":[{"embeddable":true,"href":"https:\/\/www.europesays.com\/fr\/wp-json\/wp\/v2\/comments?post=237913"}],"version-history":[{"count":0,"href":"https:\/\/www.europesays.com\/fr\/wp-json\/wp\/v2\/posts\/237913\/revisions"}],"wp:featuredmedia":[{"embeddable":true,"href":"https:\/\/www.europesays.com\/fr\/wp-json\/wp\/v2\/media\/237914"}],"wp:attachment":[{"href":"https:\/\/www.europesays.com\/fr\/wp-json\/wp\/v2\/media?parent=237913"}],"wp:term":[{"taxonomy":"category","embeddable":true,"href":"https:\/\/www.europesays.com\/fr\/wp-json\/wp\/v2\/categories?post=237913"},{"taxonomy":"post_tag","embeddable":true,"href":"https:\/\/www.europesays.com\/fr\/wp-json\/wp\/v2\/tags?post=237913"}],"curies":[{"name":"wp","href":"https:\/\/api.w.org\/{rel}","templated":true}]}}