{"id":237931,"date":"2025-07-09T15:48:10","date_gmt":"2025-07-09T15:48:10","guid":{"rendered":"https:\/\/www.europesays.com\/fr\/237931\/"},"modified":"2025-07-09T15:48:10","modified_gmt":"2025-07-09T15:48:10","slug":"comment-ca-marche-pour-qui-pour-quels-diplomes-on-vous-dit-tout-sur-le-campus-connecte-a-la-seyne","status":"publish","type":"post","link":"https:\/\/www.europesays.com\/fr\/237931\/","title":{"rendered":"Comment \u00e7a marche? Pour qui? Pour quels dipl\u00f4mes? On vous dit tout sur le campus connect\u00e9 \u00e0 La Seyne"},"content":{"rendered":"<p><strong>Install\u00e9 depuis 2021 \u00e0 l\u2019Espace Casanova<\/strong>, place Germain-Loro, <strong>le campus connect\u00e9 de La Seyne<\/strong> est l\u2019un des quatre existants dans le Var avec ceux de <strong>Draguignan, Brignoles et Saint-Rapha\u00ebl<\/strong>. Il propose aux \u00e9tudiants une pr\u00e9paration \u00e0 tous les dipl\u00f4mes de l\u2019enseignement sup\u00e9rieur. Le site seynois accueille chaque ann\u00e9e une vingtaine d\u2019\u00e9tudiants, pour la plupart originaires de la deuxi\u00e8me ville du Var, mais aussi venus des communes alentour.\u00a0<\/p>\n<p>\u00ab\u00a0Ce dispositif s\u2018adresse \u00e0 toutes les personnes qui souhaitent suivre des \u00e9tudes sup\u00e9rieures, mais qui ne peuvent pas se d\u00e9placer loin de leur domicile pour diff\u00e9rentes raisons (travail, famille, finance, handicap, etc.). Il peut s\u2019agir aussi d\u2019\u00e9tudiants n\u2019ayant pas eu de r\u00e9ponse sur Parcoursup, ou de personnes qui veulent faire une formation pour monter en comp\u00e9tences, ou qui souhaitent entreprendre une reconversion professionnelle\u00a0\u00bb, explique <strong>Anne Pila<\/strong>, responsable coordinatrice et tutrice au Campus connect\u00e9.<\/p>\n<p>Labellis\u00e9 par le minist\u00e8re de l\u2019Enseignement sup\u00e9rieur <\/p>\n<p>Le site met \u00e0 la disposition des \u00e9tudiants des salles de cours connect\u00e9es o\u00f9 ils peuvent, \u00e0 partir d\u2019ordinateurs en acc\u00e8s libre, suivre \u00e0 distance la formation \u00e0 laquelle ils se sont inscrits aupr\u00e8s d&rsquo;une universit\u00e9 ou d&rsquo;une \u00e9cole situ\u00e9e n&rsquo;importe o\u00f9 sur le territoire national. Ils disposent aussi sur place d\u2019une imprimante et d\u2019un photocopieur.<\/p>\n<p>Dans ce lieu labellis\u00e9 par le minist\u00e8re de l\u2019Enseignement sup\u00e9rieur, on peut donc pr\u00e9parer un BTS, un DUT, une Licence, un Master, un Doctorat, un DAEU (Dipl\u00f4me universitaire d\u2019acc\u00e8s aux \u00e9tudes sup\u00e9rieures), ou encore une VAE (Validation des acquis de l\u2019exp\u00e9rience). \u00c0 l\u2019issue de la formation, le dipl\u00f4me est d\u00e9livr\u00e9 par l\u2019\u00e9tablissement dans lequel l\u2019\u00e9tudiant est inscrit.<\/p>\n<p>                                Un accompagnement personnalis\u00e9 <\/p>\n<p>\u00ab\u00a0Dans un premier temps, pr\u00e9cise Anne Pila, l\u2019\u00e9tudiant doit trouver sa formation (sachant qu\u2019on peut l\u2019y aider), puis s\u2019inscrire dans l\u2019\u00e9tablissement qui la dispense en distanciel, et enfin passer un entretien avec moi\u00a0\u00bb. La coordinatrice assure ensuite un accompagnement personnalis\u00e9: soutien dans les d\u00e9marches administratives, assistance pour planifier son travail et organiser ses cours. \u00ab\u00a0Je suis l\u00e0 pour qu\u2019ils respectent le cadre\u00a0\u00bb, indique-t-elle.<\/p>\n<p>Les \u00e9tudiants travaillent en effet selon un emploi du temps convenu \u00e0 l\u2019avance, ce qui les oblige \u00e0 \u00eatre disciplin\u00e9s, \u00e0 \u00ab\u00a0adopter des rituels\u00a0\u00bb. \u00ab\u00a0Du coup, quand ils s\u2019installent, ils ont leurs rep\u00e8res et peuvent se mettre de suite au travail de mani\u00e8re optimis\u00e9e. Ils peuvent aussi travailler en synergie avec d\u2019autres \u00e9tudiants qui ont en commun des parcours atypiques, et participer \u00e0 des ateliers pour acqu\u00e9rir une m\u00e9thodologie\u00a0\u00bb.<\/p>\n<p>Pas de limite d\u2019\u00e2ge <\/p>\n<p>L\u2019acc\u00e8s au campus est gratuit (seule l\u2019inscription \u00e0 la formation est payante), mais les \u00e9tudiants doivent s\u2019engager \u00e0 \u00eatre pr\u00e9sents en moyenne douze heures par semaine. L\u2019inscription donne droit \u00e0 la \u00ab\u00a0carte d\u2019\u00e9tudiant h\u00e9berg\u00e9\u00a0\u00bb, qui ouvre les m\u00eames droits que la carte d\u2019\u00e9tudiant classique. Il n\u2019y a pas de limite d\u2019\u00e2ge: \u00ab\u00a0On avait cette ann\u00e9e une personne de 63 ans qui souhaitait suivre une formation \u00e0 l\u2019art et \u00e0 l\u2019arch\u00e9ologie \u00e0 l\u2019universit\u00e9 de Lille en distanciel. Et qui a r\u00e9ussi son dipl\u00f4me\u00a0\u00bb.<\/p>\n<p>Du reste, les r\u00e9sultats sont tr\u00e8s satisfaisants. \u00ab\u00a0La premi\u00e8re ann\u00e9e, nous avons eu 80% de r\u00e9ussite, 69% la 2e ann\u00e9e et 80% la 3e ann\u00e9e. Cette ann\u00e9e, un seul a rat\u00e9 son examen, mais le Campus lui a tellement donn\u00e9 confiance en lui que cela lui a permis de trouver un travail m\u00eame sans son dipl\u00f4me!\u00a0\u00bb.<\/p>\n<p>Au final, estime la responsable, \u00ab\u00a0le Campus connect\u00e9 permet de rebondir, de se prendre en charge, de gagner en autonomie et en assurance, et donc de monter en comp\u00e9tences. Le dispositif peut aussi remettre le pied \u00e0 l\u2019\u00e9trier \u00e0 des personnes qui avaient des difficult\u00e9s \u00e0 avoir acc\u00e8s \u00e0 une formation. En quelque sorte, on casse le plafond de verre, en montrant \u00e0 tous que, quand on veut progresser, rien n\u2019est impossible\u00a0\u00bb.<\/p>\n<p><strong>Savoir+<\/strong><br \/>&#13;<br \/>\nCampus connect\u00e9: espace Daniel-Casanova, 10 place Germain-Loro. <br \/>&#13;<br \/>\nContact 04.94.06.94.14\/06.71.90.23.45. <br \/>&#13;<br \/>\nMail: <a href=\"https:\/\/www.varmatin.com\/education\/mailto:campusconnecte@la-seyne.fr\" target=\"_blank\" rel=\"noopener\">campusconnecte@la-seyne.fr<\/a><\/p>\n<p>            Des \u00e9tudiants ravis<\/p>\n<p>Les t\u00e9moignages des \u00e9tudiants inscrits au Campus connect\u00e9 montrent bien l\u2019int\u00e9r\u00eat du dispositif. \u00ab\u00a0Anne nous aide \u00e0 nous organiser. Tous les deux ou trois mois, on se fixe des objectifs \u00e0 atteindre, ce qui nous aide \u00e0 rester motiv\u00e9s. L\u2019organisation d\u2019ateliers tout au long de l\u2019ann\u00e9e m\u2019a aussi aid\u00e9 \u00e0 m\u2019organiser dans mon travail\u00a0\u00bb, relate une \u00e9tudiante.<\/p>\n<p>Un jeune papa explique qu\u2019il s\u2019est inscrit pour pr\u00e9parer un doctorat \u00e0 l\u2019Universit\u00e9 de Nice car il souhaitait reprendre des \u00e9tudes: \u00ab\u00a0Le Campus connect\u00e9 m\u2019a permis d\u2019organiser mon temps entre ma vie de famille et mes \u00e9tudes; cela permet de se g\u00e9rer plus facilement\u00a0\u00bb. Une maman solo t\u00e9moigne des m\u00eames motivations et ajoute: \u00ab\u00a0Ici, chacun dispose d\u2019un espace \u00e0 soi pour travailler et se concentrer alors qu\u2019\u00e0 la maison, il y a toujours quelque chose \u00e0 faire!\u00a0\u00bb<\/p>\n","protected":false},"excerpt":{"rendered":"Install\u00e9 depuis 2021 \u00e0 l\u2019Espace Casanova, place Germain-Loro, le campus connect\u00e9 de La Seyne est l\u2019un des quatre&hellip;\n","protected":false},"author":2,"featured_media":237932,"comment_status":"","ping_status":"","sticky":false,"template":"","format":"standard","meta":{"footnotes":""},"categories":[9619],"tags":[1111,11,1057,1777,674,332,1011,27,12,882,25,2310],"class_list":{"0":"post-237931","1":"post","2":"type-post","3":"status-publish","4":"format-standard","5":"has-post-thumbnail","7":"category-toulon","8":"tag-actu","9":"tag-actualites","10":"tag-education","11":"tag-eu","12":"tag-europe","13":"tag-faits-de-societe","14":"tag-fr","15":"tag-france","16":"tag-news","17":"tag-provence-alpes-cote-dazur","18":"tag-republique-francaise","19":"tag-toulon"},"share_on_mastodon":{"url":"https:\/\/pubeurope.com\/@fr\/114824066392974097","error":""},"_links":{"self":[{"href":"https:\/\/www.europesays.com\/fr\/wp-json\/wp\/v2\/posts\/237931","targetHints":{"allow":["GET"]}}],"collection":[{"href":"https:\/\/www.europesays.com\/fr\/wp-json\/wp\/v2\/posts"}],"about":[{"href":"https:\/\/www.europesays.com\/fr\/wp-json\/wp\/v2\/types\/post"}],"author":[{"embeddable":true,"href":"https:\/\/www.europesays.com\/fr\/wp-json\/wp\/v2\/users\/2"}],"replies":[{"embeddable":true,"href":"https:\/\/www.europesays.com\/fr\/wp-json\/wp\/v2\/comments?post=237931"}],"version-history":[{"count":0,"href":"https:\/\/www.europesays.com\/fr\/wp-json\/wp\/v2\/posts\/237931\/revisions"}],"wp:featuredmedia":[{"embeddable":true,"href":"https:\/\/www.europesays.com\/fr\/wp-json\/wp\/v2\/media\/237932"}],"wp:attachment":[{"href":"https:\/\/www.europesays.com\/fr\/wp-json\/wp\/v2\/media?parent=237931"}],"wp:term":[{"taxonomy":"category","embeddable":true,"href":"https:\/\/www.europesays.com\/fr\/wp-json\/wp\/v2\/categories?post=237931"},{"taxonomy":"post_tag","embeddable":true,"href":"https:\/\/www.europesays.com\/fr\/wp-json\/wp\/v2\/tags?post=237931"}],"curies":[{"name":"wp","href":"https:\/\/api.w.org\/{rel}","templated":true}]}}