{"id":237935,"date":"2025-07-09T15:50:17","date_gmt":"2025-07-09T15:50:17","guid":{"rendered":"https:\/\/www.europesays.com\/fr\/237935\/"},"modified":"2025-07-09T15:50:17","modified_gmt":"2025-07-09T15:50:17","slug":"prestation-peu-brillante-pour-la-5e-journee-du-trophee-3m-aux-arenes-du-cres","status":"publish","type":"post","link":"https:\/\/www.europesays.com\/fr\/237935\/","title":{"rendered":"prestation peu brillante pour la 5e journ\u00e9e du Troph\u00e9e 3M aux ar\u00e8nes du Cr\u00e8s"},"content":{"rendered":"<p><strong>Course du 6\u00a0juillet.\u00a0Entr\u00e9e\u00a0: Presque plein.\u00a0Organisateur\u00a0: C.T. Joujou.\u00a0Pr\u00e9sident\u00a0: Joris Alvarez.\u00a0Raseteurs droitiers\u00a0: S.\u00a0Martnez, Daniel, Giaconi.\u00a0Gauchers\u00a0:. Gibert,. Errik, Aliaga, Sola, Hassab. Tourneurs\u00a0: Sabde, Gleize, J.Daniel.<\/strong><\/p>\n<p>Tout avait bien commenc\u00e9 pour cette 5\u1d49 journ\u00e9e du Troph\u00e9e 3M, dans des ar\u00e8nes flambant neuves et rutilantes, anim\u00e9es par l\u2019excellente Pe\u00f1a Septimania. Le public a pu profiter de superbes animations\u00a0: spectacles \u00e9questres, cavali\u00e8res \u00e9l\u00e9gantes, d\u00e9monstrations de dressage en libert\u00e9, jongleuses de feu, arl\u00e9siennes, ainsi qu\u2019un moment fort avec la capellado mettant \u00e0 l\u2019honneur les anciens pr\u00e9sidents et membres du C.T. Joujou.<\/p>\n<p>Mais pour ce qui est de la course camarguaise, ce fut une tout autre histoire\u2026 La mayonnaise n\u2019a jamais pris. Les raseteurs, peu inspir\u00e9s ou mal organis\u00e9s, n\u2019ont pas su (ou pu) mettre en valeur les cocardiers. Le r\u00e9sultat fut une course terne, sans \u00e9clat, laissant le public sur sa faim.<\/p>\n<p>Palmar\u00e8s\u00a0: c\u00f4t\u00e9 cocardiers, le 3\u1d49 prix revient \u00e0 Romarin (Rouquette), le 2e \u00e0 Quincandon (Chaballier) et le premier \u00e0 Musicien (Saint-L\u00e9onard). Chez les raseuteurs Aliaga remporte la 3e place, Giaconi la 2e et Daniel la premi\u00e8re.<\/p>\n","protected":false},"excerpt":{"rendered":"Course du 6\u00a0juillet.\u00a0Entr\u00e9e\u00a0: Presque plein.\u00a0Organisateur\u00a0: C.T. Joujou.\u00a0Pr\u00e9sident\u00a0: Joris Alvarez.\u00a0Raseteurs droitiers\u00a0: S.\u00a0Martnez, Daniel, Giaconi.\u00a0Gauchers\u00a0:. Gibert,. Errik, Aliaga, Sola, Hassab.&hellip;\n","protected":false},"author":2,"featured_media":237936,"comment_status":"","ping_status":"","sticky":false,"template":"","format":"standard","meta":{"footnotes":""},"categories":[9599],"tags":[17,1111,11,37769,13912,6466,1777,674,1011,27,3465,2208,12,2680,27233,471,3032,16,25],"class_list":{"0":"post-237935","1":"post","2":"type-post","3":"status-publish","4":"format-standard","5":"has-post-thumbnail","7":"category-montpellier","8":"tag-17","9":"tag-actu","10":"tag-actualites","11":"tag-brillante","12":"tag-camarguaise","13":"tag-course","14":"tag-eu","15":"tag-europe","16":"tag-fr","17":"tag-france","18":"tag-journee","19":"tag-montpellier","20":"tag-news","21":"tag-occitanie","22":"tag-peu","23":"tag-pour","24":"tag-prestation","25":"tag-region","26":"tag-republique-francaise"},"share_on_mastodon":{"url":"https:\/\/pubeurope.com\/@fr\/114824074301538293","error":""},"_links":{"self":[{"href":"https:\/\/www.europesays.com\/fr\/wp-json\/wp\/v2\/posts\/237935","targetHints":{"allow":["GET"]}}],"collection":[{"href":"https:\/\/www.europesays.com\/fr\/wp-json\/wp\/v2\/posts"}],"about":[{"href":"https:\/\/www.europesays.com\/fr\/wp-json\/wp\/v2\/types\/post"}],"author":[{"embeddable":true,"href":"https:\/\/www.europesays.com\/fr\/wp-json\/wp\/v2\/users\/2"}],"replies":[{"embeddable":true,"href":"https:\/\/www.europesays.com\/fr\/wp-json\/wp\/v2\/comments?post=237935"}],"version-history":[{"count":0,"href":"https:\/\/www.europesays.com\/fr\/wp-json\/wp\/v2\/posts\/237935\/revisions"}],"wp:featuredmedia":[{"embeddable":true,"href":"https:\/\/www.europesays.com\/fr\/wp-json\/wp\/v2\/media\/237936"}],"wp:attachment":[{"href":"https:\/\/www.europesays.com\/fr\/wp-json\/wp\/v2\/media?parent=237935"}],"wp:term":[{"taxonomy":"category","embeddable":true,"href":"https:\/\/www.europesays.com\/fr\/wp-json\/wp\/v2\/categories?post=237935"},{"taxonomy":"post_tag","embeddable":true,"href":"https:\/\/www.europesays.com\/fr\/wp-json\/wp\/v2\/tags?post=237935"}],"curies":[{"name":"wp","href":"https:\/\/api.w.org\/{rel}","templated":true}]}}