{"id":237943,"date":"2025-07-09T15:54:11","date_gmt":"2025-07-09T15:54:11","guid":{"rendered":"https:\/\/www.europesays.com\/fr\/237943\/"},"modified":"2025-07-09T15:54:11","modified_gmt":"2025-07-09T15:54:11","slug":"quelles-solutions-pour-les-familles-cet-ete","status":"publish","type":"post","link":"https:\/\/www.europesays.com\/fr\/237943\/","title":{"rendered":"quelles solutions pour les familles cet \u00e9t\u00e9\u00a0?"},"content":{"rendered":"<p>La cloche a sonn\u00e9 une derni\u00e8re fois vendredi 5\u00a0juillet pour les petits \u00e9coliers grenoblois. Comme des milliers d\u2019autres enfants, ils ont une derni\u00e8re fois pris leurs affaires avant de profiter des cong\u00e9s d\u2019\u00e9t\u00e9. Et si, pour certains, cela sera synonyme de voyages ou d\u2019escapades plus ou moins lointaines, d\u2019autres ne quitteront pas tout \u00e0 fait l\u2019\u00e9cole.<\/p>\n<p>\u00ab\u00a0On ne veut pas que les \u00e9coles restent ouvertes cet \u00e9t\u00e9, on veut des solutions\u00a0\u00bb<\/p>\n<p>Faute de solution d\u2019h\u00e9bergement temporaire, et comme c\u2019est d\u00e9sormais le cas depuis trois ans, des familles&#8230;<\/p>\n","protected":false},"excerpt":{"rendered":"La cloche a sonn\u00e9 une derni\u00e8re fois vendredi 5\u00a0juillet pour les petits \u00e9coliers grenoblois. Comme des milliers d\u2019autres&hellip;\n","protected":false},"author":2,"featured_media":237944,"comment_status":"","ping_status":"","sticky":false,"template":"","format":"standard","meta":{"footnotes":""},"categories":[9566],"tags":[1111,11,2430,112,1057,1777,674,1011,27,2731,2732,108,1908,12,316,25,801,104],"class_list":{"0":"post-237943","1":"post","2":"type-post","3":"status-publish","4":"format-standard","5":"has-post-thumbnail","7":"category-grenoble","8":"tag-actu","9":"tag-actualites","10":"tag-auvergne-rhone-alpes","11":"tag-edition-grenoble-agglomeration","12":"tag-education","13":"tag-eu","14":"tag-europe","15":"tag-fr","16":"tag-france","17":"tag-grenoble","18":"tag-grenoble-bassin","19":"tag-isere","20":"tag-logement","21":"tag-news","22":"tag-politique","23":"tag-republique-francaise","24":"tag-social","25":"tag-societe"},"share_on_mastodon":{"url":"https:\/\/pubeurope.com\/@fr\/114824089996732641","error":""},"_links":{"self":[{"href":"https:\/\/www.europesays.com\/fr\/wp-json\/wp\/v2\/posts\/237943","targetHints":{"allow":["GET"]}}],"collection":[{"href":"https:\/\/www.europesays.com\/fr\/wp-json\/wp\/v2\/posts"}],"about":[{"href":"https:\/\/www.europesays.com\/fr\/wp-json\/wp\/v2\/types\/post"}],"author":[{"embeddable":true,"href":"https:\/\/www.europesays.com\/fr\/wp-json\/wp\/v2\/users\/2"}],"replies":[{"embeddable":true,"href":"https:\/\/www.europesays.com\/fr\/wp-json\/wp\/v2\/comments?post=237943"}],"version-history":[{"count":0,"href":"https:\/\/www.europesays.com\/fr\/wp-json\/wp\/v2\/posts\/237943\/revisions"}],"wp:featuredmedia":[{"embeddable":true,"href":"https:\/\/www.europesays.com\/fr\/wp-json\/wp\/v2\/media\/237944"}],"wp:attachment":[{"href":"https:\/\/www.europesays.com\/fr\/wp-json\/wp\/v2\/media?parent=237943"}],"wp:term":[{"taxonomy":"category","embeddable":true,"href":"https:\/\/www.europesays.com\/fr\/wp-json\/wp\/v2\/categories?post=237943"},{"taxonomy":"post_tag","embeddable":true,"href":"https:\/\/www.europesays.com\/fr\/wp-json\/wp\/v2\/tags?post=237943"}],"curies":[{"name":"wp","href":"https:\/\/api.w.org\/{rel}","templated":true}]}}