{"id":237951,"date":"2025-07-09T15:58:10","date_gmt":"2025-07-09T15:58:10","guid":{"rendered":"https:\/\/www.europesays.com\/fr\/237951\/"},"modified":"2025-07-09T15:58:10","modified_gmt":"2025-07-09T15:58:10","slug":"velicious-restaurant-100-vegan-va-rouvrir-a-strasbourg-grace-au-succes-de-sa-cagnotte","status":"publish","type":"post","link":"https:\/\/www.europesays.com\/fr\/237951\/","title":{"rendered":"V\u00e9licious, restaurant 100 % vegan, va rouvrir \u00e0 Strasbourg gr\u00e2ce au succ\u00e8s\u00a0de sa cagnotte"},"content":{"rendered":"<p>            Par<br \/>\n        <strong><br \/>\n            <a href=\"https:\/\/actu.fr\/auteur\/olivia-kouassi\" title=\"Consulter tous les articles de Olivia Kouassi\" target=\"_blank\" rel=\"noopener\">Olivia Kouassi<\/a><br \/>\n        <\/strong><\/p>\n<p>        Publi\u00e9 le<\/p>\n<p>            9 juil. 2025 \u00e0 17h37        <\/p>\n<p>Objectif atteint pour l\u2019\u00e9quipe de l\u2019historique restaurant<strong> 100\u2009% vegan<\/strong> V\u00e9licious, un des premiers commerces du genre en France ouvert en 2014. Apr\u00e8s avoir d\u00fb \u00ab\u2009injustement\u2009\u00bb fermer ses portes en juillet 2024, \u00e0 la suite d\u2019une rupture de bail contest\u00e9e, <strong>la p\u00e2tisserie v\u00e9g\u00e9tale strasbourgeoise <\/strong>avait lanc\u00e9<strong> un appel aux dons pour relancer son activit\u00e9<\/strong>.<\/p>\n<p class=\" wall-content\">Une\u00a0<strong>campagne de financement participatif<\/strong>\u00a0sur la <a href=\"https:\/\/bluebees.fr\/fr\/project\/1371\/\" target=\"_blank\" rel=\"noopener\">plateforme Blue Bees <\/a>pour couvrir les besoins de base\u2009(mat\u00e9riel, ingr\u00e9dients, d\u00e9p\u00f4t de garantie) a ainsi \u00e9t\u00e9 lanc\u00e9e en mai 2025 et a remport\u00e9 un franc succ\u00e8s. \u00ab\u2009Je ne pensais pas que \u00e7a allait marcher, 50\u2009000 euros, c\u2019est une somme \u00e9norme\u2009\u00bb, d\u00e9taille C\u00e9dric Mincato un des fondateurs.<\/p>\n<p>Objectif de r\u00e9ouverture avant fin 2025<\/p>\n<p class=\" wall-content\">Ce sont en tout <strong>536 contributeurs<\/strong> qui ont permis au restaurant de r\u00e9colter en un mois plus de<strong> 51\u2009000\u00a0euros.<\/strong> Un contributeur anonyme, ancien client, a m\u00eame fait un don de 4\u2009000 euros, sorte de \u00ab\u2009pr\u00e9vente\u2009\u00bb qui lui permettra de venir manger durant quelque temps apr\u00e8s la r\u00e9ouverture de cette institution.<\/p>\n<p>    <a href=\"https:\/\/www.facebook.com\/plugins\/post.php?href=https%3A%2F%2Fwww.facebook.com%2Fvelicious.stras%2Fposts%2F1130051152490380&amp;show_text=true&amp;width=350\" title=\"Ouvrie le lien\" target=\"_blank\" rel=\"noopener\">Cliquez ici pour visualiser le contenu<\/a><\/p>\n<p class=\" wall-content\">\u00ab\u2009Nous sommes la <strong>deuxi\u00e8me plus grosse campagne<\/strong> de la plateforme de crowdfunding BlueBees, la premi\u00e8re avait \u00e9t\u00e9 une cagnotte lanc\u00e9e durant le Covid pour pr\u00e9parer des repas aux infirmi\u00e8res, c\u2019est une fiert\u00e9\u2009\u00bb, se f\u00e9licite C\u00e9dric Mincato qui se dit <strong>\u00ab\u2009extr\u00eamement reconnaissant\u2009\u00bb<\/strong> face au succ\u00e8s de l\u2019appel \u00e0 solidarit\u00e9.<\/p>\n<p>Vid\u00e9os : en ce moment sur Actu<br \/>\n    <img   decoding=\"async\" loading=\"lazy\" src=\"https:\/\/www.europesays.com\/fr\/wp-content\/uploads\/2025\/07\/517579973-1410366796875727-5871382722942448994-n-960x640.jpg\" alt=\"V\u00e9licious va se transformer et rouvrira d'ici la fin d'ann\u00e9e mais sous la forme d'une p\u00e2tisserie\/salon de th\u00e9.\" width=\"960\" height=\"640\"\/><br \/>\n    V\u00e9licious va se transformer et rouvrira d\u2019ici la fin d\u2019ann\u00e9e, mais sous la forme d\u2019une p\u00e2tisserie\/salon de th\u00e9. (\u00a9DR \/ V\u00e9licious)Quelques changements par rapport \u00e0 l\u2019ancienne version<\/p>\n<p class=\" wall-content\">Pour ce nouveau projet, quelques changements ont \u00e9t\u00e9 imagin\u00e9s. V\u00e9licious rouvrira, mais sous la forme d\u2019une <strong>p\u00e2tisserie\/salon de th\u00e9 100\u2009% v\u00e9g\u00e9tal<\/strong>. Elena, C\u00e9dric, couple franco-allemand accompagn\u00e9 des deux p\u00e2tissi\u00e8res historiques, Lydiane et Aur\u00e9lie, devraient donc proposer au plus t\u00f4t d\u2019ici \u00e0 la fin de l\u2019ann\u00e9e leurs cr\u00e9ations sucr\u00e9es, mais aussi des cours de p\u00e2tisserie dans un nouveau local.<\/p>\n<p class=\" wall-content\">Une partie \u00ab<strong>\u2009snacking<\/strong>\u2009\u00bb avec des sandwichs, des soupes ou encore des plats du jour sont aussi pr\u00e9vus dans ce restaurant V\u00e9licious 2.0 qui proposera aussi un service traiteur pour professionnels et particuliers.<\/p>\n<p class=\" wall-content\">Suivez toute l\u2019actualit\u00e9 de vos villes et m\u00e9dias favoris en vous inscrivant \u00e0 <a href=\"https:\/\/moncompte.actu.fr\" title=\"D\u00e9couvez Mon Actu\" rel=\"nofollow noopener\" data-trk=\"{&quot;cta&quot;:{&quot;action&quot;:&quot;https:\\\/\\\/moncompte.actu.fr&quot;,&quot;category&quot;:&quot;mon compte&quot;,&quot;from&quot;:&quot;article footer&quot;,&quot;name&quot;:&quot;Mon actu&quot;,&quot;type&quot;:&quot;cta&quot;}}\" target=\"_blank\">Mon Actu<\/a>.<\/p>\n","protected":false},"excerpt":{"rendered":"Par Olivia Kouassi Publi\u00e9 le 9 juil. 2025 \u00e0 17h37 Objectif atteint pour l\u2019\u00e9quipe de l\u2019historique restaurant 100\u2009%&hellip;\n","protected":false},"author":2,"featured_media":237952,"comment_status":"","ping_status":"","sticky":false,"template":"","format":"standard","meta":{"footnotes":""},"categories":[2820],"tags":[1111,11,1777,674,1011,27,775,12,25,1340,104,640,12367],"class_list":{"0":"post-237951","1":"post","2":"type-post","3":"status-publish","4":"format-standard","5":"has-post-thumbnail","7":"category-strasbourg","8":"tag-actu","9":"tag-actualites","10":"tag-eu","11":"tag-europe","12":"tag-fr","13":"tag-france","14":"tag-grand-est","15":"tag-news","16":"tag-republique-francaise","17":"tag-restaurant","18":"tag-societe","19":"tag-strasbourg","20":"tag-vegan"},"share_on_mastodon":{"url":"https:\/\/pubeurope.com\/@fr\/114824105956417734","error":""},"_links":{"self":[{"href":"https:\/\/www.europesays.com\/fr\/wp-json\/wp\/v2\/posts\/237951","targetHints":{"allow":["GET"]}}],"collection":[{"href":"https:\/\/www.europesays.com\/fr\/wp-json\/wp\/v2\/posts"}],"about":[{"href":"https:\/\/www.europesays.com\/fr\/wp-json\/wp\/v2\/types\/post"}],"author":[{"embeddable":true,"href":"https:\/\/www.europesays.com\/fr\/wp-json\/wp\/v2\/users\/2"}],"replies":[{"embeddable":true,"href":"https:\/\/www.europesays.com\/fr\/wp-json\/wp\/v2\/comments?post=237951"}],"version-history":[{"count":0,"href":"https:\/\/www.europesays.com\/fr\/wp-json\/wp\/v2\/posts\/237951\/revisions"}],"wp:featuredmedia":[{"embeddable":true,"href":"https:\/\/www.europesays.com\/fr\/wp-json\/wp\/v2\/media\/237952"}],"wp:attachment":[{"href":"https:\/\/www.europesays.com\/fr\/wp-json\/wp\/v2\/media?parent=237951"}],"wp:term":[{"taxonomy":"category","embeddable":true,"href":"https:\/\/www.europesays.com\/fr\/wp-json\/wp\/v2\/categories?post=237951"},{"taxonomy":"post_tag","embeddable":true,"href":"https:\/\/www.europesays.com\/fr\/wp-json\/wp\/v2\/tags?post=237951"}],"curies":[{"name":"wp","href":"https:\/\/api.w.org\/{rel}","templated":true}]}}