{"id":237953,"date":"2025-07-09T15:59:32","date_gmt":"2025-07-09T15:59:32","guid":{"rendered":"https:\/\/www.europesays.com\/fr\/237953\/"},"modified":"2025-07-09T15:59:32","modified_gmt":"2025-07-09T15:59:32","slug":"voici-les-6-matchs-a-ne-pas-manquer-a-la-meinau-cette-saison","status":"publish","type":"post","link":"https:\/\/www.europesays.com\/fr\/237953\/","title":{"rendered":"voici les 6 matchs \u00e0 ne pas manquer \u00e0 la Meinau cette saison"},"content":{"rendered":"<p class=\"p1\"><b>Le 27 juin dernier, la Ligue de Football Professionnelle (LFP) d\u00e9voilait le calendrier de la saison de Ligue 1, version 2025\/2026. Une saison aux parfums europ\u00e9ens pour le Racing Club de Strasbourg, qui aura \u00e0 coeur de confirmer sa belle 7e place, et m\u00eame de viser plus haut. Panorama des rencontres \u00e0 ne pas manquer cette ann\u00e9e.<\/b><\/p>\n<p class=\"p1\">Supporters\/rices du Racing, l\u2019attente est termin\u00e9e : en attendant le tirage au sort de la Ligue Conf\u00e9rence, <b>le week-end du 22\/23\/24 ao\u00fbt marquera le retour officiel du Racing Club de Strasbourg dans son antre de la Meinau<\/b>.<\/p>\n<p class=\"p1\">Un stade qui aura sacr\u00e9ment chang\u00e9 d\u2019allure durant l\u2019intersaison, <b>et qui d\u00e9voilera non seulement sa tribune Sud flambant neuve de plus de 11 000 places<\/b>, mais \u00e9galement une fan zone r\u00e9nov\u00e9e et ouverte sur le quartier de la Meinau.<\/p>\n<p>                <a href=\"https:\/\/pokaa.fr\/2025\/05\/23\/dici-2026-une-immense-fan-zone-de-33-000m2-va-venir-animer-le-stade-de-la-meinau\/\" target=\"_blank\" rel=\"noopener\"><br \/>\n                    <img width=\"450\" height=\"270\" src=\"https:\/\/www.europesays.com\/fr\/wp-content\/uploads\/2025\/07\/img-8755-grande-450x270.jpeg\" class=\"attachment-card-horizontal--same-subject size-card-horizontal--same-subject wp-post-image\" alt=\"\" decoding=\"async\" loading=\"lazy\"\/>                <\/a><\/p>\n<p class=\"p1\">L\u2019occasion de retrouver un Racing qui a termin\u00e9 la saison derni\u00e8re \u00e0 une belle (mais frustrante) 7e place, l\u2019envoyant en barrage de la Ligue Conf\u00e9rence. Ayant repris le chemin des terrains depuis le 7 juillet,<b> le club fait actuellement le m\u00e9nage dans son effectif [Senaya, Risser, Diarra, Baseya, Delaine, Sarr, Sebas, Deminguet et Bellaarouch ont quitt\u00e9 le club, en plus des retours de pr\u00eat de Petrovic et de Santos ndlr]<\/b>. Avant de probablement bien animer le march\u00e9 des transferts, comme l\u2019an dernier.<\/p>\n<p class=\"p1\">Alors que les ambitions annonc\u00e9es de BlueCo sont de lutter pour l\u2019Europe chaque saison, <b>le Racing se voudra sans aucun doute tr\u00e8s ambitieux pour cette nouvelle ann\u00e9e de Ligue 1<\/b>. Une ann\u00e9e que l\u2019on esp\u00e8re aussi enthousiasmante que la pr\u00e9c\u00e9dente, et dont le calendrier est tomb\u00e9 le 27 juin dernier.<\/p>\n<p>    <img width=\"337\" height=\"600\" src=\"https:\/\/www.europesays.com\/fr\/wp-content\/uploads\/2025\/07\/img-9739-337x600.jpg\" class=\"attachment-image-size-M size-image-size-M\" alt=\"calendrier racing 2025 2026\" decoding=\"async\" loading=\"lazy\"  \/>         \u00a9 Racing Club de Strasbourg Alsace \/ Document remis <\/p>\n<p>Les matchs \u00e0 ne pas manquer<\/p>\n<p class=\"p1\">La saison 2025\/2026 d\u00e9butera le week-end du 15, 16 et 17 ao\u00fbt 2025, pour se finir le 16 mai 2026. <strong>Neuf<\/strong><b>\u00a0mois de comp\u00e9tition, o\u00f9 le Racing tentera d\u2019accrocher le wagon europ\u00e9en<\/b>. D\u2019ailleurs, pour bien d\u00e9marrer, les Bleus et Blancs iront chez leur ennemi messin pour tenter de ramener une nouvelle fois les trois points.<\/p>\n<p class=\"p1\">Globalement, le calendrier strasbourgeois se r\u00e9v\u00e8le plut\u00f4t \u00e9quilibr\u00e9, avec l\u2019avantage de finir la saison \u00e0 domicile [m\u00eame si, face au Havre la saison derni\u00e8re, cela ne leur avait pas port\u00e9 bonheur, ndlr]. <b>Un calendrier qui pourrait se densifier avec une qualification en Ligue Conf\u00e9rence, qui rajouterait 6 matchs suppl\u00e9mentaires<\/b>, dont 3 \u00e0 la Meinau.<\/p>\n<p>                <a href=\"https:\/\/pokaa.fr\/2025\/05\/27\/ambiance-travaux-et-ligue-conference-retour-sur-la-folle-saison-du-racing-club-de-strasbourg\/\" target=\"_blank\" rel=\"noopener\"><br \/>\n                    <img width=\"450\" height=\"270\" src=\"https:\/\/www.europesays.com\/fr\/wp-content\/uploads\/2025\/07\/img-8932-grande-450x270.jpeg\" class=\"attachment-card-horizontal--same-subject size-card-horizontal--same-subject wp-post-image\" alt=\"\" decoding=\"async\" loading=\"lazy\"\/>                <\/a><\/p>\n<p>Le premier en Ligue 1 avec la nouvelle tribune Sud : Strasbourg-Nantes (22\/23\/24 ao\u00fbt)<\/p>\n<p class=\"p1\">Il est possible que le retour \u00e0 la Meinau se fasse le 21 ao\u00fbt prochain, lors du barrage aller en Ligue Conf\u00e9rence [sauf si le Racing se qualifie en Ligue Europa en cas de rel\u00e9gation de Lyon, ndlr]. Mais le pari le plus s\u00fbr reste la 2e journ\u00e9e de Ligue 1, <b>o\u00f9 les Bleus et Blancs accueilleront Nantes dans un stade qui approchera fortement de sa forme finale<\/b>, avec une tribune Sud compl\u00e8tement r\u00e9nov\u00e9e.<\/p>\n<p class=\"p1\">Le stade sera encore en travaux cette saison, avec les tribunes Est et Nord, la derni\u00e8re \u00e9tant notamment ferm\u00e9e pendant les 5 premiers matchs de la saison. <b>Mais on aura un vrai aper\u00e7u de la Meinau du futur et de ses nouvelles fonctionnalit\u00e9s<\/b>. De quoi f\u00eater le retour du football \u00e0 la Meinau, en recevant une \u00e9quipe de Nantes qui r\u00e9ussit plut\u00f4t bien ces derni\u00e8res ann\u00e9es au Racing [5 victoires, deux nuls et une d\u00e9faite sur les 8 derniers matchs, ndlr]. On esp\u00e8re du soleil.<\/p>\n<p class=\"p1\">La derni\u00e8re confrontation\u00a0: Strasbourg-Nantes, 3-1 (doubl\u00e9 de Santos et but de Bakwa).<\/p>\n<p>    <img width=\"800\" height=\"600\" src=\"https:\/\/www.europesays.com\/fr\/wp-content\/uploads\/2025\/07\/img-7365-grande-800x600.jpeg\" class=\"attachment-image-size-L size-image-size-L\" alt=\"stade meinau chantier travaux\" decoding=\"async\" loading=\"lazy\"  \/>         \u00a9 Nicolas Kaspar \/ Pokaa <\/p>\n<p>Le match de No\u00ebl : Strasbourg-Lorient (12\/13\/14 d\u00e9cembre)<\/p>\n<p class=\"p1\">Au Racing, les matchs en d\u00e9cembre ont toujours une saveur particuli\u00e8re. Alors que la ville se pare de ses habits de Capitale de No\u00ebl, <b>nos Bleus et Blancs mettront leur habit de lumi\u00e8re pour bien terminer l\u2019ann\u00e9e<\/b>. Une p\u00e9riode qui r\u00e9ussit g\u00e9n\u00e9ralement bien aux Strasbourgeois, et qui verra cette ann\u00e9e les Merlus lorientais s\u2019aventurer en terre alsacienne.<\/p>\n<p class=\"p1\">Tout juste promu apr\u00e8s leur titre de champion de Ligue 2, il faudra \u00eatre s\u00e9rieux pour se d\u00e9faire de Lorient. <b>Surtout que c\u2019est une \u00e9quipe qui ne r\u00e9ussit pas vraiment au Racing, qui ne l\u2019a emport\u00e9 qu\u2019une seule fois \u00e0 domicile sur ses quatre derniers matchs, pour deux nuls et une d\u00e9faite<\/b>. On attend donc de la magie de No\u00ebl \u00e0 la Meinau, 10 jours en avance.<\/p>\n<p class=\"p1\">La derni\u00e8re confrontation\u00a0: Strasbourg-Lorient, 1-3 (2024) (but de Guilbert)<\/p>\n<p>    <img width=\"800\" height=\"600\" src=\"https:\/\/www.europesays.com\/fr\/wp-content\/uploads\/2025\/04\/img-7870-grande-800x600.jpeg\" class=\"attachment-image-size-L size-image-size-L\" alt=\"stade de la Meinau racing\" decoding=\"async\" loading=\"lazy\"  \/>         \u00a9 Nicolas Kaspar \/ Pokaa <\/p>\n<p>Le derby pour continuer la s\u00e9rie victorieuse : Strasbourg-Metz (16\/17\/18 janvier)<\/p>\n<p class=\"p1\">C\u2019est le classique, le match qui se joue une ann\u00e9e sur deux [puisque Metz a l\u2019habitude de descendre une ann\u00e9e sur deux, ndlr] : le derby entre Strasbourgeois et Messins. <b>Historiquement en faveur de nos voisins lorrains, les derni\u00e8res ann\u00e9es ont vu la tendance largement s\u2019inverser<\/b>. Strasbourg reste en effet sur 5 victoires de suite, dont la derni\u00e8re reste dans les m\u00e9moires, gr\u00e2ce \u00e0 un but \u00e9pique de Santos dans les arr\u00eats de jeu, embrasant la Meinau.<\/p>\n<p class=\"p1\">Alors que le Racing et Metz d\u00e9marreront leur saison en s\u2019affrontant, ce derby est toujours vecteur d\u2019\u00e9motions et d\u2019une ambiance impressionnante. <b>Il le faudra, pour r\u00e9chauffer les pieds et les mains des supporters\/rices, frigorifi\u00e9(e)s par l\u2019hiver strasbourgeois<\/b>. On n\u2019en attend pas moins de nos Bleus et Blancs.<\/p>\n<p class=\"p1\">La derni\u00e8re confrontation\u00a0: Strasbourg-Metz, 2-1 (2024) (buts d\u2019Emegha et Santos)<\/p>\n<p>    <img width=\"800\" height=\"600\" src=\"https:\/\/www.europesays.com\/fr\/wp-content\/uploads\/2025\/07\/img-8921-grande-800x600.jpeg\" class=\"attachment-image-size-L size-image-size-L\" alt=\"stade de la meinau racing\" decoding=\"async\" loading=\"lazy\"  \/>         \u00a9 Nicolas Kaspar \/ Pokaa <\/p>\n<p>Le match de gala : Strasbourg-PSG (30\/31 janvier ou 1er f\u00e9vrier)<\/p>\n<p class=\"p1\">Chaque ann\u00e9e, c\u2019est le match qui appara\u00eet le premier sur le calendrier de beaucoup de personnes : le match face \u00e0 l\u2019ogre parisien. R\u00e9cemment titr\u00e9 champion d\u2019Europe et encore en course dans cette abomination de comp\u00e9tition qu\u2019est la Coupe du Monde des Clubs, <b>le PSG n\u2019a sans doute jamais \u00e9t\u00e9 aussi fort<\/b>.<\/p>\n<p class=\"p1\">Survolant la Ligue 1, il s\u2019\u00e9tait pr\u00e9sent\u00e9 en mai dernier avec son \u00e9quipe B dans une Meinau qui n\u2019attendait qu\u2019une chose : faire tomber le champion. <b>Avec hargne, les Strasbourgeois ont r\u00e9ussi \u00e0 l\u2019emporter 2-1, faisant basculer une Meinau plus que tendue dans une liesse euphorique<\/b>. Et si la fin de saison a douch\u00e9 les fols espoirs, aucun doute que Strasbourg aura \u00e0 coeur de r\u00e9p\u00e9ter l\u2019exploit, n\u2019ayant perdu qu\u2019une seule fois \u00e0 domicile en Ligue 1 contre Paris avec du public.<\/p>\n<p class=\"p1\">La derni\u00e8re confrontation\u00a0: Strasbourg-PSG, 2-1 (buts de Hernandez, contre son camp, et Lemar\u00e9chal)<\/p>\n<p>    <img width=\"800\" height=\"600\" src=\"https:\/\/www.europesays.com\/fr\/wp-content\/uploads\/2025\/07\/img-8605-grande-800x600.jpeg\" class=\"attachment-image-size-L size-image-size-L\" alt=\"racing stade de la meinau\" decoding=\"async\" loading=\"lazy\"  \/>         \u00a9 Nicolas Kaspar \/ Pokaa <\/p>\n<p>Le match qui n\u2019est que trop rarement arriv\u00e9 : Strasbourg-Paris FC (13\/14\/15 mars)<\/p>\n<p class=\"p1\">Alors que le printemps s\u2019approchera, et que l\u2019on se trouvera en pleine p\u00e9riode des \u00e9lections municipales, c\u2019est un vent de nouveaut\u00e9 qui soufflera sur la Meinau. <b>Le Racing accueillera en effet le Paris FC, voisin du PSG [44 m\u00e8tres s\u00e9parent les deux stades, ndlr], pour la 7e confrontation entre les deux \u00e9quipes<\/b>, et seulement la 2e en pro [la premi\u00e8re sera le week-end du 21 septembre, au Paris FC, ndlr].<\/p>\n<p class=\"p1\">Les confrontations contre le club parisien remontent \u00e0 un temps bien lointain, <b>o\u00f9 le Racing v\u00e9g\u00e9tait d\u2019abord en National avant le d\u00e9p\u00f4t de bilan, puis quelques ann\u00e9es apr\u00e8s, dans sa folle remont\u00e9e vers le monde professionnel<\/b>. Une autre \u00e9poque. D\u00e9sormais, face \u00e0 un promu ambitieux appartenant \u00e0 la famille Arnault, Strasbourg aura fort \u00e0 faire. Mais nul doute que les Bleus et Blancs c\u00e9l\u00e9breront comme il se doit le printemps, la meilleure saison strasbourgeoise.<\/p>\n<p class=\"p1\">La derni\u00e8re confrontation\u00a0: Strasbourg-Paris FC, 2-1 (2015) (doubl\u00e9 de Blayac)<\/p>\n<p>    <img width=\"800\" height=\"600\" src=\"https:\/\/www.europesays.com\/fr\/wp-content\/uploads\/2025\/07\/img-8932-grande-800x600.jpeg\" class=\"attachment-image-size-L size-image-size-L\" alt=\"stade de la meinau racing\" decoding=\"async\" loading=\"lazy\"  \/>         \u00a9 Nicolas Kaspar \/ Pokaa <\/p>\n<p>Le match pour accrocher l\u2019Europe : Strasbourg-Monaco (16 mai)<\/p>\n<p class=\"p1\">Alors que les ambitions de BlueCo sont d\u2019accrocher l\u2019Europe chaque ann\u00e9e, <strong>le Racing terminera sa saison \u00e0 domicile le 16 mai face \u00e0 une des meilleures \u00e9quipes du championnat : Monaco<\/strong>. Un club qui r\u00e9alise pour l\u2019instant un mercato XXL, avec notamment l\u2019arriv\u00e9e de Paul Pogba, l\u2019un des meilleurs milieux de terrain de l\u2019histoire de l\u2019\u00e9quipe de France.<\/p>\n<p class=\"p1\">Face \u00e0 cet adversaire toujours ultra-solide, les Strasbourgeois devront sans doute cr\u00e9er l\u2019exploit pour s\u2019imposer [le Racing n\u2019a plus gagn\u00e9 contre Monaco depuis mars 2022, soit trois ans et demi, ndlr]. <b>Mais il n\u2019est pas impossible de penser que le Racing sera en bonne position d\u2019accrocher l\u2019Europe en cette fin de saison<\/b>. Un match pour la Ligue des Champions ? Il est (bien) trop t\u00f4t pour y penser. Mais pourquoi pas\u2026 L\u2019occasion aussi de participer au traditionnel cort\u00e8ge de fin de saison, toujours un beau moment.<\/p>\n<p class=\"p1\" style=\"text-align: left;\">La derni\u00e8re confrontation\u00a0: Strasbourg-Monaco, 1-3 (but de Dou\u00e9)<\/p>\n<p>    <img width=\"800\" height=\"600\" src=\"https:\/\/www.europesays.com\/fr\/wp-content\/uploads\/2025\/07\/img-8903-grande-800x600.jpeg\" class=\"attachment-image-size-L size-image-size-L\" alt=\"cortege supporters racing\" decoding=\"async\" loading=\"lazy\"  \/>         \u00a9 Nicolas Kaspar \/ Pokaa <\/p>\n<p>Le bonus : le retour en Europe, six ans apr\u00e8s (21 ou 28 mai, adversaire encore inconnu)<\/p>\n<p class=\"p1\">Gr\u00e2ce \u00e0 sa 7e place (et la victoire du PSG en Coupe de France), le Racing go\u00fbtera \u00e0 nouveau \u00e0 l\u2019Europe au mois d\u2019ao\u00fbt prochain, en se qualifiant pour les barrages de la Ligue Conf\u00e9rence. <strong>Pour conna\u00eetre le nom de son adversaire, et la date du match \u00e0 la Meinau, il faudra attendre le 4 ao\u00fbt prochain<\/strong>.<\/p>\n<p class=\"p1\">Mais quoi qu\u2019il arrive, cela repr\u00e9sente un retour en Europe, six ans apr\u00e8s le barrage face \u00e0 Francfort. <strong>Si le Racing avait \u00e9t\u00e9 \u00e9limin\u00e9 en Allemagne, il avait largement tenu t\u00eate dans la Meinau, l\u2019emportant m\u00eame 1-0 dans une magnifique ambiance<\/strong>. En esp\u00e9rant cette fois-ci que l\u2019issue sera plus favorable, pour pouvoir vivre encore minimum trois autres matchs europ\u00e9ens \u00e0 la maison, et bien d\u2019autres \u00e9motions cette saison.<\/p>\n<p class=\"p1\">La derni\u00e8re confrontation\u00a0: Strasbourg-Francfort, 1-0 (2019) (but de Zohi)<\/p>\n<p>                <a href=\"https:\/\/pokaa.fr\/2025\/05\/24\/hier-le-racing-club-de-strasbourg-sest-qualifie-pour-la-ligue-conference-mais-cest-quoi\/\" target=\"_blank\" rel=\"noopener\"><br \/>\n                    <img width=\"450\" height=\"270\" src=\"https:\/\/www.europesays.com\/fr\/wp-content\/uploads\/2025\/07\/img-8921-grande-450x270.jpeg\" class=\"attachment-card-horizontal--same-subject size-card-horizontal--same-subject wp-post-image\" alt=\"\" decoding=\"async\" loading=\"lazy\"\/>                <\/a><\/p>\n","protected":false},"excerpt":{"rendered":"Le 27 juin dernier, la Ligue de Football Professionnelle (LFP) d\u00e9voilait le calendrier de la saison de Ligue&hellip;\n","protected":false},"author":2,"featured_media":237954,"comment_status":"","ping_status":"","sticky":false,"template":"","format":"standard","meta":{"footnotes":""},"categories":[2820],"tags":[1111,11,1777,674,2257,1011,27,775,66,12,8708,25,640],"class_list":{"0":"post-237953","1":"post","2":"type-post","3":"status-publish","4":"format-standard","5":"has-post-thumbnail","7":"category-strasbourg","8":"tag-actu","9":"tag-actualites","10":"tag-eu","11":"tag-europe","12":"tag-foot","13":"tag-fr","14":"tag-france","15":"tag-grand-est","16":"tag-ligue-1","17":"tag-news","18":"tag-racing-club-de-strasbourg","19":"tag-republique-francaise","20":"tag-strasbourg"},"share_on_mastodon":{"url":"https:\/\/pubeurope.com\/@fr\/114824110095473109","error":""},"_links":{"self":[{"href":"https:\/\/www.europesays.com\/fr\/wp-json\/wp\/v2\/posts\/237953","targetHints":{"allow":["GET"]}}],"collection":[{"href":"https:\/\/www.europesays.com\/fr\/wp-json\/wp\/v2\/posts"}],"about":[{"href":"https:\/\/www.europesays.com\/fr\/wp-json\/wp\/v2\/types\/post"}],"author":[{"embeddable":true,"href":"https:\/\/www.europesays.com\/fr\/wp-json\/wp\/v2\/users\/2"}],"replies":[{"embeddable":true,"href":"https:\/\/www.europesays.com\/fr\/wp-json\/wp\/v2\/comments?post=237953"}],"version-history":[{"count":0,"href":"https:\/\/www.europesays.com\/fr\/wp-json\/wp\/v2\/posts\/237953\/revisions"}],"wp:featuredmedia":[{"embeddable":true,"href":"https:\/\/www.europesays.com\/fr\/wp-json\/wp\/v2\/media\/237954"}],"wp:attachment":[{"href":"https:\/\/www.europesays.com\/fr\/wp-json\/wp\/v2\/media?parent=237953"}],"wp:term":[{"taxonomy":"category","embeddable":true,"href":"https:\/\/www.europesays.com\/fr\/wp-json\/wp\/v2\/categories?post=237953"},{"taxonomy":"post_tag","embeddable":true,"href":"https:\/\/www.europesays.com\/fr\/wp-json\/wp\/v2\/tags?post=237953"}],"curies":[{"name":"wp","href":"https:\/\/api.w.org\/{rel}","templated":true}]}}