{"id":237968,"date":"2025-07-09T16:07:11","date_gmt":"2025-07-09T16:07:11","guid":{"rendered":"https:\/\/www.europesays.com\/fr\/237968\/"},"modified":"2025-07-09T16:07:11","modified_gmt":"2025-07-09T16:07:11","slug":"a-toulouse-on-peut-desormais-senfuir-sans-crainte-pour-son-chat-ou-son-chien","status":"publish","type":"post","link":"https:\/\/www.europesays.com\/fr\/237968\/","title":{"rendered":"A Toulouse, on peut d\u00e9sormais s\u2019enfuir sans crainte pour son chat ou son chien"},"content":{"rendered":"<p>Le parquet g\u00e9n\u00e9ral de <a href=\"https:\/\/www.20minutes.fr\/toulouse\/\" class=\"color-ultramarine c-link\" target=\"_blank\" rel=\"noopener\">Toulouse <\/a>a act\u00e9 mardi la mise en place d\u2019un dispositif in\u00e9dit. Celui-ci permet la mise \u00e0 l\u2019abri temporaire des animaux domestiques en cas d\u2019abandon du domicile pour \u00e9chapper \u00e0 des <a href=\"https:\/\/www.20minutes.fr\/dossier\/violences_conjugales\" class=\"color-ultramarine c-link\" target=\"_blank\" rel=\"noopener\">violences intrafamiliales<\/a>. Le protocole, sign\u00e9 avec la Conf\u00e9d\u00e9ration nationale d\u00e9fense de l\u2019animal (CNDA), pr\u00e9voit que les <a href=\"https:\/\/www.20minutes.fr\/dossier\/victime\" class=\"color-ultramarine c-link\" target=\"_blank\" rel=\"noopener\">victimes<\/a> puissent placer gratuitement leur animal pendant un mois, lorsque les solutions d\u2019h\u00e9bergement d\u2019urgence ne leur permettent pas de l\u2019emporter avec elles.<\/p>\n<p>S\u2019assurer que la victime \u00ab\u00a0puisse \u00eatre certaine d\u2019un accueil adapt\u00e9 de son animal permettra de lib\u00e9rer la parole, permettra un d\u00e9part serein de la victime\u00a0\u00bb du domicile conjugal, estime le procureur g\u00e9n\u00e9ral de Toulouse, Nicolas Jacquet. Ce dispositif vient compl\u00e9ter le panel de mesures mises en place depuis\u00a02022 par le parquet g\u00e9n\u00e9ral de Toulouse pour mieux lutter contre la maltraitance animale. \u00ab\u00a0On r\u00e9pond \u00e0 un angle mort qui est un \u00e9l\u00e9ment important de la capacit\u00e9 d\u2019emprise d\u2019un auteur sur sa victime\u00a0: celui de la pr\u00e9sence \u00e9ventuelle de l\u2019animal de compagnie\u00a0\u00bb, a-t-il d\u00e9taill\u00e9.<\/p>\n<p>Une premi\u00e8re en France<\/p>\n<p>La convention pr\u00e9sente la particularit\u00e9 de permettre aux victimes de solliciter le placement de leur animal domestique sans qu\u2019il ait \u00e9t\u00e9 \u00e9tabli qu\u2019il a lui-m\u00eame \u00e9t\u00e9 victime de maltraitance, ce qui \u00e9tait jusqu\u2019\u00e0 pr\u00e9sent la r\u00e8gle pour retirer un animal \u00e0 son propri\u00e9taire. Concr\u00e8tement, un repr\u00e9sentant de la CNDA sera charg\u00e9 de venir r\u00e9cup\u00e9rer l\u2019animal (chat, chien\u2026 voire cheval), en pr\u00e9sence des forces de l\u2019ordre si n\u00e9cessaire, pour le placer ensuite au sein d\u2019une des associations de la Conf\u00e9d\u00e9ration, qui en compte 280 dans toute la France.<\/p>\n<\/p>\n<p>Ce protocole, le premier de ce type en France, concernera les quatre d\u00e9partements du ressort de la cour d\u2019appel de Toulouse, la Haute-Garonne, l\u2019Ari\u00e8ge, le Tarn et le Tarn-et-Garonne.<\/p>\n","protected":false},"excerpt":{"rendered":"Le parquet g\u00e9n\u00e9ral de Toulouse a act\u00e9 mardi la mise en place d\u2019un dispositif in\u00e9dit. Celui-ci permet la&hellip;\n","protected":false},"author":2,"featured_media":237969,"comment_status":"","ping_status":"","sticky":false,"template":"","format":"standard","meta":{"footnotes":""},"categories":[2816],"tags":[1111,47,11,1867,7654,4850,1777,674,1011,27,2722,303,2721,12,2680,6030,25,2312,9418,798],"class_list":{"0":"post-237968","1":"post","2":"type-post","3":"status-publish","4":"format-standard","5":"has-post-thumbnail","7":"category-toulouse","8":"tag-actu","9":"tag-actualite","10":"tag-actualites","11":"tag-animaux","12":"tag-chat","13":"tag-chien","14":"tag-eu","15":"tag-europe","16":"tag-fr","17":"tag-france","18":"tag-haute-garonne","19":"tag-justice","20":"tag-midi-pyrenees","21":"tag-news","22":"tag-occitanie","23":"tag-protection-des-animaux","24":"tag-republique-francaise","25":"tag-toulouse","26":"tag-victime","27":"tag-violences-conjugales"},"share_on_mastodon":{"url":"https:\/\/pubeurope.com\/@fr\/114824141187374416","error":""},"_links":{"self":[{"href":"https:\/\/www.europesays.com\/fr\/wp-json\/wp\/v2\/posts\/237968","targetHints":{"allow":["GET"]}}],"collection":[{"href":"https:\/\/www.europesays.com\/fr\/wp-json\/wp\/v2\/posts"}],"about":[{"href":"https:\/\/www.europesays.com\/fr\/wp-json\/wp\/v2\/types\/post"}],"author":[{"embeddable":true,"href":"https:\/\/www.europesays.com\/fr\/wp-json\/wp\/v2\/users\/2"}],"replies":[{"embeddable":true,"href":"https:\/\/www.europesays.com\/fr\/wp-json\/wp\/v2\/comments?post=237968"}],"version-history":[{"count":0,"href":"https:\/\/www.europesays.com\/fr\/wp-json\/wp\/v2\/posts\/237968\/revisions"}],"wp:featuredmedia":[{"embeddable":true,"href":"https:\/\/www.europesays.com\/fr\/wp-json\/wp\/v2\/media\/237969"}],"wp:attachment":[{"href":"https:\/\/www.europesays.com\/fr\/wp-json\/wp\/v2\/media?parent=237968"}],"wp:term":[{"taxonomy":"category","embeddable":true,"href":"https:\/\/www.europesays.com\/fr\/wp-json\/wp\/v2\/categories?post=237968"},{"taxonomy":"post_tag","embeddable":true,"href":"https:\/\/www.europesays.com\/fr\/wp-json\/wp\/v2\/tags?post=237968"}],"curies":[{"name":"wp","href":"https:\/\/api.w.org\/{rel}","templated":true}]}}