{"id":237970,"date":"2025-07-09T16:08:20","date_gmt":"2025-07-09T16:08:20","guid":{"rendered":"https:\/\/www.europesays.com\/fr\/237970\/"},"modified":"2025-07-09T16:08:20","modified_gmt":"2025-07-09T16:08:20","slug":"un-accident-entre-trois-poids-lourds-sur-la1-cause-des-bouchons-vers-lille-ce-mercredi","status":"publish","type":"post","link":"https:\/\/www.europesays.com\/fr\/237970\/","title":{"rendered":"Un accident entre trois poids lourds sur l\u2019A1 cause des bouchons vers Lille, ce mercredi"},"content":{"rendered":"<p>            Par<br \/>\n        <strong><br \/>\n            <a href=\"https:\/\/actu.fr\/auteur\/amandine-vachez\" title=\"Consulter tous les articles de Amandine Vachez\" rel=\"nofollow noopener\" target=\"_blank\">Amandine Vachez<\/a><br \/>\n        <\/strong><\/p>\n<p>        Publi\u00e9 le<\/p>\n<p>            9 juil. 2025 \u00e0 17h30        <\/p>\n<p>Prudence et patience sont de mise, sur l\u2019<b>autoroute A1<\/b>, ce <b>mercredi 9\u00a0juillet<\/b> dans l\u2019apr\u00e8s-midi. Alors que <a href=\"https:\/\/actu.fr\/hauts-de-france\/ronchin_59507\/au-sud-de-lille-lautoroute-a1-va-etre-totalement-fermee-durant-plusieurs-semaines-attention-aux-bouchons_62762022.html\" rel=\"nofollow noopener\" target=\"_blank\">l\u2019axe est en partie ferm\u00e9 pour travaux<\/a>, un <b>accident entre trois poids lourds<\/b> s\u2019est produit \u00e0 proximit\u00e9 de <a href=\"https:\/\/actu.fr\/lille\/\" rel=\"nofollow noopener\" target=\"_blank\">Lille<\/a> (Nord), causant de <b>gros ralentissements.<\/b><\/p>\n<p>6\u00a0km de bouchons depuis Seclin<\/p>\n<p class=\" wall-content\">Vers 15\u2009h\u200930, la cellule de vigilance routi\u00e8re de la pr\u00e9fecture notifiait cet accident, survenu au niveau de Seclin, dans le sens Paris vers Lille. \u00abLes voies de\u00a0droite et du milieu\u00a0sont neutralis\u00e9es et un bouchon de\u00a06\u00a0km, en augmentation, s\u2019est form\u00e9 en amont de cet accident\u2009\u00bb, \u00e9tait-il indiqu\u00e9 \u00e0 ce moment.<\/p>\n<p class=\" wall-content\">Il est fortement recommand\u00e9, \u00e0 ceux qui le peuvent, d\u2019\u00e9viter le secteur.<\/p>\n<p class=\" wall-content\">Une heure plus tard, <b>la voie du milieu est lib\u00e9r\u00e9e, celle de droite toujours neutralis\u00e9e.\u00a0<\/b><b>U<\/b><b>n bouchon de\u00a0<\/b><b>11<\/b><b>km\u00a0<\/b>est signal\u00e9\u00a0en amont de cet accident.<\/p>\n<p class=\" wall-content\">\u00c0 <b>17h19, l\u2019incident s\u2019est cl\u00f4tur\u00e9. <\/b>Le bouchon de 11 km est en cours de r\u00e9sorption.<\/p>\n<p class=\" wall-content\">Suivez toute l\u2019actualit\u00e9 de vos villes et m\u00e9dias favoris en vous inscrivant \u00e0 <a href=\"https:\/\/moncompte.actu.fr\" title=\"D\u00e9couvez Mon Actu\" rel=\"nofollow noopener\" data-trk=\"{&quot;cta&quot;:{&quot;action&quot;:&quot;https:\\\/\\\/moncompte.actu.fr&quot;,&quot;category&quot;:&quot;mon compte&quot;,&quot;from&quot;:&quot;article footer&quot;,&quot;name&quot;:&quot;Mon actu&quot;,&quot;type&quot;:&quot;cta&quot;}}\" target=\"_blank\">Mon Actu<\/a>.<\/p>\n","protected":false},"excerpt":{"rendered":"Par Amandine Vachez Publi\u00e9 le 9 juil. 2025 \u00e0 17h30 Prudence et patience sont de mise, sur l\u2019autoroute&hellip;\n","protected":false},"author":2,"featured_media":237971,"comment_status":"","ping_status":"","sticky":false,"template":"","format":"standard","meta":{"footnotes":""},"categories":[2815],"tags":[119,1111,11,3542,1777,674,118,1011,27,811,1307,12,25],"class_list":{"0":"post-237970","1":"post","2":"type-post","3":"status-publish","4":"format-standard","5":"has-post-thumbnail","7":"category-lille","8":"tag-accident","9":"tag-actu","10":"tag-actualites","11":"tag-circulation","12":"tag-eu","13":"tag-europe","14":"tag-faits-divers","15":"tag-fr","16":"tag-france","17":"tag-hauts-de-france","18":"tag-lille","19":"tag-news","20":"tag-republique-francaise"},"share_on_mastodon":{"url":"https:\/\/pubeurope.com\/@fr\/114824145059783749","error":""},"_links":{"self":[{"href":"https:\/\/www.europesays.com\/fr\/wp-json\/wp\/v2\/posts\/237970","targetHints":{"allow":["GET"]}}],"collection":[{"href":"https:\/\/www.europesays.com\/fr\/wp-json\/wp\/v2\/posts"}],"about":[{"href":"https:\/\/www.europesays.com\/fr\/wp-json\/wp\/v2\/types\/post"}],"author":[{"embeddable":true,"href":"https:\/\/www.europesays.com\/fr\/wp-json\/wp\/v2\/users\/2"}],"replies":[{"embeddable":true,"href":"https:\/\/www.europesays.com\/fr\/wp-json\/wp\/v2\/comments?post=237970"}],"version-history":[{"count":0,"href":"https:\/\/www.europesays.com\/fr\/wp-json\/wp\/v2\/posts\/237970\/revisions"}],"wp:featuredmedia":[{"embeddable":true,"href":"https:\/\/www.europesays.com\/fr\/wp-json\/wp\/v2\/media\/237971"}],"wp:attachment":[{"href":"https:\/\/www.europesays.com\/fr\/wp-json\/wp\/v2\/media?parent=237970"}],"wp:term":[{"taxonomy":"category","embeddable":true,"href":"https:\/\/www.europesays.com\/fr\/wp-json\/wp\/v2\/categories?post=237970"},{"taxonomy":"post_tag","embeddable":true,"href":"https:\/\/www.europesays.com\/fr\/wp-json\/wp\/v2\/tags?post=237970"}],"curies":[{"name":"wp","href":"https:\/\/api.w.org\/{rel}","templated":true}]}}