{"id":237974,"date":"2025-07-09T16:10:11","date_gmt":"2025-07-09T16:10:11","guid":{"rendered":"https:\/\/www.europesays.com\/fr\/237974\/"},"modified":"2025-07-09T16:10:11","modified_gmt":"2025-07-09T16:10:11","slug":"quand-les-etudiants-optent-pour-la-colocation-intergenerationnelle-a-marseille","status":"publish","type":"post","link":"https:\/\/www.europesays.com\/fr\/237974\/","title":{"rendered":"quand les \u00e9tudiants optent pour la colocation interg\u00e9n\u00e9rationnelle \u00e0 Marseille"},"content":{"rendered":"<p>Un toit pour les \u00e9tudiants, une pr\u00e9sence pour les seniors. Ils \u00e9taient nombreux, apr\u00e8s le premier confinement, \u00e0 voir dans la <a href=\"https:\/\/www.laprovence.com\/article\/region\/28127797801383\/a-marseille-la-coloc-intergenerationnelle-cest-aussi-dans-les-hlm\" target=\"_blank\" rel=\"nofollow noopener\">cohabitation interg\u00e9n\u00e9rationnelle<\/a> une solution id\u00e9ale. Pendant la <a href=\"https:\/\/www.laprovence.com\/article\/sante\/18064379280830\/le-covid-19-qualifie-de-pandemie-il-y-a-5-ans-par-loms-pourquoi-cela-a-marque-un-tournant\" target=\"_blank\" rel=\"nofollow noopener\">crise du Covid<\/a>, les \u00e9tudiants souffrent de la fermeture des r\u00e9sidences universitaires et, \u00e0 <a href=\"https:\/\/www.laprovence.com\/bouches-du-rhone\/marseille-13055\" target=\"_blank\" rel=\"nofollow noopener\">Marseille<\/a>, o\u00f9 r\u00e9sident 58 000 d&rsquo;entre eux, cette situation est encore plus difficile \u00e0 g\u00e9rer.<\/p>\n<p>Parall\u00e8lement, <a href=\"https:\/\/www.laprovence.com\/article\/region\/2600441632055414\/marseille-sainte-anne-accueille-une-maison-du-bel-age-pour-sortir-les-seniors-de-l-isolement\" target=\"_blank\" rel=\"nofollow noopener\">l&rsquo;isolement des seniors<\/a> s&rsquo;accro\u00eet, la pand\u00e9mie limitant fortement leurs interactions sociales. Face \u00e0 cette situation, une solution va conna\u00eetre un essor in\u00e9dit : la cohabitation interg\u00e9n\u00e9rationnelle. Son principe est simple. <strong>Un \u00e9tudiant s&rsquo;installe chez une personne \u00e2g\u00e9e en \u00e9change d&rsquo;un loyer r\u00e9duit<\/strong>, voire symbolique, contre une pr\u00e9sence bienveillante et quelques services du quotidien.<\/p>\n","protected":false},"excerpt":{"rendered":"Un toit pour les \u00e9tudiants, une pr\u00e9sence pour les seniors. Ils \u00e9taient nombreux, apr\u00e8s le premier confinement, \u00e0&hellip;\n","protected":false},"author":2,"featured_media":237975,"comment_status":"","ping_status":"","sticky":false,"template":"","format":"standard","meta":{"footnotes":""},"categories":[2814],"tags":[17,1111,11,13032,13050,6379,1777,674,1011,27,37770,26637,151,11261,884,12,882,16,25],"class_list":{"0":"post-237974","1":"post","2":"type-post","3":"status-publish","4":"format-standard","5":"has-post-thumbnail","7":"category-marseille","8":"tag-17","9":"tag-actu","10":"tag-actualites","11":"tag-cherchent","12":"tag-colocation","13":"tag-etudiants","14":"tag-eu","15":"tag-europe","16":"tag-fr","17":"tag-france","18":"tag-intergenerationnelle","19":"tag-lheure","20":"tag-les","21":"tag-loger","22":"tag-marseille","23":"tag-news","24":"tag-provence-alpes-cote-dazur","25":"tag-region","26":"tag-republique-francaise"},"share_on_mastodon":{"url":"https:\/\/pubeurope.com\/@fr\/114824152954401135","error":""},"_links":{"self":[{"href":"https:\/\/www.europesays.com\/fr\/wp-json\/wp\/v2\/posts\/237974","targetHints":{"allow":["GET"]}}],"collection":[{"href":"https:\/\/www.europesays.com\/fr\/wp-json\/wp\/v2\/posts"}],"about":[{"href":"https:\/\/www.europesays.com\/fr\/wp-json\/wp\/v2\/types\/post"}],"author":[{"embeddable":true,"href":"https:\/\/www.europesays.com\/fr\/wp-json\/wp\/v2\/users\/2"}],"replies":[{"embeddable":true,"href":"https:\/\/www.europesays.com\/fr\/wp-json\/wp\/v2\/comments?post=237974"}],"version-history":[{"count":0,"href":"https:\/\/www.europesays.com\/fr\/wp-json\/wp\/v2\/posts\/237974\/revisions"}],"wp:featuredmedia":[{"embeddable":true,"href":"https:\/\/www.europesays.com\/fr\/wp-json\/wp\/v2\/media\/237975"}],"wp:attachment":[{"href":"https:\/\/www.europesays.com\/fr\/wp-json\/wp\/v2\/media?parent=237974"}],"wp:term":[{"taxonomy":"category","embeddable":true,"href":"https:\/\/www.europesays.com\/fr\/wp-json\/wp\/v2\/categories?post=237974"},{"taxonomy":"post_tag","embeddable":true,"href":"https:\/\/www.europesays.com\/fr\/wp-json\/wp\/v2\/tags?post=237974"}],"curies":[{"name":"wp","href":"https:\/\/api.w.org\/{rel}","templated":true}]}}