{"id":237980,"date":"2025-07-09T16:13:22","date_gmt":"2025-07-09T16:13:22","guid":{"rendered":"https:\/\/www.europesays.com\/fr\/237980\/"},"modified":"2025-07-09T16:13:22","modified_gmt":"2025-07-09T16:13:22","slug":"lyon-loeuvre-tres-critiquee-place-bellecour-est-terminee-voici-le-resultat-final","status":"publish","type":"post","link":"https:\/\/www.europesays.com\/fr\/237980\/","title":{"rendered":"Lyon. L&rsquo;\u0153uvre tr\u00e8s critiqu\u00e9e place Bellecour est termin\u00e9e, voici le r\u00e9sultat final"},"content":{"rendered":"<p>            Par<br \/>\n        <strong><br \/>\n            <a href=\"https:\/\/actu.fr\/auteur\/anthony-soudani\" title=\"Consulter tous les articles de Anthony Soudani\" target=\"_blank\" rel=\"noopener\">Anthony Soudani<\/a><br \/>\n        <\/strong><\/p>\n<p>        Publi\u00e9 le<\/p>\n<p>            9 juil. 2025 \u00e0 17h55        <\/p>\n<p><strong>Tissage urbain<\/strong> est termin\u00e9. L\u2019installation de l\u2019\u0153uvre, qui n\u2019en finit plus de faire pol\u00e9mique place <a href=\"https:\/\/actu.fr\/auvergne-rhone-alpes\/lyon_69123\/lyon-ztl-travaux-bellecour-aulas-valentin-lungenstrass-adjoint-au-maire-repond_62831098.html\" target=\"_blank\" rel=\"noopener\">Bellecour<\/a>, est finie \u00e0 <a href=\"https:\/\/actu.fr\/lyon\/\" target=\"_blank\" rel=\"noopener\">Lyon<\/a>. Les ombri\u00e8res g\u00e9antes sont toutes mises en place et des brumisateurs ont \u00e9t\u00e9 ajout\u00e9s pour rafra\u00eechir les lieux.<\/p>\n<p class=\" wall-content\">Voici \u00e0 quoi ressemble cet ouvrage d\u00e9fendu bec et ongles par ses cr\u00e9ateurs et la mairie \u00e9cologiste de <strong>Gr\u00e9gory Doucet.<\/strong><\/p>\n<p>\u00ab\u00a0Je suis tr\u00e8s \u00e9mu de voir cette place prendre vie\u00a0\u00bb<\/p>\n<p class=\" wall-content\">Alors que les temp\u00e9ratures sont plus douces ce mercredi 9 juillet, plusieurs personnes profitent des installations, donnent leur avis sur l\u2019\u0153uvre et la photographient. Chacun y va dans son commentaire sous l\u2019\u0153il de <strong>Romain Froquet, l\u2019un des cr\u00e9ateurs<\/strong>, qui nous confie ne plus quitter Bellecour depuis plusieurs jours (et nuits).\u00a0<\/p>\n<p class=\" wall-content\">\u00ab\u00a0Tout est termin\u00e9. Tissage urbain appartient \u00e0 cette place Bellecour pour une p\u00e9riode de cinq ans. Je suis tr\u00e8s \u00e9mu de voir cette place prendre vie\u00a0\u00bb, nous dit-il, la scrutant sous toutes les coutures.<\/p>\n<p class=\" wall-content\">\n    <img   decoding=\"async\" loading=\"lazy\" src=\"https:\/\/www.europesays.com\/fr\/wp-content\/uploads\/2025\/07\/tissage-urbain-lyon-bellecour-960x640.jpg\" alt=\"L'\u0153uvre Tissage urbain est termin\u00e9e place Bellecour.\" width=\"960\" height=\"640\"\/><br \/>\n    L\u2019\u0153uvre Tissage urbain est termin\u00e9e place Bellecour. (\u00a9Anthony Soudani \/ actu Lyon)<br \/>\n    <img   decoding=\"async\" loading=\"lazy\" src=\"https:\/\/www.europesays.com\/fr\/wp-content\/uploads\/2025\/07\/tissage-urbain-place-bellecour-lyon-2-960x640.jpg\" alt=\"Tous les \u00e9l\u00e9ments de Tissage urbain ont \u00e9t\u00e9 mis en place \u00e0 Bellecour.\" width=\"960\" height=\"640\"\/><br \/>\n    Tous les \u00e9l\u00e9ments de Tissage urbain ont \u00e9t\u00e9 mis en place \u00e0 Bellecour. (\u00a9Anthony Soudani \/ actu Lyon)<br \/>\n    <img   decoding=\"async\" loading=\"lazy\" src=\"https:\/\/www.europesays.com\/fr\/wp-content\/uploads\/2025\/07\/tissage-urbain-lyon-place-bellecour-960x640.jpg\" alt=\"Des passants se posent sous les ombri\u00e8res de la place Bellecour, \u00e0 Lyon.\" width=\"960\" height=\"640\"\/><br \/>\n    Les ombri\u00e8res bleues de Tissage urbain, install\u00e9 place Bellecour, \u00e0 Lyon. (\u00a9Anthony Soudani \/ actu Lyon)<\/p>\n<p>Toutes les ombri\u00e8res et les brumisateurs install\u00e9s<\/p>\n<p class=\" wall-content\">L\u2019\u0153uvre Tissage urbain s\u2019inspire des canuts, tisserands de soie lyonnais. Ses structures bois et les drap\u00e9s suspendus \u00e9voquent les m\u00e9tiers \u00e0 tisser c\u00e9l\u00e9brant l\u2019identit\u00e9 de la ville et le patrimoine culturel de Lyon.<\/p>\n<p>Vid\u00e9os : en ce moment sur Actu<\/p>\n<p class=\" wall-content\">Elle se d\u00e9coupe de cette mani\u00e8re :<\/p>\n<ul class=\" wall-content\">\n<li>\u00c0 l\u2019est : c\u2019est le trac\u00e9 d\u2019ombre et de lumi\u00e8re (orange). L\u2019installation accompagne le flux pi\u00e9ton entre la bouche de m\u00e9tro et la zone arbor\u00e9e.<\/li>\n<li>Du sud-ouest au nord : c\u2019est le trac\u00e9 des usages (bleu).<\/li>\n<li>Du sud au nord-ouest : c\u2019est le trac\u00e9 de l\u2019eau (vert). \u00ab\u00a0Cette travers\u00e9e symbolique recr\u00e9e un lien perdu entre la place, le Rh\u00f4ne et la Sa\u00f4ne.\u00a0\u00bb Cet endroit est vendu comme un lieu de rafra\u00eechissement pour tous en cas de fortes chaleurs, notamment pendant les mois d\u2019\u00e9t\u00e9 o\u00f9 des brumisateurs ont \u00e9t\u00e9 install\u00e9s.<\/li>\n<\/ul>\n<p class=\" wall-content\">\n    <img   decoding=\"async\" loading=\"lazy\" src=\"https:\/\/www.europesays.com\/fr\/wp-content\/uploads\/2025\/07\/bellecour-tissage-urbain-lyon-960x640.jpg\" alt=\"Des brumisateurs ont \u00e9t\u00e9 install\u00e9es sous les ombri\u00e8res bleues de Tissage urbain.\" width=\"960\" height=\"640\"\/><br \/>\n    Des brumisateurs ont \u00e9t\u00e9 install\u00e9s sous les ombri\u00e8res bleues de Tissage urbain. (\u00a9Anthony Soudani \/ actu Lyon)<br \/>\n    <img   decoding=\"async\" loading=\"lazy\" src=\"https:\/\/www.europesays.com\/fr\/wp-content\/uploads\/2025\/07\/oeuvre-tissage-urbain-a-bellecour-lyon-960x640.jpg\" alt=\"Voici \u00e0 quoi ressemble Tissage urbain, \u00e0 Lyon.\" width=\"960\" height=\"640\"\/><br \/>\n    Voici \u00e0 quoi ressemble Tissage urbain, \u00e0 Lyon. (\u00a9Anthony Soudani \/ actu Lyon)<br \/>\n    <img   decoding=\"async\" loading=\"lazy\" src=\"https:\/\/www.europesays.com\/fr\/wp-content\/uploads\/2025\/07\/oeuvre-tissage-urbain-lyon-bellecour-960x640.jpg\" alt=\"Des passants s'arr\u00eatent et s'installent sous l'\u0153uvre Tissage urbain, place Bellecour, \u00e0 Lyon, mercredi 9 juillet.\" width=\"960\" height=\"640\"\/><br \/>\n    Des passants s\u2019arr\u00eatent et s\u2019installent sous l\u2019\u0153uvre Tissage urbain, place Bellecour, \u00e0 Lyon, mercredi 9 juillet. (\u00a9Anthony Soudani \/ actu Lyon)<\/p>\n<p>L\u2019installation de Tissage urbain divise<\/p>\n<p class=\" wall-content\">La place Bellecour vraiment plus fra\u00eeche ? Ce dernier point est loin de convaincre tout le monde\u2026<\/p>\n<p class=\" wall-content\">Lors de la derni\u00e8re canicule, elle a \u00e9t\u00e9 comme \u00e0 son habitude d\u00e9sert\u00e9e. Pierre Oliver, maire LR du 2e arrondissement et candidat face \u00e0 Gr\u00e9gory Doucet, a d\u2019ailleurs <a href=\"https:\/\/actu.fr\/auvergne-rhone-alpes\/lyon_69123\/lyon-plus-de-45-c-sous-l-oeuvre-polemique-de-la-place-bellecour-le-createur-replique_62827705.html\" target=\"_blank\" rel=\"noopener\">mesur\u00e9 la temp\u00e9rature dans une vid\u00e9o qui a fait beaucoup de bruit<\/a>. Il souhaitait d\u00e9montrer que la place Bellecour restait un \u00eelot de chaleur.\u00a0<\/p>\n<p>    <img   decoding=\"async\" loading=\"lazy\" src=\"https:\/\/www.europesays.com\/fr\/wp-content\/uploads\/2025\/07\/tissage-urbain-lyon-bellecour-lignes-vertes-960x640.jpg\" alt=\"Les lignes vertes de Tissage urbain sur la place Bellecour de Lyon.\" width=\"960\" height=\"640\"\/><br \/>\n    Les lignes vertes de Tissage urbain sur la place Bellecour de Lyon. (\u00a9Anthony Soudani \/ actu Lyon)<\/p>\n<p class=\" wall-content\">D\u2019autres sont d\u00e9\u00e7us parce que <a href=\"https:\/\/actu.fr\/auvergne-rhone-alpes\/lyon_69123\/lyon-le-projet-de-vegetalisation-de-bellecour-pas-encore-presente-fait-deja-des-remous_61810337.html\" target=\"_blank\" rel=\"noopener\">les \u00e9cologistes avaient promis de la v\u00e9g\u00e9talisation<\/a> sur cette place. Finalement, il n\u2019en est rien. Certains, cependant, sont satisfaits.<\/p>\n<p class=\" wall-content\">Ils profitent des quelques espaces ombrag\u00e9s. Des enfants crois\u00e9s sur la place sont heureux de passer sous les brumisateurs. Mais les partisans de cette \u0153uvre se font moins entendre que les opposants qui qualifient Tissage urbain \u00ab\u00a0d\u2019\u00e9tendoir \u00e0 linge\u00a0\u00bb et critiquent son co\u00fbt estim\u00e9 \u00e0 <strong>1,6 million d\u2019euros<\/strong>.\u00a0<\/p>\n<p class=\" wall-content\">Suivez toute l\u2019actualit\u00e9 de vos villes et m\u00e9dias favoris en vous inscrivant \u00e0 <a href=\"https:\/\/moncompte.actu.fr\" title=\"D\u00e9couvez Mon Actu\" rel=\"nofollow noopener\" data-trk=\"{&quot;cta&quot;:{&quot;action&quot;:&quot;https:\\\/\\\/moncompte.actu.fr&quot;,&quot;category&quot;:&quot;mon compte&quot;,&quot;from&quot;:&quot;article footer&quot;,&quot;name&quot;:&quot;Mon actu&quot;,&quot;type&quot;:&quot;cta&quot;}}\" target=\"_blank\">Mon Actu<\/a>.<\/p>\n<ul class=\"ac-article-tag wall-content\">\n<li><a href=\"https:\/\/actu.fr\/tag\/bellecour\" data-trk=\"{&quot;cta&quot;:{&quot;action&quot;:&quot;Bellecour&quot;,&quot;category&quot;:&quot;tag&quot;,&quot;from&quot;:&quot;article footer&quot;,&quot;name&quot;:&quot;Bellecour&quot;,&quot;type&quot;:&quot;cta&quot;}}\" target=\"_blank\" rel=\"noopener\">#Bellecour<\/a><\/li>\n<li><a href=\"https:\/\/actu.fr\/tag\/gregory-doucet\" data-trk=\"{&quot;cta&quot;:{&quot;action&quot;:&quot;Gr\\u00e9gory Doucet&quot;,&quot;category&quot;:&quot;tag&quot;,&quot;from&quot;:&quot;article footer&quot;,&quot;name&quot;:&quot;Gr\\u00e9gory Doucet&quot;,&quot;type&quot;:&quot;cta&quot;}}\" target=\"_blank\" rel=\"noopener\">#Gr\u00e9gory Doucet<\/a><\/li>\n<\/ul>\n","protected":false},"excerpt":{"rendered":"Par Anthony Soudani Publi\u00e9 le 9 juil. 2025 \u00e0 17h55 Tissage urbain est termin\u00e9. L\u2019installation de l\u2019\u0153uvre, qui&hellip;\n","protected":false},"author":2,"featured_media":237981,"comment_status":"","ping_status":"","sticky":false,"template":"","format":"standard","meta":{"footnotes":""},"categories":[1889],"tags":[1111,11,2430,5272,1777,674,1011,27,5226,2428,12,25,104],"class_list":{"0":"post-237980","1":"post","2":"type-post","3":"status-publish","4":"format-standard","5":"has-post-thumbnail","7":"category-lyon","8":"tag-actu","9":"tag-actualites","10":"tag-auvergne-rhone-alpes","11":"tag-bellecour","12":"tag-eu","13":"tag-europe","14":"tag-fr","15":"tag-france","16":"tag-gregory-doucet","17":"tag-lyon","18":"tag-news","19":"tag-republique-francaise","20":"tag-societe"},"share_on_mastodon":{"url":"https:\/\/pubeurope.com\/@fr\/114824165280874710","error":""},"_links":{"self":[{"href":"https:\/\/www.europesays.com\/fr\/wp-json\/wp\/v2\/posts\/237980","targetHints":{"allow":["GET"]}}],"collection":[{"href":"https:\/\/www.europesays.com\/fr\/wp-json\/wp\/v2\/posts"}],"about":[{"href":"https:\/\/www.europesays.com\/fr\/wp-json\/wp\/v2\/types\/post"}],"author":[{"embeddable":true,"href":"https:\/\/www.europesays.com\/fr\/wp-json\/wp\/v2\/users\/2"}],"replies":[{"embeddable":true,"href":"https:\/\/www.europesays.com\/fr\/wp-json\/wp\/v2\/comments?post=237980"}],"version-history":[{"count":0,"href":"https:\/\/www.europesays.com\/fr\/wp-json\/wp\/v2\/posts\/237980\/revisions"}],"wp:featuredmedia":[{"embeddable":true,"href":"https:\/\/www.europesays.com\/fr\/wp-json\/wp\/v2\/media\/237981"}],"wp:attachment":[{"href":"https:\/\/www.europesays.com\/fr\/wp-json\/wp\/v2\/media?parent=237980"}],"wp:term":[{"taxonomy":"category","embeddable":true,"href":"https:\/\/www.europesays.com\/fr\/wp-json\/wp\/v2\/categories?post=237980"},{"taxonomy":"post_tag","embeddable":true,"href":"https:\/\/www.europesays.com\/fr\/wp-json\/wp\/v2\/tags?post=237980"}],"curies":[{"name":"wp","href":"https:\/\/api.w.org\/{rel}","templated":true}]}}