{"id":237986,"date":"2025-07-09T16:17:18","date_gmt":"2025-07-09T16:17:18","guid":{"rendered":"https:\/\/www.europesays.com\/fr\/237986\/"},"modified":"2025-07-09T16:17:18","modified_gmt":"2025-07-09T16:17:18","slug":"lelu-suspecte-de-louer-des-logements-a-des-prostituees-contraint-de-demissionner","status":"publish","type":"post","link":"https:\/\/www.europesays.com\/fr\/237986\/","title":{"rendered":"l&rsquo;\u00e9lu, suspect\u00e9 de louer des logements \u00e0 des prostitu\u00e9es, contraint de d\u00e9missionner"},"content":{"rendered":"<p>L\u2019affaire, embarrassante, vient de provoquer une r\u00e9action de la mairie concern\u00e9e. Selon les informations de Paris Match, R\u00e9gis Charbonnier, le maire de Boissy-Saint-L\u00e9ger (Val-de-Marne) vient de demander la d\u00e9mission d\u2019un \u00e9lu de sa majorit\u00e9 apr\u00e8s les r\u00e9v\u00e9lations publi\u00e9es, ce mardi 8 juillet, <a href=\"https:\/\/www.parismatch.com\/actu\/faits-divers\/info-match-boissy-saint-leger-soupconne-davoir-loue-des-logements-a-des-prostituees-un-elu-juge-en-novembre-253914\" rel=\"nofollow noopener\" target=\"_blank\" data-ylk=\"slk:sur notre site;elm:context_link;itc:0;sec:content-canvas\" class=\"link \">sur notre site<\/a>\u00a0.<\/p>\n<blockquote class=\"caas-blockquote\">\n<p>Ce dossier est pris tr\u00e8s au s\u00e9rieux par mes \u00e9quipes et moi-m\u00eame<\/p>\n<p>R\u00e9gis Charbonnier, le maire de Boissy-Saint-L\u00e9ger<\/p>\n<\/blockquote>\n<p>Dans un communiqu\u00e9 port\u00e9 \u00e0 la connaissance de Paris Match, le premier \u00e9dile de la ville indique avoir \u00ab\u00a0pris connaissance des informations parues dans un article publi\u00e9 hier, mardi 8 juillet, dans Paris Match\u00a0\u00bb.\u00a0\u00ab\u00a0Les faits \u00e9voqu\u00e9s sont graves. Ce dossier est pris tr\u00e8s au s\u00e9rieux par mes \u00e9quipes et moi-m\u00eame. Malgr\u00e9 des tentatives r\u00e9it\u00e9r\u00e9es, la ville n\u2019a pu \u00e9tablir de dialogue avec l\u2019int\u00e9ress\u00e9 pour obtenir des \u00e9claircissements, poursuit-il. Aussi, par respect pour les victimes potentielles, pour permettre la bonne tenue de la proc\u00e9dure judiciaire et pour garantir la continuit\u00e9 apais\u00e9e des affaires locales, je demande \u00e0 l\u2019\u00e9lu concern\u00e9 de se mettre imm\u00e9diatement en retrait de la vie municipale en me remettant sa d\u00e9mission. Par ailleurs, j\u2019ai pris la d\u00e9cision de lui retirer, sans d\u00e9lai, la d\u00e9l\u00e9gation que je lui avais confi\u00e9e\u00a0\u00bb.<\/p>\n<p>Le loyer, fix\u00e9 \u00e0 250\u20ac par semaine, lui \u00e9tait vers\u00e9 en esp\u00e8ces<\/p>\n<p>L\u2019\u00e9lu concern\u00e9, \u00e2g\u00e9 de 42 ans, est soup\u00e7onn\u00e9 d\u2019avoir pris attache, \u00e0 l\u2019automne 2024, avec une prostitu\u00e9e afin de lui louer un logement \u00e0 Choisy-le-Roi. Le loyer, fix&#8230;<\/p>\n<p><a href=\"https:\/\/www.parismatch.com\/actu\/faits-divers\/info-paris-match-boissy-saint-leger-lelu-suspecte-de-louer-des-logements-a-des-prostituees-contraint-de-demissionner-254033?at_medium=affiliate&amp;at_campaign=Yahoo\" rel=\"nofollow noopener\" target=\"_blank\" data-ylk=\"slk:Lire la suite sur ParisMatch;elm:context_link;itc:0;sec:content-canvas\" class=\"link \">Lire la suite sur ParisMatch<\/a><\/p>\n","protected":false},"excerpt":{"rendered":"L\u2019affaire, embarrassante, vient de provoquer une r\u00e9action de la mairie concern\u00e9e. Selon les informations de Paris Match, R\u00e9gis&hellip;\n","protected":false},"author":2,"featured_media":237987,"comment_status":"","ping_status":"","sticky":false,"template":"","format":"standard","meta":{"footnotes":""},"categories":[1888],"tags":[1111,1928,11,1927,33649,37771,14192,1777,674,1011,27,37773,12,1926,626,1925,37772,25],"class_list":{"0":"post-237986","1":"post","2":"type-post","3":"status-publish","4":"format-standard","5":"has-post-thumbnail","7":"category-paris","8":"tag-actu","9":"tag-actu-paris","10":"tag-actualites","11":"tag-actualites-paris","12":"tag-boissy-saint-leger","13":"tag-charbonnier","14":"tag-elu","15":"tag-eu","16":"tag-europe","17":"tag-fr","18":"tag-france","19":"tag-lelu","20":"tag-news","21":"tag-news-paris","22":"tag-paris","23":"tag-paris-news","24":"tag-regis-charbonnier","25":"tag-republique-francaise"},"share_on_mastodon":{"url":"https:\/\/pubeurope.com\/@fr\/114824180434845082","error":""},"_links":{"self":[{"href":"https:\/\/www.europesays.com\/fr\/wp-json\/wp\/v2\/posts\/237986","targetHints":{"allow":["GET"]}}],"collection":[{"href":"https:\/\/www.europesays.com\/fr\/wp-json\/wp\/v2\/posts"}],"about":[{"href":"https:\/\/www.europesays.com\/fr\/wp-json\/wp\/v2\/types\/post"}],"author":[{"embeddable":true,"href":"https:\/\/www.europesays.com\/fr\/wp-json\/wp\/v2\/users\/2"}],"replies":[{"embeddable":true,"href":"https:\/\/www.europesays.com\/fr\/wp-json\/wp\/v2\/comments?post=237986"}],"version-history":[{"count":0,"href":"https:\/\/www.europesays.com\/fr\/wp-json\/wp\/v2\/posts\/237986\/revisions"}],"wp:featuredmedia":[{"embeddable":true,"href":"https:\/\/www.europesays.com\/fr\/wp-json\/wp\/v2\/media\/237987"}],"wp:attachment":[{"href":"https:\/\/www.europesays.com\/fr\/wp-json\/wp\/v2\/media?parent=237986"}],"wp:term":[{"taxonomy":"category","embeddable":true,"href":"https:\/\/www.europesays.com\/fr\/wp-json\/wp\/v2\/categories?post=237986"},{"taxonomy":"post_tag","embeddable":true,"href":"https:\/\/www.europesays.com\/fr\/wp-json\/wp\/v2\/tags?post=237986"}],"curies":[{"name":"wp","href":"https:\/\/api.w.org\/{rel}","templated":true}]}}