{"id":237998,"date":"2025-07-09T16:24:12","date_gmt":"2025-07-09T16:24:12","guid":{"rendered":"https:\/\/www.europesays.com\/fr\/237998\/"},"modified":"2025-07-09T16:24:12","modified_gmt":"2025-07-09T16:24:12","slug":"la-chine-nie-les-accusations-de-lallemagne-concernant-lincident-du-laser-en-mer-rouge","status":"publish","type":"post","link":"https:\/\/www.europesays.com\/fr\/237998\/","title":{"rendered":"La Chine nie les accusations de l&rsquo;Allemagne concernant l&rsquo;incident du laser en mer Rouge &#8211;"},"content":{"rendered":"<p><strong>Les derni\u00e8res nouvelles sur l&rsquo;Allemagne et la Chine<\/strong>. La Chine a fermement rejet\u00e9 l&rsquo;accusation de l&rsquo;Allemagne selon laquelle un navire de guerre chinois aurait dirig\u00e9 un laser vers un avion de reconnaissance allemand au-dessus de la mer Rouge (tu peux en savoir plus sur l&rsquo;accusation de l&rsquo;Allemagne <a href=\"https:\/\/www.gamereactor.fr\/larmee-chinoise-deploie-un-laser-contre-un-avion-allemand-suscitant-la-reaction-de-lallemagne-1872653\/\" title=\"L&#039;arm\u00e9e chinoise d\u00e9ploie un laser contre un avion allemand, suscitant la r\u00e9action de l&#039;Allemagne.\" rel=\"nofollow noopener\" target=\"_blank\">ici<\/a>).<\/p>\n<p>Tout d&rsquo;abord, le minist\u00e8re allemand des affaires \u00e9trang\u00e8res a convoqu\u00e9 l&rsquo;ambassadeur chinois et a qualifi\u00e9 l&rsquo;incident de \u00ab\u00a0tout \u00e0 fait inacceptable\u00a0\u00bb. Aujourd&rsquo;hui, la Chine a r\u00e9pliqu\u00e9 en affirmant que le r\u00e9cit de l&rsquo;Allemagne \u00e9tait \u00ab\u00a0totalement incoh\u00e9rent avec les faits connus par la partie chinoise\u00a0\u00bb.<\/p>\n<p>L&rsquo;incident, que l&rsquo;Allemagne a d\u00e9crit comme une menace pour son personnel, a exacerb\u00e9 les tensions, incitant les deux parties \u00e0 convoquer leurs ambassadeurs respectifs. La Chine a insist\u00e9 sur le fait que ses op\u00e9rations navales \u00e9taient l\u00e9gales et a accus\u00e9 l&rsquo;Allemagne de d\u00e9former la situation.<\/p>\n<p><img loading=\"lazy\" decoding=\"async\" id=\"img-1873963-4601173\" data-fullsize=\"\/media\/11\/chinadeniesgerman_4601173.jpg\" data-lazy=\"\" src=\"https:\/\/www.europesays.com\/fr\/wp-content\/uploads\/2025\/07\/chinadeniesgerman_4601173_650x.jpg\" width=\"650\" onclick=\"if (!window.__cfRLUnblockHandlers) return false; gallery_openmodal('1873963','4601173');\" height=\"434\" alt=\"La Chine nie les accusations de l'Allemagne concernant l'incident du laser en mer Rouge\" class=\"rwd_col_content lazy\" data-cf-modified-077bee032a419f1a30acc266-=\"\"\/>Berlin 2021 : Le minist\u00e8re f\u00e9d\u00e9ral des Affaires \u00e9trang\u00e8res (Ausw\u00e4rtiges Amt) sur le Werderscher Markt dans le quartier de Mitte. Lettrage et aigle f\u00e9d\u00e9ral \u00e0 l&rsquo;entr\u00e9e. \/\/ Shutterstock<\/p>\n","protected":false},"excerpt":{"rendered":"Les derni\u00e8res nouvelles sur l&rsquo;Allemagne et la Chine. La Chine a fermement rejet\u00e9 l&rsquo;accusation de l&rsquo;Allemagne selon laquelle&hellip;\n","protected":false},"author":2,"featured_media":237999,"comment_status":"","ping_status":"","sticky":false,"template":"","format":"standard","meta":{"footnotes":""},"categories":[1587],"tags":[11,672,1804,1805,1803,1777,674,1801,12,1802],"class_list":{"0":"post-237998","1":"post","2":"type-post","3":"status-publish","4":"format-standard","5":"has-post-thumbnail","7":"category-allemagne","8":"tag-actualites","9":"tag-allemagne","10":"tag-bundesrepublik-deutschland","11":"tag-de","12":"tag-deutschland","13":"tag-eu","14":"tag-europe","15":"tag-germany","16":"tag-news","17":"tag-republique-federale-dallemagne"},"share_on_mastodon":{"url":"https:\/\/pubeurope.com\/@fr\/114824208005665719","error":""},"_links":{"self":[{"href":"https:\/\/www.europesays.com\/fr\/wp-json\/wp\/v2\/posts\/237998","targetHints":{"allow":["GET"]}}],"collection":[{"href":"https:\/\/www.europesays.com\/fr\/wp-json\/wp\/v2\/posts"}],"about":[{"href":"https:\/\/www.europesays.com\/fr\/wp-json\/wp\/v2\/types\/post"}],"author":[{"embeddable":true,"href":"https:\/\/www.europesays.com\/fr\/wp-json\/wp\/v2\/users\/2"}],"replies":[{"embeddable":true,"href":"https:\/\/www.europesays.com\/fr\/wp-json\/wp\/v2\/comments?post=237998"}],"version-history":[{"count":0,"href":"https:\/\/www.europesays.com\/fr\/wp-json\/wp\/v2\/posts\/237998\/revisions"}],"wp:featuredmedia":[{"embeddable":true,"href":"https:\/\/www.europesays.com\/fr\/wp-json\/wp\/v2\/media\/237999"}],"wp:attachment":[{"href":"https:\/\/www.europesays.com\/fr\/wp-json\/wp\/v2\/media?parent=237998"}],"wp:term":[{"taxonomy":"category","embeddable":true,"href":"https:\/\/www.europesays.com\/fr\/wp-json\/wp\/v2\/categories?post=237998"},{"taxonomy":"post_tag","embeddable":true,"href":"https:\/\/www.europesays.com\/fr\/wp-json\/wp\/v2\/tags?post=237998"}],"curies":[{"name":"wp","href":"https:\/\/api.w.org\/{rel}","templated":true}]}}