{"id":238009,"date":"2025-07-09T16:30:12","date_gmt":"2025-07-09T16:30:12","guid":{"rendered":"https:\/\/www.europesays.com\/fr\/238009\/"},"modified":"2025-07-09T16:30:12","modified_gmt":"2025-07-09T16:30:12","slug":"le-club-de-golf-st-georges-ferme-pour-la-journee","status":"publish","type":"post","link":"https:\/\/www.europesays.com\/fr\/238009\/","title":{"rendered":"Le Club de golf St-Georges ferm\u00e9 pour la journ\u00e9e"},"content":{"rendered":"<p>&#13;<br \/>\n&#13;<br \/>\n                        &#13;<br \/>\n&#13;<br \/>\n&#13;<\/p>\n<p style=\"text-align: justify;\"><strong>Le Club de golf St-Georges est ferm\u00e9 aujourd&rsquo;hui, en raison des pluies abondantes et intenses qui sont tomb\u00e9es hier sur la r\u00e9gion.<\/strong><\/p>\n<p>&#13;<br \/>\n&#13;<\/p>\n<p style=\"text-align: justify;\">Mais tout devrait revenir \u00e0 la normale demain, a indiqu\u00e9 le professionnel du club, Mario Fecteau, lors d&rsquo;un entretien t\u00e9l\u00e9phonique avec EnBeauce.com. Les d\u00e9parts devraient se faire sans probl\u00e8me, a-t-il assur\u00e9, \u00e0 moins que Dame Nature ne r\u00e9cidive.<\/p>\n<p>&#13;<br \/>\n&#13;<\/p>\n<p style=\"text-align: justify;\">\u00c0 Beauceville, les golfeurs ont pu jouer ce matin sur un terrain mouilleux, mais en se d\u00e9pla\u00e7ant seulement \u00e0 pied, a fait savoir le professionnel de l&rsquo;endroit, Marquis Bolduc. Le d\u00e9placement sur voiturette \u00e9lectrique sera autoris\u00e9 cet apr\u00e8s-midi.<\/p>\n<p>&#13;<br \/>\n&#13;<\/p>\n<p style=\"text-align: justify;\">Au Club de golf de Saint-Beno\u00eet-Labre, les amateurs doivent se d\u00e9placer par voiturette strictement via les sentiers entre le trou 1 et le 6 qu&rsquo;ils peuvent jouer en aller-retour. Comme les trous 8 et 9 sont flambant neufs, on limite l&rsquo;accessibilit\u00e9 aux golfeurs \u00e0 pied, a indiqu\u00e9 Tommy Hazen, professionnel de l&rsquo;endroit.<\/p>\n<p>&#13;<br \/>\n&#13;<\/p>\n<p style=\"text-align: justify;\">\u00c0 Saint-Benjamin, seul\u00a0le premier 9 trous est ouvert, mais aussi avec beaucoup de limitations quant aux d\u00e9placements, si possible sans utiliser de voiturette, a indiqu\u00e9 un employ\u00e9 du terrain, Andr\u00e9 Caron. Le sc\u00e9nario devrait \u00eatre similaire demain, car le tour du lac est compl\u00e8tement inond\u00e9, a-t-il fait savoir.<\/p>\n<p>&#13;<br \/>\n&#13;<\/p>\n<p style=\"text-align: justify;\">\u00a0<\/p>\n<p>&#13;<br \/>\n&#13;<\/p>\n<p style=\"text-align: justify;\">\u00a0<\/p>\n<p>&#13;<br \/>\n&#13;<\/p>\n<p style=\"text-align: justify;\">\u00a0<\/p>\n<p>&#13;<\/p>\n","protected":false},"excerpt":{"rendered":"&#13; &#13; &#13; &#13; &#13; Le Club de golf St-Georges est ferm\u00e9 aujourd&rsquo;hui, en raison des pluies abondantes&hellip;\n","protected":false},"author":2,"featured_media":238010,"comment_status":"","ping_status":"","sticky":false,"template":"","format":"standard","meta":{"footnotes":""},"categories":[1418],"tags":[1011,27,1472,60],"class_list":{"0":"post-238009","1":"post","2":"type-post","3":"status-publish","4":"format-standard","5":"has-post-thumbnail","7":"category-golf","8":"tag-fr","9":"tag-france","10":"tag-golf","11":"tag-sports"},"share_on_mastodon":{"url":"https:\/\/pubeurope.com\/@fr\/114824231137396981","error":""},"_links":{"self":[{"href":"https:\/\/www.europesays.com\/fr\/wp-json\/wp\/v2\/posts\/238009","targetHints":{"allow":["GET"]}}],"collection":[{"href":"https:\/\/www.europesays.com\/fr\/wp-json\/wp\/v2\/posts"}],"about":[{"href":"https:\/\/www.europesays.com\/fr\/wp-json\/wp\/v2\/types\/post"}],"author":[{"embeddable":true,"href":"https:\/\/www.europesays.com\/fr\/wp-json\/wp\/v2\/users\/2"}],"replies":[{"embeddable":true,"href":"https:\/\/www.europesays.com\/fr\/wp-json\/wp\/v2\/comments?post=238009"}],"version-history":[{"count":0,"href":"https:\/\/www.europesays.com\/fr\/wp-json\/wp\/v2\/posts\/238009\/revisions"}],"wp:featuredmedia":[{"embeddable":true,"href":"https:\/\/www.europesays.com\/fr\/wp-json\/wp\/v2\/media\/238010"}],"wp:attachment":[{"href":"https:\/\/www.europesays.com\/fr\/wp-json\/wp\/v2\/media?parent=238009"}],"wp:term":[{"taxonomy":"category","embeddable":true,"href":"https:\/\/www.europesays.com\/fr\/wp-json\/wp\/v2\/categories?post=238009"},{"taxonomy":"post_tag","embeddable":true,"href":"https:\/\/www.europesays.com\/fr\/wp-json\/wp\/v2\/tags?post=238009"}],"curies":[{"name":"wp","href":"https:\/\/api.w.org\/{rel}","templated":true}]}}