{"id":238011,"date":"2025-07-09T16:32:09","date_gmt":"2025-07-09T16:32:09","guid":{"rendered":"https:\/\/www.europesays.com\/fr\/238011\/"},"modified":"2025-07-09T16:32:09","modified_gmt":"2025-07-09T16:32:09","slug":"top-14-gros-lamothe-marchand-votez-pour-la-meilleure-premiere-ligne-de-la-saison","status":"publish","type":"post","link":"https:\/\/www.europesays.com\/fr\/238011\/","title":{"rendered":"Top 14 &#8211; Gros, Lamothe, Marchand&#8230; Votez pour la meilleure premi\u00e8re ligne de la saison"},"content":{"rendered":"<p>\n                Sur qui compterez-vous pour former la premi\u00e8re ligne de la saison ? Chaque jour, nous vous proposons de voter pour vos meilleurs joueurs \u00e0 chaque poste. Aujourd&rsquo;hui, place \u00e0 la premi\u00e8re ligne, du gaucher au droitier en passant par le talonneur.\n            <\/p>\n<p>Marchand, Lamothe, Baubigny&#8230; Quel est votre meilleur talonneur de la saison ?<\/p>\n<p>Comment omettre, cette ann\u00e9e encore, les deux talonneurs du Stade toulousain ? Vainqueur de son troisi\u00e8me Bouclier de Brennus d&rsquo;affil\u00e9e, le club haut-garonnais a encore brill\u00e9 cette saison, qu&rsquo;il a pass\u00e9e en t\u00eate dans sa quasi-int\u00e9gralit\u00e9, avant d&rsquo;assurer la phase finale de belle mani\u00e8re. Et c&rsquo;est le fait notamment de ses talonneurs <strong>Julien Marchand <\/strong>et <strong>Peato Mauvaka<\/strong>. Le premier a rappel\u00e9, dans les tout derniers matchs de la saison, \u00e0 quel point il savait se mettre au niveau de ces grands rendez-vous. Et m\u00eame si le second a connu un destin plus cruel, avec une rupture du ligament crois\u00e9 d&rsquo;un genou survenue \u00e0 la mi-avril, il a particip\u00e9 \u00e0 la qu\u00eate du Tournoi des 6 Nations avec le XV de France, au sein duquel il a affirm\u00e9 son statut de titulaire. Et ce devant son co\u00e9quipier en club.<\/p>\n<p>Mais il n&rsquo;y a pas que Toulouse dans la vie. <strong>Maxime Lamothe<\/strong> a \u00e9t\u00e9 une r\u00e9f\u00e9rence \u00e0 son poste cette saison encore. Son explosivit\u00e9 unique a \u00e9t\u00e9 une rampe pr\u00e9cieuse pour le syst\u00e8me girondin, lequel a \u00e9t\u00e9 r\u00e9compens\u00e9 par un premier titre, en Champions Cup. Et \u00e7a n&rsquo;est pas donn\u00e9 \u00e0 tout le monde de claquer un tripl\u00e9 en demi-finale de Top 14&#8230;<\/p>\n<p>Du reste, <strong>Teddy Baubigny<\/strong> a prouv\u00e9 toute sa qualit\u00e9 au sein d&rsquo;une formation toulonnaise crainte pour sa f\u00e9rocit\u00e9 et <strong>Facundo Bosch <\/strong>a montr\u00e9 que le temps n&rsquo;a pas d&#8217;emprise sur lui ni sur sa science des rucks.<\/p>\n<\/p>\n<p>Gros, Erdocio, Beria&#8230; Quel est votre meilleur pilier gauche de la saison ?<\/p>\n<p>Il est devenu, malgr\u00e9 son c\u00f4t\u00e9 r\u00e9serv\u00e9, le taulier de l&rsquo;\u00e9quipe de France \u00e0 gauche de la m\u00eal\u00e9e. Cela au nez et \u00e0 la barbe de Cyril Baille, g\u00ean\u00e9 par une vilaine r\u00e9\u00e9ducation (faisant suite \u00e0 une rupture des ligaments d&rsquo;une cheville et fracture du p\u00e9ron\u00e9). C&rsquo;est bien simple, que ce soit \u00e0 la tourn\u00e9e d&rsquo;automne ou lors du 6 Nations, <strong>Jean-Baptiste Gros<\/strong> a offert de solides prestations. Et il n&rsquo;est pas \u00e9tranger \u00e0 la belle saison de Toulon (3e et demi-finaliste perdant). Dans notre s\u00e9lection, on retrouve <strong>Dany Priso<\/strong>, l&rsquo;autre Toulonnais \u00e0 cr\u00e9diter d&rsquo;une excellente saison, comme s&rsquo;il vivait un renouveau sur la rade.<\/p>\n<p>Deux autres barragistes m\u00e9ritent une mention. <strong>Giorgi Akhaladze <\/strong>fut l&rsquo;un des hommes forts de l&rsquo;ASM cette saison, malgr\u00e9 ses 29 matchs jou\u00e9s (toutes comp\u00e9titions et \u00e9quipes confondues). Comme le Clermontois, <strong>Giorgi Beria <\/strong>est actuellement en s\u00e9lection, en r\u00e9compense d&rsquo;un exercice plus que r\u00e9ussi. Apr\u00e8s sa cape avec France D\u00e9veloppement contre l&rsquo;Uruguay il y a un an, le natif de Tbilissi, en France depuis ses 2 ans, a franchi une \u00e9tape en affrontant les grands All Blacks samedi dernier. Logique quand on constate son app\u00e9tence pour le duel et son talent pour la m\u00eal\u00e9e ferm\u00e9e.<\/p>\n<p>Enfin, impossible d&rsquo;oublier <strong>Baptiste Erdocio<\/strong>, d\u00e9cid\u00e9ment bien plus qu&rsquo;un jeune joueur d\u00e9couvrant l&rsquo;\u00e9lite. Arriv\u00e9 au MHR de Biarritz l&rsquo;ann\u00e9e pass\u00e9e, il avait effectu\u00e9 une premi\u00e8re saison qui en disait long sur ses capacit\u00e9s (29 matchs dont 18 comme titulaire). Et l&rsquo;ann\u00e9e de la confirmation, qu&rsquo;on dit la plus dure, fut d&rsquo;autant plus \u00e9clatante, avec une titularisation avec l&rsquo;\u00e9quipe France A, vainqueur \u00e0 Twickenham il y a trois semaines. Un pilier loin d&rsquo;\u00eatre gauche, en somme&#8230;<\/p>\n<p>Tameifuna, Tatafu, Sinckler&#8230; Quel est votre meilleur pilier droit de la saison ?<\/p>\n<p>Ils sont l&rsquo;un des r\u00f4les ingrats de notre sport mais si importants dans la colonne vert\u00e9brale d&rsquo;une \u00e9quipe. Il n&rsquo;y a qu&rsquo;\u00e0 voir l&rsquo;importance de <strong>Ben Tameifuna<\/strong> dans la saison historique de Bordeaux-B\u00e8gles, qui est all\u00e9 chercher son premier sacre. De m\u00eame, malgr\u00e9 l&rsquo;inconstance de son \u00e9quipe, <strong>Uini Atonio<\/strong> a \u00e9t\u00e9 rassurant au moment de prendre la ligne d&rsquo;avantage ou de tenir la m\u00eal\u00e9e rochelaise. <strong>Wilfrid Hounkpatin<\/strong> et son profil hors-normes a \u00e9galement \u00e9t\u00e9 utilis\u00e9 \u00e0 bon escient du c\u00f4t\u00e9 de Montpellier, o\u00f9 le jeu \u00e0 une passe \u00e9tait la norme. L&rsquo;ascension de <strong>Tevita Tatafu<\/strong>, malgr\u00e9 les blessures, est \u00e0 signaler aussi. Et surtout, au moment de rouvrir la page de cet exercice 2024-2025, on se souviendra de l&rsquo;excellente forme de <strong>Kyle Sinckler<\/strong>, dont la motivation il y a un an \u00e9tait forc\u00e9ment un sujet d&rsquo;interrogations. L&rsquo;international anglais de 32 ans a r\u00e9pondu de belle mani\u00e8re \u00e0 tous les sceptiques !<\/p>\n<p>A vous de voter !<\/p>\n","protected":false},"excerpt":{"rendered":"Sur qui compterez-vous pour former la premi\u00e8re ligne de la saison ? Chaque jour, nous vous proposons de&hellip;\n","protected":false},"author":2,"featured_media":238012,"comment_status":"","ping_status":"","sticky":false,"template":"","format":"standard","meta":{"footnotes":""},"categories":[1416],"tags":[1011,27,479,1468,60],"class_list":{"0":"post-238011","1":"post","2":"type-post","3":"status-publish","4":"format-standard","5":"has-post-thumbnail","7":"category-rugby","8":"tag-fr","9":"tag-france","10":"tag-rugby","11":"tag-rugby-football","12":"tag-sports"},"share_on_mastodon":{"url":"https:\/\/pubeurope.com\/@fr\/114824239445521346","error":""},"_links":{"self":[{"href":"https:\/\/www.europesays.com\/fr\/wp-json\/wp\/v2\/posts\/238011","targetHints":{"allow":["GET"]}}],"collection":[{"href":"https:\/\/www.europesays.com\/fr\/wp-json\/wp\/v2\/posts"}],"about":[{"href":"https:\/\/www.europesays.com\/fr\/wp-json\/wp\/v2\/types\/post"}],"author":[{"embeddable":true,"href":"https:\/\/www.europesays.com\/fr\/wp-json\/wp\/v2\/users\/2"}],"replies":[{"embeddable":true,"href":"https:\/\/www.europesays.com\/fr\/wp-json\/wp\/v2\/comments?post=238011"}],"version-history":[{"count":0,"href":"https:\/\/www.europesays.com\/fr\/wp-json\/wp\/v2\/posts\/238011\/revisions"}],"wp:featuredmedia":[{"embeddable":true,"href":"https:\/\/www.europesays.com\/fr\/wp-json\/wp\/v2\/media\/238012"}],"wp:attachment":[{"href":"https:\/\/www.europesays.com\/fr\/wp-json\/wp\/v2\/media?parent=238011"}],"wp:term":[{"taxonomy":"category","embeddable":true,"href":"https:\/\/www.europesays.com\/fr\/wp-json\/wp\/v2\/categories?post=238011"},{"taxonomy":"post_tag","embeddable":true,"href":"https:\/\/www.europesays.com\/fr\/wp-json\/wp\/v2\/tags?post=238011"}],"curies":[{"name":"wp","href":"https:\/\/api.w.org\/{rel}","templated":true}]}}