{"id":238013,"date":"2025-07-09T16:33:10","date_gmt":"2025-07-09T16:33:10","guid":{"rendered":"https:\/\/www.europesays.com\/fr\/238013\/"},"modified":"2025-07-09T16:33:10","modified_gmt":"2025-07-09T16:33:10","slug":"resultat-su-wei-hsieh-jelena-ostapenko-sorana-cirstea-anna-kalinskaya-lequipe","status":"publish","type":"post","link":"https:\/\/www.europesays.com\/fr\/238013\/","title":{"rendered":"R\u00e9sultat : Su-wei Hsieh-Jelena Ostapenko &#8211; Sorana Cirstea-Anna Kalinskaya &#8211; L&#039;\u00c9quipe"},"content":{"rendered":"<ol>\n<li><a href=\"https:\/\/news.google.com\/rss\/articles\/CBMi7gFBVV95cUxPT1pNeHVoalhJR3NkaC0za0JJWFdLSkxxUkgxVWlMelJSN3VIYVd6b1RkY3p2NUE1dUp4eE00RDdqNzB3UW9KaXZXVE9oUE5TbkRDV1dsdGZJVG1ULUQ1RENLS2FlVzhSekN6VWFra01fUG91cFVHMFQ5N0ZkSjhHczltXzdGZGZoa2EtY1drakVnOS0xNEJPNkVZUkpFVUdobm1GamhaWkJFOUtzVGlvWUhNN3c5eFJzb2dRdlA4c25PZktTdi1qYnVFXzZiSVNSMDVLdkxvREViejg3OVJVY3FHUEM0ZXB5Wkd5Rm13?oc=5\" target=\"_blank\" rel=\"nofollow noopener\">R\u00e9sultat : Su-wei Hsieh-Jelena Ostapenko &#8211; Sorana Cirstea-Anna Kalinskaya<\/a>&nbsp;&nbsp;L&rsquo;\u00c9quipe<\/li>\n<li><a href=\"https:\/\/news.google.com\/rss\/articles\/CBMiwAFBVV95cUxPcmhQYUxyZlk3TmdkX3ExWm9nQWdPaVk5clNrNGJZb0hHUVd2VWhDM1E0Wmo4SWNZbUdPS1BPajVhZzF3ZER0LS1uNm9MazhuaUUxdVRHX283SXBtVVJURm9pa3V1M3l5dVpHRWR0N2dYTThheWpLdHAxdUJtYW5fR1k1RGxlbU1XRS1CTmN6OS1WSjdTRnVxemR1NkU2bm15enp3ZnprMk0wdi1GS3dDcW91Zm9zUjRFWTdnbGhQUU0?oc=5\" target=\"_blank\" rel=\"nofollow noopener\">R\u00e9sultat : Lucia Bronzetti &#8211; Jule Niemeier, WTA 125, Bastad, Deuxi\u00e8me tour, Mercredi 09 juillet 2025<\/a>&nbsp;&nbsp;L&rsquo;\u00c9quipe<\/li>\n<li><a href=\"https:\/\/news.google.com\/rss\/articles\/CBMi2wFBVV95cUxNemNUY0VYWXROYXk0Q0dXOWhJekxoYjJEVkt3MktyQ1FqZXo1Mk1UZkpWa0JQZDg2UmhHaDFiZi1Xbk9GdVZkNnkwMDI3Vk5kVEtaZlR1dEktb09Nakx1ejgycjBoZFN4UHZ1WTVNNWl2U1ZYS1dLZThHN2I3WE02UWM5WWhUZU51aml1X3JYQ2FhM1kzd25ySkhrLU0ydlhJWlh3VUIyaHlhTk5POGktb1h1X1JoOXpmQzJLX2ZQTlZoNnh2Y04zYkYxSXhNQW10ZUZ4SEJ0eWxfQVHSAdoBQVVfeXFMTi12OFlLZWhUWnBsN0w5YmRpUi1XenhZMkVWeXExSk5ncGFVSlZ6RFVEUjNvRHFqU21zNVEtLWNnbTdDMmViVTQ4RG9jQ0s4WGUwOVJJU1VscmpEbGdSWWZOeFdrbm5tdGVtYUhEVnN4Yzd5cGI4UTQzcjY4QzBaWWFMaE11aFdlejJxT0xNYTBrYXYzOW9sZzAycTdmM3g3czJtd3Yxa19ieXZfTDNVSC1ZWEltbjNmTnh4U2ExVGlWeTZMSkE1N2hWZDFXWTQ2QWFmU1FGOTd5Tmc?oc=5\" target=\"_blank\" rel=\"nofollow noopener\">Euro 2025 (F) : Les Bleues qualifi\u00e9es d\u00e8s mercredi ?<\/a>&nbsp;&nbsp;Orange Actualit\u00e9s | Sports<\/li>\n<li><a href=\"https:\/\/news.google.com\/rss\/articles\/CBMiygFBVV95cUxNNTNDRlVid0FVWVRpeEVoWlBXWHVGMDQ4VzhhMG1FVFlDY2RCX1ZGMlF6c3huTEd5emtHWVppRnNOOThuMGRGMjV4c0hScFA5Q2pkWHZlUF9SZDlWbVJIVm1EUXNnR3F5REw4dTVfRndKdHFaZUt2NGNXSEoyZWNFSWphZzV5OHYzSHBBLWNCTExObHpnaEwzbGJHTWRyb2FCZXo5bFJIcUNCcmMybmJUcHk2aDdySDRyQlhfTXIxZVlOZjRtU2xoSlZR?oc=5\" target=\"_blank\" rel=\"nofollow noopener\">Conseils Fantasy Football pour la Journ\u00e9e 3 de l&rsquo;EURO f\u00e9minin<\/a>&nbsp;&nbsp;UEFA.com<\/li>\n<li><a href=\"https:\/\/news.google.com\/rss\/articles\/CBMiswFBVV95cUxQUkpTYkVIUHZLOTdVVmxDM3hYQUNrMkEzako0T2VmQjlneGZZTGpmcndCYjhZQ0ctNG9iWjZqbUh5dGpkY1NXUG1kN1ZTbVBNVkQ1UTdnQVlCaURCdXloaVlKbktsZS0zczZGQnZkTnJQRkRsTUV6VEh3aVd5b255aEdNcC0wTWs2bzZxdW1yN2l5NVdRZUU4ZFE0aUlIdHdjc0x1SUo0d0ZnbUdJSzVMRDNvSdIBuAFBVV95cUxPWHlfUU1iWnhxU01vU3c5b2tzN1Nxdk8xQTV5ZklvT1JhRjRxT2FFRWFiMG1NOUxSUlBJcmswdzhyaGk3aWlkZVN0a2RIQ1lUUUxTdUViSmx3Q2xzZGNJS3RWVFUzWWFwVjNheGlDWVc3V3o1eDVjVFkxb1AzeDRjWkhlaEFHLTJRUE1YR0dJSkEtQmtYQW5CM2ozbzlWVWdtNWlrU29GNHdDVnA1dXdmWnViVFB6SW0x?oc=5\" target=\"_blank\" rel=\"nofollow noopener\">Euro f\u00e9minin 2025 de football : le calendrier et les r\u00e9sultats complets de la comp\u00e9tition<\/a>&nbsp;&nbsp;CNews<\/li>\n<\/ol>\n","protected":false},"excerpt":{"rendered":"R\u00e9sultat : Su-wei Hsieh-Jelena Ostapenko &#8211; Sorana Cirstea-Anna Kalinskaya&nbsp;&nbsp;L&rsquo;\u00c9quipe R\u00e9sultat : Lucia Bronzetti &#8211; Jule Niemeier, WTA 125,&hellip;\n","protected":false},"author":2,"featured_media":143092,"comment_status":"","ping_status":"","sticky":false,"template":"","format":"standard","meta":{"footnotes":""},"categories":[1415],"tags":[1011,27,60,1467],"class_list":{"0":"post-238013","1":"post","2":"type-post","3":"status-publish","4":"format-standard","5":"has-post-thumbnail","7":"category-tennis","8":"tag-fr","9":"tag-france","10":"tag-sports","11":"tag-tennis"},"share_on_mastodon":{"url":"https:\/\/pubeurope.com\/@fr\/114824242952397538","error":""},"_links":{"self":[{"href":"https:\/\/www.europesays.com\/fr\/wp-json\/wp\/v2\/posts\/238013","targetHints":{"allow":["GET"]}}],"collection":[{"href":"https:\/\/www.europesays.com\/fr\/wp-json\/wp\/v2\/posts"}],"about":[{"href":"https:\/\/www.europesays.com\/fr\/wp-json\/wp\/v2\/types\/post"}],"author":[{"embeddable":true,"href":"https:\/\/www.europesays.com\/fr\/wp-json\/wp\/v2\/users\/2"}],"replies":[{"embeddable":true,"href":"https:\/\/www.europesays.com\/fr\/wp-json\/wp\/v2\/comments?post=238013"}],"version-history":[{"count":0,"href":"https:\/\/www.europesays.com\/fr\/wp-json\/wp\/v2\/posts\/238013\/revisions"}],"wp:featuredmedia":[{"embeddable":true,"href":"https:\/\/www.europesays.com\/fr\/wp-json\/wp\/v2\/media\/143092"}],"wp:attachment":[{"href":"https:\/\/www.europesays.com\/fr\/wp-json\/wp\/v2\/media?parent=238013"}],"wp:term":[{"taxonomy":"category","embeddable":true,"href":"https:\/\/www.europesays.com\/fr\/wp-json\/wp\/v2\/categories?post=238013"},{"taxonomy":"post_tag","embeddable":true,"href":"https:\/\/www.europesays.com\/fr\/wp-json\/wp\/v2\/tags?post=238013"}],"curies":[{"name":"wp","href":"https:\/\/api.w.org\/{rel}","templated":true}]}}