{"id":238022,"date":"2025-07-09T16:38:17","date_gmt":"2025-07-09T16:38:17","guid":{"rendered":"https:\/\/www.europesays.com\/fr\/238022\/"},"modified":"2025-07-09T16:38:17","modified_gmt":"2025-07-09T16:38:17","slug":"la-juve-a-fait-une-offre-au-psg-pour-kolo-muani","status":"publish","type":"post","link":"https:\/\/www.europesays.com\/fr\/238022\/","title":{"rendered":"La Juve a fait une offre au PSG pour Kolo Muani"},"content":{"rendered":"<p><img width=\"780\" height=\"470\" src=\"https:\/\/www.europesays.com\/fr\/wp-content\/uploads\/2025\/04\/UGGT2O253ZD3DEID4BACNWS5M4-780x470.jpg\" class=\"attachment-jannah-image-post size-jannah-image-post wp-post-image\" alt=\"Randal Kolo Muani\" is_main_img=\"1\" decoding=\"async\" fetchpriority=\"high\"\/><br \/>\n Image : Icon<br \/>\nSport<\/p>\n<p>Pr\u00eat\u00e9 en deuxi\u00e8me partie de saison \u00e0 la Juventus Turin,<br \/>\nRandal Kolo Muani a convaincu le club italien, qui esp\u00e8re le<br \/>\nconserver. Il a fait une nouvelle offre au PSG dans cette<br \/>\noptique.\u00a0<\/p>\n<p>Pas dans les plans de <strong>Luis Enrique<\/strong>,<br \/>\n<strong>Randal Kolo Muani<\/strong> a \u00e9t\u00e9 pr\u00eat\u00e9 \u00e0 la<br \/>\n<strong>Juventus Turin<\/strong> lors de la deuxi\u00e8me partie de<br \/>\nsaison 2025-2026. Avec le club italien, il a particip\u00e9 \u00e0 22 matches<br \/>\ntoutes comp\u00e9titions confondues pour dix buts et trois passes<br \/>\nd\u00e9cisives. Satisfaits de ses performances, les dirigeants turinois<br \/>\nsouhaiteraient conserver l\u2019international fran\u00e7ais. Ils aimeraient<br \/>\nse faire pr\u00eater \u00e0 nouveau <strong>Randal Kolo Muani<\/strong> alors<br \/>\nque le <strong>PSG<\/strong> souhaiterait s\u2019en d\u00e9barrasser<br \/>\nd\u00e9finitivement et aimerait r\u00e9cup\u00e9rer <a href=\"https:\/\/canal-supporters.com\/mercato-le-psg-fixe-le-prix-de-randal-kolo-muani\/\" title=\"\" rel=\"nofollow noopener\" target=\"_blank\">50 millions d\u2019euros<\/a> dans la transaction.<\/p>\n<p>A voir aussi : <a href=\"https:\/\/canal-supporters.com\/mercato-sans-langue-de-bois-randal-kolo-muani-donne-sa-preference-pour-son-avenir\/\" title=\"\" rel=\"nofollow noopener\" target=\"_blank\">Mercato : Sans langue de bois, Randal Kolo Muani donne sa<br \/>\npr\u00e9f\u00e9rence pour son avenir<\/a><\/p>\n<p><a href=\"https:\/\/x.com\/CanalSupporters\" target=\"_blank\" rel=\"noopener nofollow\" title=\"\">canalsupporters.com<\/a><\/p>\n<p>La Juventus<br \/>\naimerait un nouveau pr\u00eat pour Randal Kolo Muani<\/p>\n<p>Ce mercredi, la <a href=\"https:\/\/www.gazzetta.it\/Calcio\/Serie-A\/Juventus\/09-07-2025\/juve-comolli-rilancia-per-kolo-muani-pronta-nuova-offerta-per-convincere-il-psg.shtml?refresh_ce\" target=\"_blank\" rel=\"noopener nofollow\" title=\"\">Gazzetta dello<br \/>\nSport<\/a> fait un point sur ce dossier. Le quotidien sportif<br \/>\nitalien indique que les Turinois auraient fait une nouvelle offre<br \/>\nau <strong>PSG<\/strong> pour conserver <strong>Randal Kolo<br \/>\nMuani<\/strong>. Cette derni\u00e8re serait un pr\u00eat payant autour des dix<br \/>\nmillions d\u2019euros avec une option d\u2019achat qui tournerait autour des<br \/>\n40 millions d\u2019euros. La Gazzetta dello Sport indique que<br \/>\nle <strong>PSG<\/strong> ne serait pas contre un <a href=\"https:\/\/canal-supporters.com\/le-psg-et-la-juve-pas-sur-la-meme-longueur-donde-pour-kolo-muani\/\" title=\"\" rel=\"nofollow noopener\" target=\"_blank\">nouveau pr\u00eat<\/a>, mais pr\u00e9f\u00e9rerait une obligation d\u2019achat.<br \/>\nLes deux clubs, qui discutent depuis plusieurs semaines, sont<br \/>\ntoujours en pourparlers pour tenter de trouver un accord pour un<br \/>\npossible retour de <strong>Randal Kolo Muani<\/strong> \u00e0 la<br \/>\n<strong>Juventus Turin<\/strong>.\u00a0<\/p><\/p>\n","protected":false},"excerpt":{"rendered":"Image : Icon Sport Pr\u00eat\u00e9 en deuxi\u00e8me partie de saison \u00e0 la Juventus Turin, Randal Kolo Muani a&hellip;\n","protected":false},"author":2,"featured_media":17754,"comment_status":"","ping_status":"","sticky":false,"template":"","format":"standard","meta":{"footnotes":""},"categories":[1410],"tags":[81,787,63,1011,27,7152,7153,7154,7155,1434,1435,626,91,92,468,7156,93,7157,60,96],"class_list":{"0":"post-238022","1":"post","2":"type-post","3":"status-publish","4":"format-standard","5":"has-post-thumbnail","7":"category-football","8":"tag-canal-supporters","9":"tag-cs","10":"tag-football","11":"tag-fr","12":"tag-france","13":"tag-juve","14":"tag-juventus","15":"tag-juventus-turin","16":"tag-kolo-muani","17":"tag-mercato","18":"tag-mercato-psg","19":"tag-paris","20":"tag-paris-saint-germain","21":"tag-paris-sg","22":"tag-pret","23":"tag-pret-avec-option-dachat","24":"tag-psg","25":"tag-randal-kolo-muani","26":"tag-sports","27":"tag-une"},"share_on_mastodon":{"url":"https:\/\/pubeurope.com\/@fr\/114824263393599108","error":""},"_links":{"self":[{"href":"https:\/\/www.europesays.com\/fr\/wp-json\/wp\/v2\/posts\/238022","targetHints":{"allow":["GET"]}}],"collection":[{"href":"https:\/\/www.europesays.com\/fr\/wp-json\/wp\/v2\/posts"}],"about":[{"href":"https:\/\/www.europesays.com\/fr\/wp-json\/wp\/v2\/types\/post"}],"author":[{"embeddable":true,"href":"https:\/\/www.europesays.com\/fr\/wp-json\/wp\/v2\/users\/2"}],"replies":[{"embeddable":true,"href":"https:\/\/www.europesays.com\/fr\/wp-json\/wp\/v2\/comments?post=238022"}],"version-history":[{"count":0,"href":"https:\/\/www.europesays.com\/fr\/wp-json\/wp\/v2\/posts\/238022\/revisions"}],"wp:featuredmedia":[{"embeddable":true,"href":"https:\/\/www.europesays.com\/fr\/wp-json\/wp\/v2\/media\/17754"}],"wp:attachment":[{"href":"https:\/\/www.europesays.com\/fr\/wp-json\/wp\/v2\/media?parent=238022"}],"wp:term":[{"taxonomy":"category","embeddable":true,"href":"https:\/\/www.europesays.com\/fr\/wp-json\/wp\/v2\/categories?post=238022"},{"taxonomy":"post_tag","embeddable":true,"href":"https:\/\/www.europesays.com\/fr\/wp-json\/wp\/v2\/tags?post=238022"}],"curies":[{"name":"wp","href":"https:\/\/api.w.org\/{rel}","templated":true}]}}