{"id":238029,"date":"2025-07-09T16:42:10","date_gmt":"2025-07-09T16:42:10","guid":{"rendered":"https:\/\/www.europesays.com\/fr\/238029\/"},"modified":"2025-07-09T16:42:10","modified_gmt":"2025-07-09T16:42:10","slug":"tf1-rallonge-bonjour-sa-matinale-animee-par-bruce-toussaint-et-y-integre-anicet-mbida-et-sandrine-arcizet","status":"publish","type":"post","link":"https:\/\/www.europesays.com\/fr\/238029\/","title":{"rendered":"TF1 rallonge \u00ab\u00a0Bonjour\u00a0!\u00a0\u00bb, sa matinale anim\u00e9e par Bruce Toussaint, et y int\u00e8gre Anicet Mbida et Sandrine Arcizet"},"content":{"rendered":"<p>Vous prendrez bien un peu de rab&rsquo;\u00a0? En tout cas, c\u2019est ce qui attend les spectateurs de <a href=\"https:\/\/www.20minutes.fr\/arts-stars\/television\/4069050-20240107-bonjour-matinale-tf1-mise-regions-imposer-face-telematin\" class=\"color-ultramarine c-link\" target=\"_blank\" rel=\"noopener\">Bonjour\u00a0!, la matinale<\/a> de TF1 <a href=\"https:\/\/www.20minutes.fr\/arts-stars\/television\/4056864-20231009-comment-bruce-toussaint-passe-bfmtv-tf1\" class=\"color-ultramarine c-link\" target=\"_blank\" rel=\"noopener\">qu\u2019anime Bruce Toussaint<\/a> depuis janvier\u00a02024\u00a0: la cha\u00eene a en effet d\u00e9cid\u00e9 de prolonger le temps d\u2019antenne de l\u2019\u00e9mission et d\u2019embaucher d\u2019autres co-animateurs, <a href=\"https:\/\/www.leparisien.fr\/culture-loisirs\/tv\/bonjour-tf-1-rallonge-sa-matinale-et-recrute-anicet-mbida-et-sandrine-arcizet-09-07-2025-JDWCZRR5PJB4HMLV5DL66WHJOU.php\" target=\"_blank\" class=\"color-ultramarine c-link\" rel=\"noopener\">rapporte Le Parisien<\/a>.<\/p>\n<\/p>\n<p>\u00c0 partir de la rentr\u00e9e de septembre\u00a02025, Bonjour\u00a0!, qui est actuellement diffus\u00e9e de 6h55 \u00e0 9h30, gagnera une demi-heure pour s\u2019achever \u00ab\u00a0vers 10 heures\u00a0\u00bb et proposer chaque matin trois heures d\u2019info afin de \u00ab\u00a0consolider les audiences de ce rendez-vous <a href=\"https:\/\/www.20minutes.fr\/arts-stars\/television\/audiences_tv\/4121891-20241118-audiences-tv-telematin-bonjour-matinales-tele-sortent-mieux\" class=\"color-ultramarine c-link\" target=\"_blank\" rel=\"noopener\">qui s\u2019est tr\u00e8s bien install\u00e9<\/a>\u00a0\u00bb, dixit Thierry Thuillier, directeur de l\u2019information du groupe <a href=\"https:\/\/www.20minutes.fr\/dossier\/tf1\" class=\"color-ultramarine c-link\" target=\"_blank\" rel=\"noopener\">TF1<\/a>.<\/p>\n<p>Confirmations et nouveaut\u00e9s<\/p>\n<p>Rien ne changera pour les 90 premi\u00e8res minutes, qui resteront \u00ab\u00a0consacr\u00e9es \u00e0 l\u2019<a href=\"https:\/\/www.20minutes.fr\/actu-generale\/\" class=\"color-ultramarine c-link\" target=\"_blank\" rel=\"noopener\">actualit\u00e9<\/a> chaude\u00a0\u00bb (avec l\u2019interview politique d\u2019Adrien Gindre, le billet de l\u2019\u00e9ditorialiste Alba Ventura plus une pastille \u00e9conomie anim\u00e9e par Nicolas Doze, en provenance de <a href=\"https:\/\/www.20minutes.fr\/dossier\/bfm_tv\" class=\"color-ultramarine c-link\" target=\"_blank\" rel=\"noopener\">BFMTV<\/a>). Mais la seconde partie de programme, davantage ax\u00e9e \u00ab\u00a0magazine\u00a0\u00bb, s\u2019enrichira de \u00ab\u00a0nouvelles t\u00eates\u00a0\u00bb.<\/p>\n<p><a href=\"https:\/\/www.20minutes.fr\/dossier\/bruce_toussaint\" class=\"c-link c-btn c-btn--primary\" target=\"_blank\" rel=\"noopener\">Notre dossier \u00ab Bruce Toussaint \u00bb<\/a><\/p>\n<p>La Parisien annonce ainsi les arriv\u00e9es d\u2019<a href=\"https:\/\/www.20minutes.fr\/medias\/1670323-20150821-europe1-thomas-sotto-renforce-contenu-matinale\" class=\"color-ultramarine c-link\" target=\"_blank\" rel=\"noopener\">Anicet Mbida<\/a>, jusqu\u2019alors expert en technologie et innovation sur <a href=\"https:\/\/www.20minutes.fr\/dossier\/france_info\" class=\"color-ultramarine c-link\" target=\"_blank\" rel=\"noopener\">France Info<\/a>, et <a href=\"https:\/\/www.20minutes.fr\/arts-stars\/television\/4154898-20250525-animaux-adopter-tmc-passe-vrai-message-cause-animale-assure-elodie-ageron\" class=\"color-ultramarine c-link\" target=\"_blank\" rel=\"noopener\">Sandrine Arcizet<\/a>, l\u2019animatrice de Gym direct (<a href=\"https:\/\/www.20minutes.fr\/television\/tmc\/\" class=\"color-ultramarine c-link\" target=\"_blank\" rel=\"noopener\">TMC<\/a>) qui prodiguera des conseils sportifs et pr\u00e9sentera \u00ab\u00a0des gestes accessibles \u00e0 tous pour se sentir bien dans son corps\u00a0\u00bb dans Bonjour et vous.<\/p>\n","protected":false},"excerpt":{"rendered":"Vous prendrez bien un peu de rab&rsquo;\u00a0? En tout cas, c\u2019est ce qui attend les spectateurs de Bonjour\u00a0!,&hellip;\n","protected":false},"author":2,"featured_media":238030,"comment_status":"","ping_status":"","sticky":false,"template":"","format":"standard","meta":{"footnotes":""},"categories":[1356],"tags":[10831,6779,58,4739,59,1011,27,10318,252,199,8648,1364,133],"class_list":{"0":"post-238029","1":"post","2":"type-post","3":"status-publish","4":"format-standard","5":"has-post-thumbnail","7":"category-television","8":"tag-bfmtv","9":"tag-bruce-toussaint","10":"tag-divertissement","11":"tag-emission-de-television","12":"tag-entertainment","13":"tag-fr","14":"tag-france","15":"tag-france-info","16":"tag-television","17":"tag-tf1","18":"tag-tmc","19":"tag-tv","20":"tag-video"},"share_on_mastodon":{"url":"https:\/\/pubeurope.com\/@fr\/114824278726353817","error":""},"_links":{"self":[{"href":"https:\/\/www.europesays.com\/fr\/wp-json\/wp\/v2\/posts\/238029","targetHints":{"allow":["GET"]}}],"collection":[{"href":"https:\/\/www.europesays.com\/fr\/wp-json\/wp\/v2\/posts"}],"about":[{"href":"https:\/\/www.europesays.com\/fr\/wp-json\/wp\/v2\/types\/post"}],"author":[{"embeddable":true,"href":"https:\/\/www.europesays.com\/fr\/wp-json\/wp\/v2\/users\/2"}],"replies":[{"embeddable":true,"href":"https:\/\/www.europesays.com\/fr\/wp-json\/wp\/v2\/comments?post=238029"}],"version-history":[{"count":0,"href":"https:\/\/www.europesays.com\/fr\/wp-json\/wp\/v2\/posts\/238029\/revisions"}],"wp:featuredmedia":[{"embeddable":true,"href":"https:\/\/www.europesays.com\/fr\/wp-json\/wp\/v2\/media\/238030"}],"wp:attachment":[{"href":"https:\/\/www.europesays.com\/fr\/wp-json\/wp\/v2\/media?parent=238029"}],"wp:term":[{"taxonomy":"category","embeddable":true,"href":"https:\/\/www.europesays.com\/fr\/wp-json\/wp\/v2\/categories?post=238029"},{"taxonomy":"post_tag","embeddable":true,"href":"https:\/\/www.europesays.com\/fr\/wp-json\/wp\/v2\/tags?post=238029"}],"curies":[{"name":"wp","href":"https:\/\/api.w.org\/{rel}","templated":true}]}}