{"id":23803,"date":"2025-04-14T06:55:30","date_gmt":"2025-04-14T06:55:30","guid":{"rendered":"https:\/\/www.europesays.com\/fr\/23803\/"},"modified":"2025-04-14T06:55:30","modified_gmt":"2025-04-14T06:55:30","slug":"de-zerbi-on-est-toujours-en-vie","status":"publish","type":"post","link":"https:\/\/www.europesays.com\/fr\/23803\/","title":{"rendered":"De Zerbi \u00ab\u00a0On est toujours en vie !\u00a0\u00bb"},"content":{"rendered":"<p>En d\u00e9placement \u00e0 Monaco ce samedi apr\u00e8s-midi, l&rsquo;Olympique de Marseille s&rsquo;est fait largement domin\u00e9 par leur concurrent direct \u00e0 la course \u00e0 la qualification en Ligue des Champions. La f\u00e9brilit\u00e9 d\u00e9fensive Marseillaise a encore pos\u00e9 des questions. La conf\u00e9rence de presse de Roberto De Zerbi apr\u00e8s cette d\u00e9sillusion est \u00e0 retrouver en int\u00e9gralit\u00e9 <\/p>\n<p>Apr\u00e8s une premi\u00e8re mi-temps \u00e9quilibr\u00e9e, mais qui a tourn\u00e9 \u00e0 l&rsquo;avantage des Mon\u00e9gasques, l&rsquo;Olympique de Marseille s&rsquo;est compl\u00e8tement \u00e9teint en deuxi\u00e8me p\u00e9riode. Les hommes de Roberto De Zerbi s&rsquo;inclinent pour la quatri\u00e8me fois de suite \u00e0 l&rsquo;ext\u00e8rieur.\u00a0<\/p>\n<p>Malgr\u00e9 l&rsquo;ouverture du score de l&rsquo;ASM apr\u00e8s la demi-heure de jeu, les Olympiens ont eu l&rsquo;opportunit\u00e9 d&rsquo;\u00e9galiser avant la mi-temps. Sur un centre de la gauche vers la droite d&rsquo;Ulisses Garcia, Luis Henrique se retrouvait seul au deuxi\u00e8me poteau et avait juste \u00e0 mettre son pied en opposition pour \u00e9galiser, mais malheureusement pas en r\u00e9ussite depuis quelques semaines, le Br\u00e9silien ne cadrait pas sa tentative.\u00a0<\/p>\n<p>Au retour des vestiaires, Geronimo Rulli a longtemps repouss\u00e9 l&rsquo;\u00e9ch\u00e9ance, mais le gardien Marseillais a fini par craquer \u00e0 la 59e minute avec un but d&rsquo;Embolo, puis sur penalty de Zakaria \u00e0 la 82e minute. Une v\u00e9ritable contre-performance pour les Marseillais dans la course \u00e0 la Ligue des Champions, car avec cette victoire, les Mon\u00e9gasques r\u00e9cup\u00e8rent la place de deuxi\u00e8me aux Marseillais.<\/p>\n<p><strong>La conf\u00e9rence de presse de Roberto De Zerbi en int\u00e9gralit\u00e9<\/strong><\/p>\n","protected":false},"excerpt":{"rendered":"En d\u00e9placement \u00e0 Monaco ce samedi apr\u00e8s-midi, l&rsquo;Olympique de Marseille s&rsquo;est fait largement domin\u00e9 par leur concurrent direct&hellip;\n","protected":false},"author":2,"featured_media":23804,"comment_status":"","ping_status":"","sticky":false,"template":"","format":"standard","meta":{"footnotes":""},"categories":[2814],"tags":[1111,11,1777,674,1011,27,884,12,8653,882,25,968],"class_list":{"0":"post-23803","1":"post","2":"type-post","3":"status-publish","4":"format-standard","5":"has-post-thumbnail","7":"category-marseille","8":"tag-actu","9":"tag-actualites","10":"tag-eu","11":"tag-europe","12":"tag-fr","13":"tag-france","14":"tag-marseille","15":"tag-news","16":"tag-olympiquedemarseille","17":"tag-provence-alpes-cote-dazur","18":"tag-republique-francaise","19":"tag-roberto-de-zerbi"},"share_on_mastodon":{"url":"https:\/\/pubeurope.com\/@fr\/114335011506690935","error":""},"_links":{"self":[{"href":"https:\/\/www.europesays.com\/fr\/wp-json\/wp\/v2\/posts\/23803","targetHints":{"allow":["GET"]}}],"collection":[{"href":"https:\/\/www.europesays.com\/fr\/wp-json\/wp\/v2\/posts"}],"about":[{"href":"https:\/\/www.europesays.com\/fr\/wp-json\/wp\/v2\/types\/post"}],"author":[{"embeddable":true,"href":"https:\/\/www.europesays.com\/fr\/wp-json\/wp\/v2\/users\/2"}],"replies":[{"embeddable":true,"href":"https:\/\/www.europesays.com\/fr\/wp-json\/wp\/v2\/comments?post=23803"}],"version-history":[{"count":0,"href":"https:\/\/www.europesays.com\/fr\/wp-json\/wp\/v2\/posts\/23803\/revisions"}],"wp:featuredmedia":[{"embeddable":true,"href":"https:\/\/www.europesays.com\/fr\/wp-json\/wp\/v2\/media\/23804"}],"wp:attachment":[{"href":"https:\/\/www.europesays.com\/fr\/wp-json\/wp\/v2\/media?parent=23803"}],"wp:term":[{"taxonomy":"category","embeddable":true,"href":"https:\/\/www.europesays.com\/fr\/wp-json\/wp\/v2\/categories?post=23803"},{"taxonomy":"post_tag","embeddable":true,"href":"https:\/\/www.europesays.com\/fr\/wp-json\/wp\/v2\/tags?post=23803"}],"curies":[{"name":"wp","href":"https:\/\/api.w.org\/{rel}","templated":true}]}}