{"id":238037,"date":"2025-07-09T16:46:10","date_gmt":"2025-07-09T16:46:10","guid":{"rendered":"https:\/\/www.europesays.com\/fr\/238037\/"},"modified":"2025-07-09T16:46:10","modified_gmt":"2025-07-09T16:46:10","slug":"evenepoel-remporte-la-5e-etape-pogacar-sempare-du-maillot-jaune","status":"publish","type":"post","link":"https:\/\/www.europesays.com\/fr\/238037\/","title":{"rendered":"Evenepoel remporte la 5e \u00e9tape, Pogacar s\u2019empare du maillot jaune"},"content":{"rendered":"<p>Remco Evenepoel s\u2019est impos\u00e9 mercredi sur le contre-la-montre individuel \u00e0 Caen, devan\u00e7ant Tadej Pogacar qui r\u00e9ussit la belle op\u00e9ration et s\u2019empare du maillot jaune.<\/p>\n<p class=\"fig-paragraph\">Le Belge Remco Evenepoel a remport\u00e9 mercredi\u00a0<a href=\"https:\/\/www.lefigaro.fr\/sports\/cyclisme\/tour-de-france\/en-direct-tour-de-france-un-contre-la-montre-deja-crucial-pour-les-cadors-evenepoel-en-favori-20250709\" data-fig-type=\"Live\" data-gtm-custom-categorie=\"navigation\" data-gtm-custom-action=\"crossclick\" data-gtm-custom-label=\"Contextuel\" data-gtm-event=\"customEventSPE\" data-fig-domain=\"LEFIGARO\" target=\"_blank\" rel=\"noopener\">la cinqui\u00e8me \u00e9tape du Tour de France<\/a>, un contre-la-montre de 33 km autour de Caen qui a vu le Slov\u00e8ne Tadej Pogacar prendre le maillot jaune \u00e0 Mathieu van der Poel.<\/p>\n<p class=\"fig-paragraph\">Champion du monde et olympique de la discipline, Evenepoel a rel\u00e9gu\u00e9 Pogacar \u00e0 16 secondes et Edoardo Affini \u00e0 33 secondes. Seulement 13e de l\u2019\u00e9tape, \u00e0 une minute et 21 secondes d\u2019Evenepoel, le Danois Jonas Vingegaard est pass\u00e9 au travers dans ce chrono et pointe d\u00e9sormais \u00e0 plus d\u2019une minute de Pogacar au classement g\u00e9n\u00e9ral.<\/p>\n<p>                                    <a class=\"fig-a11y-skip a11y-hidden\" href=\"#fig-a11y-skip-main-inarticle\"><br \/>\n        Passer la publicit\u00e9<br \/>\n    <\/a><\/p>\n<p class=\"fig-paragraph\">Plus d\u2019informations \u00e0 venir&#8230;<\/p>\n","protected":false},"excerpt":{"rendered":"Remco Evenepoel s\u2019est impos\u00e9 mercredi sur le contre-la-montre individuel \u00e0 Caen, devan\u00e7ant Tadej Pogacar qui r\u00e9ussit la belle&hellip;\n","protected":false},"author":2,"featured_media":238038,"comment_status":"","ping_status":"","sticky":false,"template":"","format":"standard","meta":{"footnotes":""},"categories":[9],"tags":[1011,27,11697,60,1138],"class_list":{"0":"post-238037","1":"post","2":"type-post","3":"status-publish","4":"format-standard","5":"has-post-thumbnail","7":"category-sports","8":"tag-fr","9":"tag-france","10":"tag-remco-evenepoel","11":"tag-sports","12":"tag-tadej-pogacar"},"share_on_mastodon":{"url":"https:\/\/pubeurope.com\/@fr\/114824294157055656","error":""},"_links":{"self":[{"href":"https:\/\/www.europesays.com\/fr\/wp-json\/wp\/v2\/posts\/238037","targetHints":{"allow":["GET"]}}],"collection":[{"href":"https:\/\/www.europesays.com\/fr\/wp-json\/wp\/v2\/posts"}],"about":[{"href":"https:\/\/www.europesays.com\/fr\/wp-json\/wp\/v2\/types\/post"}],"author":[{"embeddable":true,"href":"https:\/\/www.europesays.com\/fr\/wp-json\/wp\/v2\/users\/2"}],"replies":[{"embeddable":true,"href":"https:\/\/www.europesays.com\/fr\/wp-json\/wp\/v2\/comments?post=238037"}],"version-history":[{"count":0,"href":"https:\/\/www.europesays.com\/fr\/wp-json\/wp\/v2\/posts\/238037\/revisions"}],"wp:featuredmedia":[{"embeddable":true,"href":"https:\/\/www.europesays.com\/fr\/wp-json\/wp\/v2\/media\/238038"}],"wp:attachment":[{"href":"https:\/\/www.europesays.com\/fr\/wp-json\/wp\/v2\/media?parent=238037"}],"wp:term":[{"taxonomy":"category","embeddable":true,"href":"https:\/\/www.europesays.com\/fr\/wp-json\/wp\/v2\/categories?post=238037"},{"taxonomy":"post_tag","embeddable":true,"href":"https:\/\/www.europesays.com\/fr\/wp-json\/wp\/v2\/tags?post=238037"}],"curies":[{"name":"wp","href":"https:\/\/api.w.org\/{rel}","templated":true}]}}