{"id":238039,"date":"2025-07-09T16:47:11","date_gmt":"2025-07-09T16:47:11","guid":{"rendered":"https:\/\/www.europesays.com\/fr\/238039\/"},"modified":"2025-07-09T16:47:11","modified_gmt":"2025-07-09T16:47:11","slug":"reseaux-sociaux-matthieu-delormeau-publie-une-video-de-lui-a-caractere-sexuel-et-suscite-un-tolle","status":"publish","type":"post","link":"https:\/\/www.europesays.com\/fr\/238039\/","title":{"rendered":"R\u00e9seaux sociaux. Matthieu Delormeau publie une vid\u00e9o de lui \u00e0 caract\u00e8re sexuel et suscite un toll\u00e9"},"content":{"rendered":"<p>Piratage\u00a0? Fausse manipulation\u00a0? Acte d\u00e9lib\u00e9r\u00e9\u00a0? Matthieu Delormeau, ancien chroniqueur de Touche pas \u00e0 mon poste, fait en tout cas \u00e0 nouveau parler de lui\u00a0: il a publi\u00e9 mardi sur Instagram une story de lui \u00e0 caract\u00e8re sexuel, avant de la supprimer 30 minutes plus tard.<\/p>\n<p>Dans cette vid\u00e9o, l&rsquo;animateur de 51 ans, suivi par 366 000 personnes, appara\u00eet nu se livrant \u00e0 des gestes intimes sans \u00e9quivoque. Cette publication, qui n&rsquo;avait pas vocation \u00e0 \u00eatre rendue publique, a vivement fait r\u00e9agir sur les r\u00e9seaux sociaux &#8211; d&rsquo;autant qu&rsquo;Instagram est accessible aux mineurs de 13 ans et plus.<\/p>\n<p>\u00ab Il est en d\u00e9tresse\u00a0\u00bb<\/p>\n<p>\u00ab Je suis choqu\u00e9e, sors de ta bulle Delormeau ! \u00bb, \u00ab Il y a des enfants qui peuvent voir tes stories&#8230; \u00bb, \u00ab C\u2019est quoi ce d\u00e9lire ? \u00bb, s&rsquo;indignent les internautes. Certains \u00e9voquent un possible piratage de compte &#8211; ironiquement le plus souvent. D&rsquo;autres s&rsquo;inqui\u00e8tent pour sa sant\u00e9 \u00a0: \u00ab\u00a0Il est en d\u00e9tresse. J&rsquo;esp\u00e8re qu&rsquo;il ne va pas mettre fin \u00e0 ses jours\u00a0\u00bb, \u00ab\u00a0Il a touch\u00e9 le fond\u00a0\u00bb.<\/p>\n<p>Sur le r\u00e9seau social X, Capucine Anav a pris la d\u00e9fense de Matthieu Delormeau, en r\u00e9pondant \u00e0 un tweet qui invitait le public \u00e0 aller visionner la story compromettante : \u00ab C\u2019est honteux d\u2019inciter les gens \u00e0 aller se moquer\u00a0\u00bb, a-t-elle r\u00e9agi.<\/p>\n<p>Un nouveau coup dur pour la star. Le 25 f\u00e9vrier, Matthieu Delormeau avait \u00e9t\u00e9 <a href=\"https:\/\/www.ledauphine.com\/faits-divers-justice\/2025\/02\/26\/l-ex-chroniqueur-de-tpmp-matthieu-delormeau-arrete-en-plein-achat-de-cocaine\" target=\"_blank\" rel=\"nofollow noopener\">interpell\u00e9\u2009en train d\u2019acheter de la coca\u00efne<\/a>\u2009dans le 6e arrondissement de Paris. L&rsquo;animateur s&rsquo;\u00e9tait alors vu notifier une amende par ordonnance p\u00e9nale.\u00a0 En juillet 2024, il avait d\u00e9j\u00e0 re\u00e7u une injonction th\u00e9rapeutique pour usage de stup\u00e9fiants.<\/p>\n","protected":false},"excerpt":{"rendered":"Piratage\u00a0? Fausse manipulation\u00a0? Acte d\u00e9lib\u00e9r\u00e9\u00a0? Matthieu Delormeau, ancien chroniqueur de Touche pas \u00e0 mon poste, fait en tout&hellip;\n","protected":false},"author":2,"featured_media":238040,"comment_status":"","ping_status":"","sticky":false,"template":"","format":"standard","meta":{"footnotes":""},"categories":[8],"tags":[58,59,274,107,1011,27,329,973,104],"class_list":{"0":"post-238039","1":"post","2":"type-post","3":"status-publish","4":"format-standard","5":"has-post-thumbnail","7":"category-divertissement","8":"tag-divertissement","9":"tag-entertainment","10":"tag-faits-divers-justice","11":"tag-fil-info","12":"tag-fr","13":"tag-france","14":"tag-france-monde","15":"tag-people","16":"tag-societe"},"share_on_mastodon":{"url":"https:\/\/pubeurope.com\/@fr\/114824298368885856","error":""},"_links":{"self":[{"href":"https:\/\/www.europesays.com\/fr\/wp-json\/wp\/v2\/posts\/238039","targetHints":{"allow":["GET"]}}],"collection":[{"href":"https:\/\/www.europesays.com\/fr\/wp-json\/wp\/v2\/posts"}],"about":[{"href":"https:\/\/www.europesays.com\/fr\/wp-json\/wp\/v2\/types\/post"}],"author":[{"embeddable":true,"href":"https:\/\/www.europesays.com\/fr\/wp-json\/wp\/v2\/users\/2"}],"replies":[{"embeddable":true,"href":"https:\/\/www.europesays.com\/fr\/wp-json\/wp\/v2\/comments?post=238039"}],"version-history":[{"count":0,"href":"https:\/\/www.europesays.com\/fr\/wp-json\/wp\/v2\/posts\/238039\/revisions"}],"wp:featuredmedia":[{"embeddable":true,"href":"https:\/\/www.europesays.com\/fr\/wp-json\/wp\/v2\/media\/238040"}],"wp:attachment":[{"href":"https:\/\/www.europesays.com\/fr\/wp-json\/wp\/v2\/media?parent=238039"}],"wp:term":[{"taxonomy":"category","embeddable":true,"href":"https:\/\/www.europesays.com\/fr\/wp-json\/wp\/v2\/categories?post=238039"},{"taxonomy":"post_tag","embeddable":true,"href":"https:\/\/www.europesays.com\/fr\/wp-json\/wp\/v2\/tags?post=238039"}],"curies":[{"name":"wp","href":"https:\/\/api.w.org\/{rel}","templated":true}]}}