{"id":238045,"date":"2025-07-09T16:52:10","date_gmt":"2025-07-09T16:52:10","guid":{"rendered":"https:\/\/www.europesays.com\/fr\/238045\/"},"modified":"2025-07-09T16:52:10","modified_gmt":"2025-07-09T16:52:10","slug":"un-homme-traine-son-chien-mort-derriere-sa-voiture-des-internautes-se-vengent-en-brulant-sa-maison","status":"publish","type":"post","link":"https:\/\/www.europesays.com\/fr\/238045\/","title":{"rendered":"Un homme tra\u00eene son chien mort derri\u00e8re sa voiture, des internautes se vengent en br\u00fblant sa maison"},"content":{"rendered":"<p>Les images sont insoutenables. Sur une vid\u00e9o prise par une automobiliste t\u00e9moin de la sc\u00e8ne, on voit le corps d\u2019un berger allemand tra\u00een\u00e9 sur le bitume par un v\u00e9hicule, <a href=\"https:\/\/www.leparisien.fr\/faits-divers\/il-traine-son-chien-mort-derriere-sa-voiture-sur-plusieurs-kilometres-des-internautes-le-retrouvent-et-brulent-sa-maison-08-07-2025-JTWV4PLMMNHBTGJXSO3FLSA7EI.php\" target=\"_blank\" rel=\"nofollow noopener\">rapporte le Parisien.<\/a> La laisse coinc\u00e9e dans la porti\u00e8re du v\u00e9hicule, le chien sans vie a \u00e9t\u00e9 tir\u00e9 pendant plusieurs kilom\u00e8tres \u00e0 une vitesse allant jusqu\u2019\u00e0 80\u00a0km\/h.<\/p>\n<p>Une sc\u00e8ne \u00ab\u00a0d\u2019une cruaut\u00e9 insoutenable\u00a0\u00bb, raconte le t\u00e9moin, Victoria, dans une publication Facebook, qui, pour tenter de l\u2019arr\u00eater a klaxonn\u00e9 \u00e0 maintes reprises. \u00ab\u00a0Il a fini par immobiliser son v\u00e9hicule et s\u2019est approch\u00e9 de moi en me demandant si c\u2019\u00e9tait bien moi qui klaxonnais\u00a0\u00bb, raconte-t-elle \u00e0 nos confr\u00e8res.<\/p>\n<p>Tra\u00een\u00e9 comme \u00ab\u00a0une vulgaire chose\u00a0\u00bb<\/p>\n<p>\u00ab\u00a0Je fais ce que je veux, c\u2019est mon chien,\u00a0\u00bb aurait r\u00e9pondu l\u2019homme apr\u00e8s qu\u2019elle lui a demand\u00e9 s\u2019il trouvait que traiter son chien ainsi \u00e9tait normal. Il aurait ensuite d\u00e9tach\u00e9 l\u2019animal de sa laisse puis d\u00e9pos\u00e9 dans le coffre de sa voiture \u00ab\u00a0comme une vulgaire chose\u00a0\u00bb se d\u00e9sole Victoria.<\/p>\n<p>Le propri\u00e9taire du chien assure plus tard aux policiers que son animal s\u2019est retrouv\u00e9 dans cette position apr\u00e8s avoir saut\u00e9 par la fen\u00eatre sans qu\u2019il ne s\u2019en rende compte.<\/p>\n<p>Partag\u00e9e sur les r\u00e9seaux sociaux, la vid\u00e9o est devenue virale. La plaque d\u2019immatriculation de l\u2019automobiliste a \u00e9t\u00e9 cach\u00e9e, mais des internautes sont tout de m\u00eame parvenus \u00e0 identifier l\u2019auteur et \u00e0 retrouver le lieu de son domicile.<\/p>\n<p>Les internautes se mobilisent<\/p>\n<p>L\u2019homme a ensuite re\u00e7u de nombreux messages de haine et une p\u00e9tition recueillant plus de 50\u00a0000 signatures a \u00e9t\u00e9 lanc\u00e9e pour r\u00e9clamer \u00ab\u00a0justice pour le chien tra\u00een\u00e9\u00a0\u00bb.<\/p>\n<p>L\u2019affaire a pris une plus grande ampleur ce lundi 7\u00a0juillet. Serge Fillot, le maire de la ville d\u2019Oupeye o\u00f9 loge le propri\u00e9taire du chien, raconte avoir re\u00e7u un appel dans la nuit. \u00ab\u00a0On m\u2019a dit qu\u2019on avait mis le feu chez le propri\u00e9taire du chien. Heureusement, il a r\u00e9ussi \u00e0 sortir par lui-m\u00eame\u00a0\u00bb, raconte-t-il.<\/p>\n<p>Le maire s\u2019indigne\u00a0: \u00ab\u00a0On est pass\u00e9 \u00e0 autre chose. De la mort dramatique d\u2019un chien, cruelle, avec une personne qui devra s\u2019en expliquer, c\u2019est devenu une chasse \u00e0 l\u2019homme\u00a0\u00bb. \u00ab\u00a0Si on a mis le feu volontairement la nuit alors que quelqu\u2019un \u00e9tait dans la maison, c\u2019est une tentative de meurtre \u00ab\u00a0, d\u00e9plore l\u2019\u00e9dile aupr\u00e8s de <a href=\"https:\/\/www.rtl.be\/actu\/belgique\/faits-divers\/chien-traine-derriere-une-voiture-le-proprietaire-de-lanimal-sera-protege-suite\/2025-07-07\/article\/755629\" target=\"_blank\" rel=\"nofollow noopener\">nos confr\u00e8res de RTL Info. <\/a>Des mesures de s\u00e9curit\u00e9 ont \u00e9t\u00e9 prises pour prot\u00e9ger la vie de l\u2019homme.<\/p>\n","protected":false},"excerpt":{"rendered":"Les images sont insoutenables. Sur une vid\u00e9o prise par une automobiliste t\u00e9moin de la sc\u00e8ne, on voit le&hellip;\n","protected":false},"author":2,"featured_media":238046,"comment_status":"","ping_status":"","sticky":false,"template":"","format":"standard","meta":{"footnotes":""},"categories":[5],"tags":[17,11,4850,37779,274,1011,27,4933,14,18,12,3711,29797,4752,28],"class_list":{"0":"post-238045","1":"post","2":"type-post","3":"status-publish","4":"format-standard","5":"has-post-thumbnail","7":"category-international","8":"tag-17","9":"tag-actualites","10":"tag-chien","11":"tag-derriere","12":"tag-faits-divers-justice","13":"tag-fr","14":"tag-france","15":"tag-homme","16":"tag-international","17":"tag-mort","18":"tag-news","19":"tag-son","20":"tag-traine","21":"tag-voiture","22":"tag-world"},"share_on_mastodon":{"url":"","error":""},"_links":{"self":[{"href":"https:\/\/www.europesays.com\/fr\/wp-json\/wp\/v2\/posts\/238045","targetHints":{"allow":["GET"]}}],"collection":[{"href":"https:\/\/www.europesays.com\/fr\/wp-json\/wp\/v2\/posts"}],"about":[{"href":"https:\/\/www.europesays.com\/fr\/wp-json\/wp\/v2\/types\/post"}],"author":[{"embeddable":true,"href":"https:\/\/www.europesays.com\/fr\/wp-json\/wp\/v2\/users\/2"}],"replies":[{"embeddable":true,"href":"https:\/\/www.europesays.com\/fr\/wp-json\/wp\/v2\/comments?post=238045"}],"version-history":[{"count":0,"href":"https:\/\/www.europesays.com\/fr\/wp-json\/wp\/v2\/posts\/238045\/revisions"}],"wp:featuredmedia":[{"embeddable":true,"href":"https:\/\/www.europesays.com\/fr\/wp-json\/wp\/v2\/media\/238046"}],"wp:attachment":[{"href":"https:\/\/www.europesays.com\/fr\/wp-json\/wp\/v2\/media?parent=238045"}],"wp:term":[{"taxonomy":"category","embeddable":true,"href":"https:\/\/www.europesays.com\/fr\/wp-json\/wp\/v2\/categories?post=238045"},{"taxonomy":"post_tag","embeddable":true,"href":"https:\/\/www.europesays.com\/fr\/wp-json\/wp\/v2\/tags?post=238045"}],"curies":[{"name":"wp","href":"https:\/\/api.w.org\/{rel}","templated":true}]}}