{"id":238049,"date":"2025-07-09T16:54:11","date_gmt":"2025-07-09T16:54:11","guid":{"rendered":"https:\/\/www.europesays.com\/fr\/238049\/"},"modified":"2025-07-09T16:54:11","modified_gmt":"2025-07-09T16:54:11","slug":"gerald-darmanin-na-pas-souhaite-rendre-dhommage-public-a-olivier-marleix-liberation","status":"publish","type":"post","link":"https:\/\/www.europesays.com\/fr\/238049\/","title":{"rendered":"G\u00e9rald Darmanin n\u2019a pas souhait\u00e9 rendre d\u2019hommage public \u00e0 Olivier Marleix \u2013 Lib\u00e9ration"},"content":{"rendered":"<p class=\"sc-ksZaOG ehjQrN text-element\">La disparition d\u2019Olivier Marleix a profond\u00e9ment touch\u00e9 la sph\u00e8re politique, quels que soient les partis. <a href=\"https:\/\/newsletter.liberation.fr\/m\/ml\/200138\/547640\/xgERqOs_JRST3BkhPPFJhikStU1EVZyLTQ13zicjC1c=\/0V+38MGmNk5+xDGtLA7+R7p1A87TpiQF6jUFa1ASaKc=\/wwVOTF9DaGV6X1BvbF9fMjAyNS0wNy0wOQ==\" target=\"_blank\" rel=\"nofollow noopener\" title=\"https:\/\/newsletter.liberation.fr\/m\/ml\/200138\/547640\/xgERqOs_JRST3BkhPPFJhikStU1EVZyLTQ13zicjC1c=\/0V+38MGmNk5+xDGtLA7+R7p1A87TpiQF6jUFa1ASaKc=\/wwVOTF9DaGV6X1BvbF9fMjAyNS0wNy0wOQ==\">L\u2019hommage rendu hier \u00e0 l\u2019Assembl\u00e9e<\/a> l\u2019a illustr\u00e9 m\u00eame si, comme l\u2019a not\u00e9 le site <a href=\"https:\/\/newsletter.liberation.fr\/m\/ml\/200138\/547640\/xgERqOs_JRST3BkhPPFJhikStU1EVZyLTQ13zicjC1c=\/0V+38MGmNk5+xDGtLA7+R7p1A87TpiQFzM10y1yHV2U=\/wwVOTF9DaGV6X1BvbF9fMjAyNS0wNy0wOQ==\" target=\"_blank\" rel=\"nofollow noopener\" title=\"https:\/\/newsletter.liberation.fr\/m\/ml\/200138\/547640\/xgERqOs_JRST3BkhPPFJhikStU1EVZyLTQ13zicjC1c=\/0V+38MGmNk5+xDGtLA7+R7p1A87TpiQFzM10y1yHV2U=\/wwVOTF9DaGV6X1BvbF9fMjAyNS0wNy0wOQ==\">Projet Arcadie<\/a>, deux ministres venus de LR brillaient par leur absence : Rachida Dati et G\u00e9rald Darmanin. Les deux ont invoqu\u00e9 des obligations d\u2019agenda pour justifier de ne pas \u00eatre \u00e0 la s\u00e9ance de questions au gouvernement au cours de laquelle cet hommage a \u00e9t\u00e9 rendu. La ministre de la Culture s\u2019est n\u00e9anmoins fendue d\u2019un tweet pour rendre hommage \u00e0 l\u2019ancien patron des d\u00e9put\u00e9s LR.<\/p>\n<p class=\"sc-ksZaOG ehjQrN text-element\">Le ministre de la Justice n\u2019a en revanche rien d\u00e9clar\u00e9 officiellement. \u00abCe n\u2019est pas un oubli, justifie s<\/p>\n","protected":false},"excerpt":{"rendered":"La disparition d\u2019Olivier Marleix a profond\u00e9ment touch\u00e9 la sph\u00e8re politique, quels que soient les partis. L\u2019hommage rendu hier&hellip;\n","protected":false},"author":2,"featured_media":238050,"comment_status":"","ping_status":"","sticky":false,"template":"","format":"standard","meta":{"footnotes":""},"categories":[2],"tags":[11,416,1011,27,432,3228,12],"class_list":{"0":"post-238049","1":"post","2":"type-post","3":"status-publish","4":"format-standard","5":"has-post-thumbnail","7":"category-actualites","8":"tag-actualites","9":"tag-assemblee-nationale","10":"tag-fr","11":"tag-france","12":"tag-gerald-darmanin","13":"tag-lr","14":"tag-news"},"share_on_mastodon":{"url":"https:\/\/pubeurope.com\/@fr\/114824325935691228","error":""},"_links":{"self":[{"href":"https:\/\/www.europesays.com\/fr\/wp-json\/wp\/v2\/posts\/238049","targetHints":{"allow":["GET"]}}],"collection":[{"href":"https:\/\/www.europesays.com\/fr\/wp-json\/wp\/v2\/posts"}],"about":[{"href":"https:\/\/www.europesays.com\/fr\/wp-json\/wp\/v2\/types\/post"}],"author":[{"embeddable":true,"href":"https:\/\/www.europesays.com\/fr\/wp-json\/wp\/v2\/users\/2"}],"replies":[{"embeddable":true,"href":"https:\/\/www.europesays.com\/fr\/wp-json\/wp\/v2\/comments?post=238049"}],"version-history":[{"count":0,"href":"https:\/\/www.europesays.com\/fr\/wp-json\/wp\/v2\/posts\/238049\/revisions"}],"wp:featuredmedia":[{"embeddable":true,"href":"https:\/\/www.europesays.com\/fr\/wp-json\/wp\/v2\/media\/238050"}],"wp:attachment":[{"href":"https:\/\/www.europesays.com\/fr\/wp-json\/wp\/v2\/media?parent=238049"}],"wp:term":[{"taxonomy":"category","embeddable":true,"href":"https:\/\/www.europesays.com\/fr\/wp-json\/wp\/v2\/categories?post=238049"},{"taxonomy":"post_tag","embeddable":true,"href":"https:\/\/www.europesays.com\/fr\/wp-json\/wp\/v2\/tags?post=238049"}],"curies":[{"name":"wp","href":"https:\/\/api.w.org\/{rel}","templated":true}]}}