{"id":238051,"date":"2025-07-09T16:55:16","date_gmt":"2025-07-09T16:55:16","guid":{"rendered":"https:\/\/www.europesays.com\/fr\/238051\/"},"modified":"2025-07-09T16:55:16","modified_gmt":"2025-07-09T16:55:16","slug":"le-chambon-feugerolles-le-vestiboutique-de-la-croix-rouge-organise-une-braderie-du-11-au-18-juillet","status":"publish","type":"post","link":"https:\/\/www.europesays.com\/fr\/238051\/","title":{"rendered":"Le Chambon-Feugerolles. Le Vestiboutique de la Croix-Rouge organise une braderie du 11 au 18\u00a0juillet"},"content":{"rendered":"<p>Les lundis, mercredis et vendredis matin, les neuf b\u00e9n\u00e9voles du Vestiboutique de la Croix-Rouge accueillent avec le sourire les clients, en \u00e9quipe de trois personnes par permanence. Ouverte \u00e0 tous, cette boutique offre la possibilit\u00e9 d\u2019acheter \u00e0 prix tr\u00e8s r\u00e9duit des v\u00eatements de seconde main, voire des chaussures ou des sacs \u00e0 main. \u00ab\u00a0Pour certaines personnes, le c\u00f4t\u00e9 \u00e9conomique les am\u00e8ne dans le Vestiboutique, mais pour d\u2019autres c\u2019est l\u2019aspect consommation citoyenne, qui les conduit ici\u00a0\u00bb, pr\u00e9cise Martine Loison.<\/p>\n<p>Les dons de v\u00eatements sont importants&#8230;.<\/p>\n","protected":false},"excerpt":{"rendered":"Les lundis, mercredis et vendredis matin, les neuf b\u00e9n\u00e9voles du Vestiboutique de la Croix-Rouge accueillent avec le sourire&hellip;\n","protected":false},"author":2,"featured_media":238052,"comment_status":"","ping_status":"","sticky":false,"template":"","format":"standard","meta":{"footnotes":""},"categories":[9653],"tags":[1111,11,2430,12162,7539,1777,674,1011,27,12161,12,25,4001,104,1631],"class_list":{"0":"post-238051","1":"post","2":"type-post","3":"status-publish","4":"format-standard","5":"has-post-thumbnail","7":"category-saint-etienne","8":"tag-actu","9":"tag-actualites","10":"tag-auvergne-rhone-alpes","11":"tag-chambon-feugerolles-ville","12":"tag-edition-loire-sud","13":"tag-eu","14":"tag-europe","15":"tag-fr","16":"tag-france","17":"tag-le-chambon-feugerolles","18":"tag-news","19":"tag-republique-francaise","20":"tag-saint-etienne","21":"tag-societe","22":"tag-vie-associative"},"share_on_mastodon":{"url":"https:\/\/pubeurope.com\/@fr\/114824329815221507","error":""},"_links":{"self":[{"href":"https:\/\/www.europesays.com\/fr\/wp-json\/wp\/v2\/posts\/238051","targetHints":{"allow":["GET"]}}],"collection":[{"href":"https:\/\/www.europesays.com\/fr\/wp-json\/wp\/v2\/posts"}],"about":[{"href":"https:\/\/www.europesays.com\/fr\/wp-json\/wp\/v2\/types\/post"}],"author":[{"embeddable":true,"href":"https:\/\/www.europesays.com\/fr\/wp-json\/wp\/v2\/users\/2"}],"replies":[{"embeddable":true,"href":"https:\/\/www.europesays.com\/fr\/wp-json\/wp\/v2\/comments?post=238051"}],"version-history":[{"count":0,"href":"https:\/\/www.europesays.com\/fr\/wp-json\/wp\/v2\/posts\/238051\/revisions"}],"wp:featuredmedia":[{"embeddable":true,"href":"https:\/\/www.europesays.com\/fr\/wp-json\/wp\/v2\/media\/238052"}],"wp:attachment":[{"href":"https:\/\/www.europesays.com\/fr\/wp-json\/wp\/v2\/media?parent=238051"}],"wp:term":[{"taxonomy":"category","embeddable":true,"href":"https:\/\/www.europesays.com\/fr\/wp-json\/wp\/v2\/categories?post=238051"},{"taxonomy":"post_tag","embeddable":true,"href":"https:\/\/www.europesays.com\/fr\/wp-json\/wp\/v2\/tags?post=238051"}],"curies":[{"name":"wp","href":"https:\/\/api.w.org\/{rel}","templated":true}]}}