{"id":238066,"date":"2025-07-09T17:03:15","date_gmt":"2025-07-09T17:03:15","guid":{"rendered":"https:\/\/www.europesays.com\/fr\/238066\/"},"modified":"2025-07-09T17:03:15","modified_gmt":"2025-07-09T17:03:15","slug":"le-maire-de-bihorel-pascal-houbron-mis-en-minorite-par-sa-propre-majorite","status":"publish","type":"post","link":"https:\/\/www.europesays.com\/fr\/238066\/","title":{"rendered":"le maire de Bihorel, Pascal Houbron, mis en minorit\u00e9 par sa propre majorit\u00e9"},"content":{"rendered":"<p>            Par<br \/>\n        <strong><br \/>\n            <a href=\"https:\/\/actu.fr\/auteur\/isabellevilly\" title=\"Consulter tous les articles de Isabelle Villy\" rel=\"nofollow noopener\" target=\"_blank\">Isabelle Villy<\/a><br \/>\n        <\/strong><\/p>\n<p>        Publi\u00e9 le<\/p>\n<p>            9 juil. 2025 \u00e0 18h12        <\/p>\n<p>Il n\u2019y avait<strong> pas assez de places<\/strong> pour s\u2019asseoir le jeudi 26 juin \u00e0 l\u2019occasion du conseil municipal de <a href=\"https:\/\/actu.fr\/normandie\/bihorel_76095\" rel=\"nofollow noopener\" target=\"_blank\">Bihorel (Seine-Maritime)<\/a>. Cons\u00e9quence, \u00e0 n\u2019en pas douter, du dernier courrier envoy\u00e9 par le maire Pascal Houbron (sur ses propres deniers, a-t-il pr\u00e9cis\u00e9) \u00e0 tous les Bihorellais, dans lequel il annonce son engagement pour les municipales 2026, avec une liste \u00ab \u00e0 90 % renouvel\u00e9e \u00bb. Une annonce qui <strong>a termin\u00e9 de faire exploser<\/strong> la majorit\u00e9 municipale.<\/p>\n<p class=\" wall-content\">Un nouveau groupe baptis\u00e9 \u00ab Bihorel en commun \u00bb a \u00e9t\u00e9 cr\u00e9\u00e9 par <strong>dix-sept \u00e9lus<\/strong>, mettant le maire en minorit\u00e9 jusqu\u2019\u00e0 la fin de son mandat. Le public \u00e9tait donc venu compter les points. Nous vous r\u00e9sumons ici ces d\u00e9bats houleux.<\/p>\n<p>La charge de Nathalie Lecordier<\/p>\n<p class=\" wall-content\">C\u2019est la premi\u00e8re adjointe Nathalie Lecordier qui a ouvert les dol\u00e9ances. \u00ab Je suis prise directement \u00e0 partie dans le courrier que nous recevons actuellement. Permettez-moi de vous faire une remarque : vous indiquez que je vous dois tout. Vous niez donc purement et simplement que j\u2019ai pu construire mon parcours par mes propres comp\u00e9tences, mes convictions, mon engagement ou encore mon intelligence. Vous sous-entendez que je ne suis le fruit que de votre volont\u00e9, comme si vous aviez le pouvoir de faire ou d\u00e9faire les individus \u00e0 votre guise, <strong>tel un monarque distribuant les faveurs<\/strong> \u00bb, a lanc\u00e9 l\u2019\u00e9lue.<\/p>\n<p class=\" wall-content\">\u00ab Plus troublant encore, cette affirmation va \u00e0 l\u2019encontre de l\u2019image que vous aimez tant renvoyer de vous-m\u00eame. Celle d\u2019un d\u00e9fenseur de l\u2019\u00e9galit\u00e9 entre les femmes et les hommes \u00bb, a poursuivi Nathalie Lecordier, constatant que \u00ab r\u00e9duire une femme \u00e0 votre seule bienveillance, c\u2019est perp\u00e9tuer<strong> le sch\u00e9ma de domination<\/strong>. C\u2019est nier aux femmes leur capacit\u00e9 d\u2019exister et de r\u00e9ussir par elles-m\u00eames, donc de disposer des m\u00eames droits et m\u00eames opportunit\u00e9s que leurs homologues masculins \u00bb.<\/p>\n<p class=\" wall-content\">Pascal Houbron a pr\u00e9f\u00e9r\u00e9 attendre la premi\u00e8re d\u00e9lib\u00e9ration pour r\u00e9pondre, car la nomination des \u00e9lus au sein des commissions permanentes ne pr\u00e9sageait rien de bon. Effectivement,<strong> certains ont d\u00e9cid\u00e9 de sortir<\/strong> du groupe majoritaire, Bien ensemble \u00e0 Bihorel, et de cr\u00e9er un groupe dissident intitul\u00e9, Bihorel en commun avec dix-sept \u00e9lus. C\u2019est Patrice Renault, conseiller municipal, porte-parole du nouveau groupe politique qui a d\u00e9taill\u00e9 leurs motivations.<\/p>\n<p>Un groupe de dix-sept \u00e9lus<\/p>\n<p class=\" wall-content\">\u00ab Cette cr\u00e9ation marque une nouvelle \u00e9tape dans la vie municipale de notre commune. Fort de dix-sept \u00e9lus, le groupe repr\u00e9sente dor\u00e9navant<strong> la majorit\u00e9 municipale<\/strong>. Nous sommes les plus nombreux \u00e0 si\u00e9ger. D\u00e8s lors, pr\u00e9tendre que notre groupe se situe dans l\u2019opposition serait une contre-v\u00e9rit\u00e9 politique \u00bb, a constat\u00e9 Patrice Renault.<\/p>\n<p class=\" wall-content\">Puis, s\u2019adressant \u00e0 Pascal Houbron, il a ass\u00e9n\u00e9 : \u00ab c\u2019est vous, Monsieur le Maire, avec votre nombre restreint de soutiens qui vous retrouvez minoritaire. Une r\u00e9alit\u00e9 arithm\u00e9tique autant que d\u00e9mocratique. C\u2019est le jeu normal des institutions locales et ce basculement doit \u00eatre respect\u00e9. Ce respect, nous le souhaitons, car il semble perdre tout son poids dans vos r\u00e9cents<strong> propos<\/strong> \u00bb.<\/p>\n<p>\u00ab Nous n\u2019avons trahi personne \u00bb<\/p>\n<p class=\" wall-content\">Enfon\u00e7ant un peu plus le clou, le porte-parole du nouveau groupe politique s\u2019est fait encore plus cassant : \u00ab Monsieur le maire, les insultes que vous avez prof\u00e9r\u00e9es \u00e0 l\u2019encontre de certains d\u2019entre nous, tel que le qualificatif de tra\u00eetre, est indigne d\u2019un \u00e9lu de la R\u00e9publique. Nous n\u2019avons trahi personne. Nous refusons simplement de cautionner une m\u00e9thode. Une mani\u00e8re d\u2019ex\u00e9cuter le pouvoir devenue inacceptable.<strong> La trahison<\/strong>, c\u2019est celle qui consiste \u00e0 m\u00e9priser ses coll\u00e8gues et \u00e0 pi\u00e9tiner les principes \u00e9l\u00e9mentaires du d\u00e9bat d\u00e9mocratique, comme ce soir o\u00f9 les adjoints que vous avez nomm\u00e9s ne peuvent pas pr\u00e9senter les d\u00e9lib\u00e9rations. \u00bb<\/p>\n<p>\u00ab\u00a0Je vais apporter mon exp\u00e9rience\u00a0\u00bb\u00a0<\/p>\n<p class=\" wall-content\">Accul\u00e9, Pascal Houbron est revenu, pour toute r\u00e9ponse, sur les arguments de sa lettre dont \u00ab cette tentative de me d\u00e9stabiliser et de me dire plusieurs fois de rester chez moi \u00bb. Il a mis en cause des \u00e9lus proches il y a encore quelques semaines et surtout affirm\u00e9 que \u00ab depuis la diffusion de ma lettre aux Bihorellais,<strong> je re\u00e7ois \u00e9norm\u00e9ment de messages bienveillants<\/strong>. D\u2019ailleurs, certains souhaitent s\u2019investir dans la commune. Je leur dis que je les recevrai dans la deuxi\u00e8me quinzaine de juillet pour une liste que sera renouvel\u00e9e \u00e0 90 %. Je vais apporter mon exp\u00e9rience \u00bb, a ripost\u00e9 Pascal Houbron.<\/p>\n<p>L\u2019opposition regarde et \u00e9coute\u2026<\/p>\n<p class=\" wall-content\">C\u2019est ensuite dans le public que la tension est mont\u00e9e d\u2019un cran. On a ainsi pu entendre : \u00ab vous n\u2019\u00eates pas en campagne \u00bb, et avec les oppositions : \u00ab si vous aviez <strong>l\u2019honneur et la dignit\u00e9<\/strong>, vous attendriez la campagne des municipales. \u00bb<\/p>\n<p class=\" wall-content\">La conseill\u00e8re municipale d\u2019opposition, Aude Erragne, a d\u2019ailleurs d\u00e9clar\u00e9 : \u00ab concernant cette d\u00e9lib\u00e9ration dans laquelle nous avons entendu pendant plusieurs minutes les distensions au sein de ce qui fut la majorit\u00e9, notre groupe va s\u2019abstenir, car<strong> ces querelles internes<\/strong> qui nuisent \u00e0 la coh\u00e9sion et \u00e0 la hauteur de vue, qui ne permettent pas aussi de conduire les affaires municipales, ne nous regardent pas ! \u00bb.<\/p>\n<p>Les autres d\u00e9lib\u00e9rations<\/p>\n<p class=\" wall-content\">Pascal Houbron a constat\u00e9 qu\u2019en ce soir de conseil, les adjoints, dans un autre groupe, ne permettaient pas de \u00ab participer sereinement \u00e0 la s\u00e9ance et vont peut-\u00eatre faire des choix diff\u00e9rents de ceux du maire \u00bb. Et d\u2019entr\u00e9e, il a d\u2019ailleurs \u00e9t\u00e9 mis en \u00e9chec sur le lancement de la proc\u00e9dure de concession de service du mobilier urbain par l\u2019entreprise JC Decaux.<\/p>\n<p class=\" wall-content\">Il a, en revanche, obtenu l\u2019accord pour faire une demande de subventions au titre du FACIL (Fonds d\u2019aide aux communes pour l\u2019investissement local culture), pour la restauration de l\u2019orgue de l\u2019\u00e9glise Notre-Dame des Anges (49 240 euros) et pour l\u2019achat d\u2019instruments de musique pour l\u2019\u00e9cole de musique BBI (19 545 euros).<\/p>\n<p>Reprise de concessions en \u00e9tat d\u2019abandon : nouvelle passe d\u2019armes<\/p>\n<p class=\" wall-content\">Autre d\u00e9lib\u00e9ration et deuxi\u00e8me rejet concernant la d\u00e9lib\u00e9ration de reprise de concessions en \u00e9tat d\u2019abandon au cimeti\u00e8re et surtout, sur la volont\u00e9 du maire de restaurer celle d\u2019Eug\u00e8ne Lecoq, personnage g\u00e9n\u00e9reux qui a d\u00e9j\u00e0 <strong>une rue dans la ville<\/strong>. \u00ab En commission, nous avons propos\u00e9 une solution moins on\u00e9reuse. Celle d\u2019une plaque sur le mur du cimeti\u00e8re ou dans la rue. Je suis d\u00e9\u00e7u que le r\u00f4le des commissions soit<strong> rendu \u00e0 la portion congrue<\/strong> \u00bb, a d\u00e9plor\u00e9 l\u2019opposant Gilles Thomas.<\/p>\n<p class=\" wall-content\">Jocelyne Brochard, adjointe au patrimoine, d\u00e9sormais dans le groupe Bihorel en commun, a indiqu\u00e9, \u00e0 l\u2019attention du maire : \u00ab Si les membres de la commission n\u2019ont pas re\u00e7u le compte rendu du 23 avril, c\u2019est parce que vous avez voulu le modifier, alors que vous n\u2019\u00e9tiez pas pr\u00e9sent. Par cons\u00e9quent, je ne l\u2019ai pas sign\u00e9, ni diffus\u00e9. Vous nous proposez de garder cette s\u00e9pulture qui est <strong>juste votre d\u00e9cision ou celle de votre groupe<\/strong>. Nous allons voter contre. \u00bb Une d\u00e9lib\u00e9ration rejet\u00e9e, avec seulement quatre voix pour.<\/p>\n<p>Suivez l\u2019actualit\u00e9 de Rouen <a href=\"https:\/\/www.whatsapp.com\/channel\/0029VaKfnf99hXF2ddApFB1D\" rel=\"nofollow noopener\" target=\"_blank\">sur notre cha\u00eene WhatsApp<\/a> et <a href=\"https:\/\/www.tiktok.com\/@76actu.fr?lang=fr\" rel=\"nofollow noopener\" target=\"_blank\">sur notre compte TikTok<\/a><\/p>\n<p class=\" wall-content\">Suivez toute l\u2019actualit\u00e9 de vos villes et m\u00e9dias favoris en vous inscrivant \u00e0 <a href=\"https:\/\/moncompte.actu.fr\" title=\"D\u00e9couvez Mon Actu\" rel=\"nofollow noopener\" data-trk=\"{&quot;cta&quot;:{&quot;action&quot;:&quot;https:\\\/\\\/moncompte.actu.fr&quot;,&quot;category&quot;:&quot;mon compte&quot;,&quot;from&quot;:&quot;article footer&quot;,&quot;name&quot;:&quot;Mon actu&quot;,&quot;type&quot;:&quot;cta&quot;}}\" target=\"_blank\">Mon Actu<\/a>.<\/p>\n<p>                    <script async src=\"\/\/www.tiktok.com\/embed.js\"><\/script><\/p>\n","protected":false},"excerpt":{"rendered":"Par Isabelle Villy Publi\u00e9 le 9 juil. 2025 \u00e0 18h12 Il n\u2019y avait pas assez de places pour&hellip;\n","protected":false},"author":2,"featured_media":238067,"comment_status":"","ping_status":"","sticky":false,"template":"","format":"standard","meta":{"footnotes":""},"categories":[9587],"tags":[1111,11,1777,674,1011,27,3434,12,5161,316,25,9590],"class_list":{"0":"post-238066","1":"post","2":"type-post","3":"status-publish","4":"format-standard","5":"has-post-thumbnail","7":"category-rouen","8":"tag-actu","9":"tag-actualites","10":"tag-eu","11":"tag-europe","12":"tag-fr","13":"tag-france","14":"tag-municipales-2026","15":"tag-news","16":"tag-normandie","17":"tag-politique","18":"tag-republique-francaise","19":"tag-rouen"},"share_on_mastodon":{"url":"https:\/\/pubeurope.com\/@fr\/114824361358898289","error":""},"_links":{"self":[{"href":"https:\/\/www.europesays.com\/fr\/wp-json\/wp\/v2\/posts\/238066","targetHints":{"allow":["GET"]}}],"collection":[{"href":"https:\/\/www.europesays.com\/fr\/wp-json\/wp\/v2\/posts"}],"about":[{"href":"https:\/\/www.europesays.com\/fr\/wp-json\/wp\/v2\/types\/post"}],"author":[{"embeddable":true,"href":"https:\/\/www.europesays.com\/fr\/wp-json\/wp\/v2\/users\/2"}],"replies":[{"embeddable":true,"href":"https:\/\/www.europesays.com\/fr\/wp-json\/wp\/v2\/comments?post=238066"}],"version-history":[{"count":0,"href":"https:\/\/www.europesays.com\/fr\/wp-json\/wp\/v2\/posts\/238066\/revisions"}],"wp:featuredmedia":[{"embeddable":true,"href":"https:\/\/www.europesays.com\/fr\/wp-json\/wp\/v2\/media\/238067"}],"wp:attachment":[{"href":"https:\/\/www.europesays.com\/fr\/wp-json\/wp\/v2\/media?parent=238066"}],"wp:term":[{"taxonomy":"category","embeddable":true,"href":"https:\/\/www.europesays.com\/fr\/wp-json\/wp\/v2\/categories?post=238066"},{"taxonomy":"post_tag","embeddable":true,"href":"https:\/\/www.europesays.com\/fr\/wp-json\/wp\/v2\/tags?post=238066"}],"curies":[{"name":"wp","href":"https:\/\/api.w.org\/{rel}","templated":true}]}}