{"id":238080,"date":"2025-07-09T17:10:11","date_gmt":"2025-07-09T17:10:11","guid":{"rendered":"https:\/\/www.europesays.com\/fr\/238080\/"},"modified":"2025-07-09T17:10:11","modified_gmt":"2025-07-09T17:10:11","slug":"municipales-2026-a-strasbourg-paul-meyer-se-lance-avec-nawel-rafik-elmrini","status":"publish","type":"post","link":"https:\/\/www.europesays.com\/fr\/238080\/","title":{"rendered":"Municipales 2026. \u00c0 Strasbourg, Paul Meyer se lance avec Nawel Rafik Elmrini"},"content":{"rendered":"<p>\u00ab\u00a0Crises sociales, tensions internationales, d\u00e9r\u00e8glement climatique\u00a0: Nous vivons une \u00e9poque tourment\u00e9e\u00a0\u00bb, constate Paul Meyer. Celui qui dit consacrer tout son temps depuis six mois au futur de la ville de Strasbourg ajoute\u00a0: \u00ab\u00a0Face \u00e0 ce fracas mondial, que constatons-nous\u00a0? Une ville qui s\u2019enlise dans les querelles, l\u2019improvisation et, trop souvent, le m\u00e9pris de ses habitants.\u00a0\u00bb<\/p>\n<p>Apr\u00e8s nous avoir confi\u00e9 <a href=\"https:\/\/www.dna.fr\/elections\/2025\/05\/21\/paul-meyer-decide-a-rempiler-a-strasbourg\" target=\"_blank\" rel=\"nofollow noopener\">son d\u00e9sir de s\u2019impliquer dans la campagne des municipales<\/a> \u00e0 venir, Paul Meyer structure d\u00e9sormais ce projet autour de R\u00e9concilier Strasbourg, un mouvement qu\u2019il cofonde avec Nawel Rafik Elmrini, \u00e9galement ancienne adjointe de Roland Ries.<\/p>\n<p>Ce contenu est bloqu\u00e9 car vous n&rsquo;avez pas accept\u00e9 les cookies et autres traceurs.<\/p>\n<p>En cliquant sur \u00ab J\u2019accepte \u00bb, les cookies et autres traceurs seront d\u00e9pos\u00e9s et vous pourrez visualiser les contenus  (<a href=\"\" class=\"consentModule_policy\" target=\"_blank\" title=\"Consulter la politique de protection des donn\u00e9es du fournisseur\">plus d&rsquo;informations<\/a>).<\/p>\n<p>En cliquant sur \u00ab J\u2019accepte tous les cookies \u00bb, vous autorisez des d\u00e9p\u00f4ts de cookies et autres traceurs pour le stockage de vos donn\u00e9es sur nos sites et applications \u00e0 des fins de personnalisation et de ciblage publicitaire.<\/p>\n<p class=\"consentModule_secondaryText\">Vous gardez la possibilit\u00e9 de retirer votre consentement \u00e0 tout moment en consultant notre <a href=\"https:\/\/www.dna.fr\/protection-des-donnees\" target=\"_blank\" title=\"Consulter notre politique de protection des donn\u00e9es\" rel=\"nofollow noopener\">politique de protection des donn\u00e9es<\/a>. <br \/>&#13;<br \/>\n            <a href=\"https:\/\/www.dna.fr\/elections\/2025\/07\/09\/javascript:Didomi.notice.show()\" class=\"consentModule_cmp\" rel=\"nofollow noopener\" target=\"_blank\">G\u00e9rer mes choix<\/a>&#13;\n        <\/p>\n<p>&#13;<br \/>\n                        J&rsquo;accepte&#13;<br \/>\n            J&rsquo;accepte tous les cookies&#13;\n        <\/p>\n<p>Cette derni\u00e8re arrive avec le titre de cheffe de file de Territoire de Progr\u00e8s, le parti de centre gauche cr\u00e9\u00e9 par d\u2019anciens membres du PS et de la R\u00e9publique en Marche en 2020. Lors d\u2019une premi\u00e8re r\u00e9union, le mouvement a r\u00e9affirm\u00e9 sa volont\u00e9 de \u00ab\u00a0rassembler aussi bien des personnalit\u00e9s politiques que des citoyens issus de la soci\u00e9t\u00e9 civile convaincus de l\u2019urgence de proposer aux Strasbourgeois une nouvelle alternative d\u00e9mocratique\u00a0\u00bb.<\/p>\n<p>  Un premier dossier th\u00e9matique pr\u00e9sent\u00e9 ce jeudi<\/p>\n<p>Au programme\u00a0: \u00ab\u00a0Retrouver l\u2019\u00e2me de Strasbourg, celle d\u2019une ville innovante et ouverte\u00a0\u00bb. Concr\u00e8tement, le mouvement doit pr\u00e9senter ce jeudi 10\u00a0juillet \u00e0 la presse, un premier dossier th\u00e9matique. \u00c0 savoir ses r\u00e9flexions et pistes de travail sur \u00ab\u00a0les enjeux de l\u2019\u00e9t\u00e9 et la r\u00e9silience de la ville face aux canicules\u00a0\u00bb.<\/p>\n<p>Pour ce qui concerne le rassemblement, le duo fondateur du mouvement dit \u00ab\u00a0proposer une maison commune \u00e0 toutes celles et ceux qui aujourd\u2019hui ne se reconnaissent pas dans l\u2019offre politique du moment, et particuli\u00e8rement aux \u00e9cologistes sinc\u00e8res d\u00e9\u00e7us par <a href=\"https:\/\/www.dna.fr\/elections\/2025\/07\/03\/a-strasbourg-l-ecologiste-jeanne-barseghian-candidate-a-sa-reelection\" target=\"_blank\" rel=\"nofollow noopener\">la municipalit\u00e9 actuelle<\/a> \u00a0\u00bb.<\/p>\n<p>Parmi les premiers soutiens \u00e0 cette d\u00e9marche, le professeur de chirurgie Patrick Pessaux, Sophie Rosenzwzeig, cr\u00e9atrice de Voix sans fronti\u00e8res, Olivier Ferrand (Chambre des m\u00e9tiers d\u2019Alsace), l\u2019\u00e9tudiant en Sciences-Po Sacha Remy, l\u2019entrepreneur Lucas Gacitua Petit et Olivier Kauffmann, ancien pr\u00e9sident du Consistoire R\u00e9form\u00e9 de Strasbourg, ont d\u00e9j\u00e0 \u00e9t\u00e9 mis en avant.<\/p>\n","protected":false},"excerpt":{"rendered":"\u00ab\u00a0Crises sociales, tensions internationales, d\u00e9r\u00e8glement climatique\u00a0: Nous vivons une \u00e9poque tourment\u00e9e\u00a0\u00bb, constate Paul Meyer. Celui qui dit consacrer&hellip;\n","protected":false},"author":2,"featured_media":238081,"comment_status":"","ping_status":"","sticky":false,"template":"","format":"standard","meta":{"footnotes":""},"categories":[2820],"tags":[1111,11,2880,5949,4188,1777,674,107,1011,27,775,12,316,25,640,2879],"class_list":{"0":"post-238080","1":"post","2":"type-post","3":"status-publish","4":"format-standard","5":"has-post-thumbnail","7":"category-strasbourg","8":"tag-actu","9":"tag-actualites","10":"tag-edition-strasbourg","11":"tag-elections","12":"tag-elections-municipales","13":"tag-eu","14":"tag-europe","15":"tag-fil-info","16":"tag-fr","17":"tag-france","18":"tag-grand-est","19":"tag-news","20":"tag-politique","21":"tag-republique-francaise","22":"tag-strasbourg","23":"tag-strasbourg-ville"},"share_on_mastodon":{"url":"https:\/\/pubeurope.com\/@fr\/114824388871281700","error":""},"_links":{"self":[{"href":"https:\/\/www.europesays.com\/fr\/wp-json\/wp\/v2\/posts\/238080","targetHints":{"allow":["GET"]}}],"collection":[{"href":"https:\/\/www.europesays.com\/fr\/wp-json\/wp\/v2\/posts"}],"about":[{"href":"https:\/\/www.europesays.com\/fr\/wp-json\/wp\/v2\/types\/post"}],"author":[{"embeddable":true,"href":"https:\/\/www.europesays.com\/fr\/wp-json\/wp\/v2\/users\/2"}],"replies":[{"embeddable":true,"href":"https:\/\/www.europesays.com\/fr\/wp-json\/wp\/v2\/comments?post=238080"}],"version-history":[{"count":0,"href":"https:\/\/www.europesays.com\/fr\/wp-json\/wp\/v2\/posts\/238080\/revisions"}],"wp:featuredmedia":[{"embeddable":true,"href":"https:\/\/www.europesays.com\/fr\/wp-json\/wp\/v2\/media\/238081"}],"wp:attachment":[{"href":"https:\/\/www.europesays.com\/fr\/wp-json\/wp\/v2\/media?parent=238080"}],"wp:term":[{"taxonomy":"category","embeddable":true,"href":"https:\/\/www.europesays.com\/fr\/wp-json\/wp\/v2\/categories?post=238080"},{"taxonomy":"post_tag","embeddable":true,"href":"https:\/\/www.europesays.com\/fr\/wp-json\/wp\/v2\/tags?post=238080"}],"curies":[{"name":"wp","href":"https:\/\/api.w.org\/{rel}","templated":true}]}}