{"id":238086,"date":"2025-07-09T17:13:17","date_gmt":"2025-07-09T17:13:17","guid":{"rendered":"https:\/\/www.europesays.com\/fr\/238086\/"},"modified":"2025-07-09T17:13:17","modified_gmt":"2025-07-09T17:13:17","slug":"cinq-suspects-identifies-apres-un-passage-un-tabac-sur-fond-de-rivalites-entre-quartiers-de","status":"publish","type":"post","link":"https:\/\/www.europesays.com\/fr\/238086\/","title":{"rendered":"Cinq suspects identifi\u00e9s apr\u00e8s un passage un tabac sur fond de rivalit\u00e9s entre quartiers de"},"content":{"rendered":"<tr wp_automatic_readability=\"2.9338235294118\">\n<td valign=\"middle\" align=\"center\" class=\"col-logo\">\n    <img decoding=\"async\" src=\"https:\/\/www.europesays.com\/fr\/wp-content\/uploads\/2025\/04\/presse-ocean.gif\" alt=\"logo Presse-Oc\u00e9an\" height=\"66\"\/><\/p>\n<\/td>\n<td class=\"col-titre\">\n\t\t\tMercredi 09 juillet 2025 17:52<br \/>\n\t\t\t<a class=\"icon-bulle sizeL count\" href=\"#ancreAvis\"><br \/>\n\t&#8230;<br \/>\n<\/a><\/td>\n<\/tr>\n<p>\t\t<a class=\"mavillebox2 elmt-photo\" href=\"https:\/\/maville.com\/photosmvi\/2025\/07\/09\/P35346268D6893224G.jpg\" title=\" L\u2019agression du 18\u00a0octobre 2024 a eu lieu en marge du quartier Malakoff.  \u00a9  Photo Presse Oc\u00e9an- Nathalie Bourreau  &lt;!--TAG-BLC credit--&gt;\" rel=\"galerie_actu nofollow noopener\" target=\"_blank\"><br \/>\n\t<img decoding=\"async\" src=\"https:\/\/www.europesays.com\/fr\/wp-content\/uploads\/2025\/07\/P35346268D6893224G_crop_640-330_.jpg\" alt=\"photo  l\u2019agression du 18\u00a0octobre 2024 a eu lieu en marge du quartier malakoff.  \u00a9  photo presse oc\u00e9an- nathalie bourreau \"\/><br \/>\n\t1<br \/>\n<\/a><\/p>\n<p class=\"elmt-legende\"> L\u2019agression du 18\u00a0octobre 2024 a eu lieu en marge du quartier Malakoff.  \u00a9  Photo Presse Oc\u00e9an- Nathalie Bourreau  <\/p>\n<p>\t\tLe 18\u00a0octobre 2024, un homme avait \u00e9t\u00e9 rou\u00e9 de coups dans un busway situ\u00e9 avenue Carnot \u00e0 Nantes, sur fond de rivalit\u00e9s entre des jeunes des quartiers Malakoff et du Clos-Toreau. Deux hommes de 21\u00a0ans ont \u00e9t\u00e9 interpell\u00e9s, mardi 8\u00a0juillet 2025 et trois autres identifi\u00e9s. Ils doivent \u00eatre jug\u00e9s d\u00e9but septembre\u00a02025.<\/p>\n<p><b>Cet article est r\u00e9serv\u00e9 aux abonn\u00e9s<\/b><\/p>\n<p>Pour un acc\u00e8s imm\u00e9diat, abonnez-vous<\/p>\n<p><b>1\u00e8re semaine offerte<\/b><\/p>\n<p>\t\t Jean-Marie Cornuaille \u00a0\u00a0<br \/>\n\t\tPresse-Oc\u00e9an<\/p>\n<p>Retrouvez d&rsquo;autres actus sur la commune de :<\/p>\n<p>\t\t&#13;<\/p>\n","protected":false},"excerpt":{"rendered":"Mercredi 09 juillet 2025 17:52 &#8230; 1 L\u2019agression du 18\u00a0octobre 2024 a eu lieu en marge du quartier&hellip;\n","protected":false},"author":2,"featured_media":238087,"comment_status":"","ping_status":"","sticky":false,"template":"","format":"standard","meta":{"footnotes":""},"categories":[2818],"tags":[1111,11,1777,674,20820,1011,27,37782,766,12,15199,2636,5116,25,20821,3272,16069,6582],"class_list":{"0":"post-238086","1":"post","2":"type-post","3":"status-publish","4":"format-standard","5":"has-post-thumbnail","7":"category-nantes","8":"tag-actu","9":"tag-actualites","10":"tag-eu","11":"tag-europe","12":"tag-fond","13":"tag-fr","14":"tag-france","15":"tag-identifies","16":"tag-nantes","17":"tag-news","18":"tag-passage","19":"tag-pays-de-la-loire","20":"tag-quartiers","21":"tag-republique-francaise","22":"tag-rivalites","23":"tag-saint-nazaire","24":"tag-suspects","25":"tag-tabac"},"share_on_mastodon":{"url":"https:\/\/pubeurope.com\/@fr\/114824400847395568","error":""},"_links":{"self":[{"href":"https:\/\/www.europesays.com\/fr\/wp-json\/wp\/v2\/posts\/238086","targetHints":{"allow":["GET"]}}],"collection":[{"href":"https:\/\/www.europesays.com\/fr\/wp-json\/wp\/v2\/posts"}],"about":[{"href":"https:\/\/www.europesays.com\/fr\/wp-json\/wp\/v2\/types\/post"}],"author":[{"embeddable":true,"href":"https:\/\/www.europesays.com\/fr\/wp-json\/wp\/v2\/users\/2"}],"replies":[{"embeddable":true,"href":"https:\/\/www.europesays.com\/fr\/wp-json\/wp\/v2\/comments?post=238086"}],"version-history":[{"count":0,"href":"https:\/\/www.europesays.com\/fr\/wp-json\/wp\/v2\/posts\/238086\/revisions"}],"wp:featuredmedia":[{"embeddable":true,"href":"https:\/\/www.europesays.com\/fr\/wp-json\/wp\/v2\/media\/238087"}],"wp:attachment":[{"href":"https:\/\/www.europesays.com\/fr\/wp-json\/wp\/v2\/media?parent=238086"}],"wp:term":[{"taxonomy":"category","embeddable":true,"href":"https:\/\/www.europesays.com\/fr\/wp-json\/wp\/v2\/categories?post=238086"},{"taxonomy":"post_tag","embeddable":true,"href":"https:\/\/www.europesays.com\/fr\/wp-json\/wp\/v2\/tags?post=238086"}],"curies":[{"name":"wp","href":"https:\/\/api.w.org\/{rel}","templated":true}]}}