{"id":238088,"date":"2025-07-09T17:14:24","date_gmt":"2025-07-09T17:14:24","guid":{"rendered":"https:\/\/www.europesays.com\/fr\/238088\/"},"modified":"2025-07-09T17:14:24","modified_gmt":"2025-07-09T17:14:24","slug":"que-faire-a-nantes-ce-week-end-du-10-au-14-juillet-2025-big-city-nantes","status":"publish","type":"post","link":"https:\/\/www.europesays.com\/fr\/238088\/","title":{"rendered":"Que faire \u00e0 Nantes ce week-end du 10 au 14 juillet 2025 ? \u2013 Big City Nantes"},"content":{"rendered":"<p>Apr\u00e8s la canicule de la semaine derni\u00e8re, ne compte pas sur une pause fra\u00eecheur : le week-end s\u2019annonce tout aussi br\u00fblant\u2026 c\u00f4t\u00e9 m\u00e9t\u00e9o comme c\u00f4t\u00e9 sorties ! Alors pr\u00e9pare ton \u00e9ventail et ton agenda : entre festival, march\u00e9s, open airs et sorties \u00e0 ne surtout pas rater, t\u2019auras de quoi profiter ! Et comme si \u00e7a ne suffisait pas, c\u2019est le 14 juillet avec feux d\u2019artifice, fanfares et animations estivales !<br \/>Comme d\u2019habitude, on t\u2019a fait une petite s\u00e9lection des \u00e9v\u00e9nements du week-end pour que tu n\u2019oublies rien, regarde \u00e7a \ud83d\ude09<\/p>\n<p>Que Faire \u00e0 Nantes ce week-end : le programme des sorties du jeudi 10 au dimanche 14 juillet 2025<\/p>\n<p>Encore un week-end qui s\u2019annonce tr\u00e8s festif du <strong>10 au 14 juillet 2025<\/strong> \u00e0 <strong>Nantes <\/strong>! On commence fort avec deux gros festivals, avec <strong><a href=\"https:\/\/www.ter.sncf.com\/pays-de-la-loire\/tarifs-cartes\/petits-prix\/billet-live\/francofolies\" target=\"_blank\" rel=\"noopener\">les Francofolies de La Rochelle <\/a><\/strong>et le <strong><a href=\"https:\/\/www.ter.sncf.com\/pays-de-la-loire\/tarifs-cartes\/petits-prix\/billet-live\/dub-camp-festival\" target=\"_blank\" rel=\"noopener\">Dub Camp festival<\/a><\/strong>. En plus, profite du bon plan TER Pays de la Loire avec un <strong>billet live Al\u00e9op<\/strong> \u00e0 seulement <strong>5\u20ac le trajet<\/strong> ! Pour continuer dans les festivit\u00e9s, retrouve le collectif parisien<strong><a href=\"https:\/\/www.facebook.com\/events\/585130361304215\" target=\"_blank\" rel=\"noopener\"> La Mamie\u2019s<\/a> \u00e0 La Chaumi\u00e8re<\/strong>. Envie de d\u00e9couverte ? Direction Carquefou avec le <strong><a href=\"https:\/\/www.carquefou.fr\/parcours-artnature-2025\/\" target=\"_blank\" rel=\"noopener\">Parcours Art &amp; Nature <\/a>au Manoir Les Renaudi\u00e8res<\/strong>. Pour continuer dans les parcours, viens d\u00e9couvrir les<a href=\"https:\/\/pleincentre.net\/evenements\/off-du-van-2025-%f0%9f%8e%a8\/\" target=\"_blank\" rel=\"noopener\"> <strong>Off du VAN<\/strong><\/a><strong> <\/strong>dans les 4 coins de Nantes. Et pour red\u00e9couvrir Nantes, l\u2019appli <strong><a href=\"https:\/\/www.pimpmytrip.com\/\" target=\"_blank\" rel=\"noopener\">Pimp My Trip<\/a><\/strong> va te faire d\u00e9couvrir des petites p\u00e9pites nantaises.<\/p>\n<p>Et \u00e7a, c\u2019est qu\u2019un aper\u00e7u\u2026\u00a0<strong>Regarde la liste ci-dessous<\/strong>\u00a0pour ne rien manquer, et surtout,\u00a0on te souhaite un <strong>bon week-end \u00e0 Nantes<\/strong>\u00a0\u2764\ufe0f<\/p>\n<p><img decoding=\"async\" class=\"lazyload wp-block-cover__image-background wp-image-112113 size-full\" alt=\"\" src=\"https:\/\/www.europesays.com\/fr\/wp-content\/uploads\/2025\/07\/A4_Borchure_Mockup_7-1.png\" style=\"object-position:56% 70%\" data-object-fit=\"cover\" data-object-position=\"56% 70%\"\/>commandez le passeport de l&rsquo;ap\u00e9ro<br \/>95\u20ac de consos offertes !  Tout le week-endVendredi, samedi et dimanche   Festival Aux heures d\u2019\u00e9t\u00e9  Rendez-vous estival incontournable \u00e0 Nantes, <strong>Aux heures d&rsquo;\u00e9t\u00e9<\/strong> c\u00e9l\u00e8bre la diversit\u00e9 culturelle et la d\u00e9couverte des cultures d\u2019ici et d\u2019ailleurs depuis 21 ans gr\u00e2ce \u00e0 une programmation \u00e9clectique <strong>du 8 juillet au 8 ao\u00fbt 2025. <\/strong>Retrouve des concerts, des spectacles pour enfants, des s\u00e9ances cin\u00e9 en plein air, des lectures musicales et d&rsquo;autres rendez-vous in\u00e9dits !<\/p>\n<p> <strong>O\u00f9<\/strong>Multi-sites<br \/><strong>Quand<\/strong>apr\u00e8s-demain<br \/><strong>Tarif<\/strong>Gratuit <\/p>\n<p>  Dub Camp Festival <\/p>\n<p>Du <strong>11 au 13 juillet 2025<\/strong>, ne manque pas ce rendez-vous unique et majeur de la culture Sound System en Europe : le <strong>Dub Camp<\/strong>. Pour la <strong>10\u00e8me \u00e9dition<\/strong>, l&rsquo;association <strong>Get Up <\/strong>te propose une programmation riche, vari\u00e9e et pointue issue de la <strong>culture reggae\/dub<\/strong> et du <strong>mouvement sound system \u00e0 Jou\u00e9-sur-Erdre<\/strong>. <strong>C&rsquo;est \u00e0 moins d&rsquo;une heure de Nantes en train<\/strong> et tu peux profiter du bon plan TER Pays de la Loire avec un billet\u00a0<strong>live Al\u00e9op\u00a0<\/strong>\u00a0\u00e0 seulement 5\u20ac le trajet !<\/p>\n<p> <strong>O\u00f9<\/strong>Jou\u00e9-sur-Erdre<br \/><strong>Quand<\/strong>apr\u00e8s-demain<br \/><strong>Tarif<\/strong>Payant<\/p>\n<p>  Red\u00e9couvre Nantes avec PimpMyTrip !  <strong>L&rsquo;\u00e9t\u00e9 est l\u00e0, il fait beau, il fait chaud&#8230; Mais tu sais toujours pas o\u00f9 aller \u00e0 Nantes pour passer une bonne journ\u00e9e ?<\/strong> Gr\u00e2ce \u00e0 l&rsquo;appli <strong>PimpMyTrip<\/strong>, tu peux suivre les vrais bons tuyaux des gens du coin, loin des classements TripAdvisor et des listes d\u2019attente. C&rsquo;est simple : tu t\u00e9l\u00e9charges l&rsquo;appli, tu consultes les carnets d&rsquo;adresses des Pimpeur(e)s et tu red\u00e9couvres des petites p\u00e9pites \u00e0 Nantes !<\/p>\n<p> <strong>O\u00f9<\/strong>Multi-sites<br \/><strong>Quand<\/strong>apr\u00e8s-demain<br \/><strong>Tarif<\/strong>Gratuit <\/p>\n<p>  Une journ\u00e9e estivale \u00e0 Carquefou au Manoir Les Renaudi\u00e8res  Profite de ce week-end estival pour te rendre \u00e0\u00a0<strong>Carquefou<\/strong> pour une journ\u00e9e avec des activit\u00e9s tr\u00e8s cool. D\u00e9couvre le <strong>Parcours Art &amp; Nature au Manoir Les Renaudi\u00e8res<\/strong>. Un parcours ponctu\u00e9 d&rsquo;une quinzaine de cr\u00e9ations in\u00e9dites ou existantes en dialogue avec le paysage.\u00a0 Il y a \u00e9galement d\u2019autres activit\u00e9s \u00e0 d\u00e9couvrir comme l\u2019expo\u00a0<strong>Word Is Round<\/strong>, une pause gourmande dans la halle gourmande\u00a0<strong>Carquefood<\/strong>\u00a0ou encore un ap\u00e9ro en bord d\u2019Erdre \u00e0\u00a0<strong>La Cabane De Port-Jean<\/strong>.<\/p>\n<p> <strong>O\u00f9<\/strong>Manoir Les Renaudi\u00e8res<br \/><strong>Quand<\/strong>apr\u00e8s-demain<br \/><strong>Tarif<\/strong>Gratuit <\/p>\n<p>  Off du Voyage \u00e0 Nantes <\/p>\n<p data-start=\"0\" data-end=\"414\" data-is-last-node=\"\" data-is-only-node=\"\">Pour sa 7\u1d49 \u00e9dition, les <strong>OFF du Voyage \u00e0 Nantes<\/strong> te proposent une promenade artistique insolite au c\u0153ur du<strong> centre-ville<\/strong>. Commer\u00e7ant\u00b7es et l\u2019association Plein Centre t&rsquo;invitent \u00e0 d\u00e9couvrir un parcours surprenant sur le th\u00e8me de l&rsquo;\u00e9tranget\u00e9 dans des lieux incontournables comme le Quartier Bouffay, Passage Pommeraye, Quai de la Fosse,&#8230; Restes connect\u00e9s, <strong>Big City<\/strong> t&rsquo;en dit plus tr\u00e8s prochainement \ud83d\ude09<\/p>\n<p> <strong>O\u00f9<\/strong>Multi-sites<br \/><strong>Quand<\/strong>apr\u00e8s-demain<br \/><strong>Tarif<\/strong>Gratuit <\/p>\n<p>  Jeudi   Gros concert en plein air de GIMS  GIMS va d\u00e9barquer<strong>\u00a0\u00e0 1h de Nantes<\/strong>\u00a0pour un\u00a0<strong>\u00e9norme concert en plein air<\/strong>\u00a0cet \u00e9t\u00e9 ! La nouvelle tourn\u00e9e de GIMS \u00ab Le Dernier Tour \u00bb a d\u00e9marr\u00e9 en novembre 2024 en France. Face \u00e0 un gros succ\u00e8s et des concerts archi complets, de nouvelles dates sont ajout\u00e9es \u00e0 la tourn\u00e9e. Et pour notre plus grand plaisir, GIMS va d\u00e9barquer\u00a0<strong>dans la toute nouvelle Arena Les Sables d\u2019Olonne le jeudi 10 juillet 2025 !<\/strong><\/p>\n<p> <strong>O\u00f9<\/strong>Arena Les Sables d\u2019Olonne<br \/><strong>Quand<\/strong>demain<br \/><strong>Horaires<\/strong>De 19h00 \u00e0 23h59<br \/><strong>Tarif<\/strong>Payant<\/p>\n<p>  Jeudi, Vendredi, Samedi et  Dimanche   REBONDS : Festival des arts de la rue #4  Rebonds, c\u2019est un parcours qui se d\u00e9ploie dans la ville, une mani\u00e8re de red\u00e9couvrir son quartier, de s\u2019\u00e9vader ou de cogiter gr\u00e2ce \u00e0 des propositions artistiques pens\u00e9es pour l\u2019espace public. C&rsquo;est un festival d\u00e9di\u00e9 aux arts de la rue, avec la volont\u00e9 de montrer cette pratique dans ses diverses formes et propos. Pour cette quatri\u00e8me \u00e9dition, rendez-vous<strong> du 10 au 13 juillet au quartier Dalby<\/strong>, guid\u00e9 par les compagnies La D\u00e9bordante, Qualit\u00e9 Street, La Colombe Enrag\u00e9e, La M\u00e9andre, Akalmie Celsius, le Collectif Grand Dehors, les musiciens Ghassen Chiba et TedaAk.<\/p>\n<p> <strong>O\u00f9<\/strong>Quartier Dalby<br \/><strong>Quand<\/strong>demain<br \/><strong>Tarif<\/strong>Gratuit <\/p>\n<p>  Vendredi   The Soulphoenixs d\u00e9barque \u00e0 Nantes <\/p>\n<p>Le groupe The Soulphoenixs d\u00e9barque au <strong>Little Atlantique Brewery<\/strong> le <strong>11 juillet 2025<\/strong> pour un live qui s&rsquo;annonce tr\u00e8s cool ! Une fusion entre la funk, la pop et l&rsquo;\u00e9lectro qui promet d&rsquo;\u00eatre \u00e9lectrisante !<\/p>\n<p> <strong>O\u00f9<\/strong>Little Atlantique Brewery<br \/><strong>Quand<\/strong>apr\u00e8s-demain<br \/><strong>Tarif<\/strong>Gratuit <\/p>\n<p>  LE PLEIN AIR  : Hamraaz et Bijane \u00e0 La Chaumi\u00e8re  Une saison de concerts de musiques traditionnelles des Pays de France et d&rsquo;ailleurs en plein coeur de Nantes ! Boum Bomo investit La Chaumi\u00e8re et Bras De Fer tout l&rsquo;\u00e9t\u00e9 pour <strong>quatre soir\u00e9es live &amp; DJs sets autour des musiques et des chants traditionnels<\/strong>. Rendez-vous le vendredi 11 juillet \u00e0 La Chaumi\u00e8re pour d\u00e9couvrir Hamraaz en live et un DJ Set de Bijane. Entr\u00e9e \u00e0 prix libre et musique d\u00e8s 19h !<\/p>\n<p> <strong>O\u00f9<\/strong>La Chaumi\u00e8re<br \/><strong>Quand<\/strong>apr\u00e8s-demain<br \/><strong>Horaires<\/strong>De 19h00 \u00e0 01h00<br \/><strong>Tarif<\/strong>Prix libre<\/p>\n<p>  Samedi   Open Air : Transitions Sonores #2  Cet \u00e9t\u00e9, APALA &amp; BEWONDER s\u2019associent pour une s\u00e9rie d\u2019\u00e9v\u00e9nements uniques ! Rendez-vous le <strong>samedi 12 juillet<\/strong> \u00e0 la <strong>Terrasse des vents<\/strong> pour une exp\u00e9rience musicale exigeante et immersive, pens\u00e9e comme un v\u00e9ritable voyage sonore. Au programme, expo, espace chill pour profiter du coucher de soleil sur la Loire et DJ sets&#8230;<\/p>\n<p> <strong>O\u00f9<\/strong>Terrasse des Vents<br \/><strong>Quand<\/strong>12 juillet 2025<br \/><strong>Tarif<\/strong>Gratuit <\/p>\n<p>  F\u00eate de l\u2019\u00e9t\u00e9 au Labo Diva  L\u2019\u00e9t\u00e9 d\u00e9barque et pour l\u2019occasion, Le <strong>Labo Diva<\/strong> t\u2019a pr\u00e9par\u00e9 une journ\u00e9e pleine de soleil, de rires et de bonnes choses \u00e0 partager ! <strong>Samedi 12 juillet<\/strong>, retrouve la f\u00eate de l\u2019\u00e9t\u00e9. Au programme, brunch v\u00e9gan, contes pour enfants, go\u00fbter et ap\u00e9ro !<\/p>\n<p> <strong>O\u00f9<\/strong>Labo Diva<br \/><strong>Quand<\/strong>12 juillet 2025<br \/><strong>Tarif<\/strong>Gratuit <\/p>\n<p>  La fanfare West Costars d\u00e9barque \u00e0 Nantes  La fanfare West Costars d\u00e9barque au <strong>Magmaa Food Hall<\/strong> le <strong>12 juillet 2025<\/strong> pour une explosion musicale et festive qui va \u00e9lectriser Nantes ! Au programme, le collectif nantais West Coast avec cuivres puissants, percussions endiabl\u00e9es et un esprit hip-hop, et une offre food &amp; drinks avec street food, cocktails maison et bi\u00e8res artisanales.<\/p>\n<p> <strong>O\u00f9<\/strong>Magmaa Food Hall<br \/><strong>Quand<\/strong>12 juillet 2025<br \/><strong>Tarif<\/strong>Gratuit <\/p>\n<p>  Le Chant des Rives : \u00c9v\u00e8nement solidaire sur l\u2019\u00eele de Nantes  L\u2019association TK en partenariat avec l\u2019association E-Houka organise Le Chant des rives ce samedi 12 juillet 2025 !<br \/>\nUn \u00e9v\u00e8nement festif, po\u00e9tique et familiale d\u00e9di\u00e9 \u00e0 la protection de notre fleuve. Cet \u00e9v\u00e9nement invite petits et grands \u00e0 se rassembler pour nettoyer les berges de la Loire dans un esprit de solidarit\u00e9 et de convivialit\u00e9.<br \/>\nApr\u00e8s l\u2019effort collectif, un repas partag\u00e9 et un verre seront offerts aux b\u00e9n\u00e9voles pour prolonger la chaleur humaine de la journ\u00e9e. Enfin, un concert participatif, ouvert \u00e0 tous les musiciens et musiciennes volontaires, viendra cl\u00f4turer l\u2019\u00e9v\u00e9nement en beaut\u00e9, dans un esprit festif et inclusif.<\/p>\n<p> <strong>O\u00f9<\/strong>Les Machines de l\u2019\u00cele<br \/><strong>Quand<\/strong>12 juillet 2025<br \/><strong>Horaires<\/strong>De 09h00 \u00e0 22h00<br \/><strong>Tarif<\/strong>Gratuit <\/p>\n<p>  Open air devant Trempo : Kamak\u00e2n + Ko Shin Moon + Bijane  Depuis 2005, le festival Aux heures d\u2019\u00e9t\u00e9 permet aux sons et cultures du monde de rayonner dans les parcs et les places de la ville. Trempo et le festival collaborent \u00e0 nouveau et investissent le parvis de Trempo et le Jardin C <strong>le samedi 12 juillet de 17h \u00e0 23h<\/strong>, pour proposer des concerts et DJ set avec Kamak\u00e2n, Ko Shin Moon et Bijane.<\/p>\n<p> <strong>O\u00f9<\/strong>Trempo<br \/><strong>Quand<\/strong>12 juillet 2025<br \/><strong>Horaires<\/strong>De 17h00 \u00e0 23h00<br \/><strong>Tarif<\/strong>Gratuit <\/p>\n<p>  Samedi et  Dimanche   Bouch\u00e9es Doubles : Le festival street food  Le festival street food <strong>Bouch\u00e9es Doubles<\/strong> est de retour \u00e0 la guinguette <strong>La Belle Saison les 12, 13 et 14 juillet<\/strong> ! Au programme, stands food locaux avec : Bo\u00ebma, Honma, Tandoori Event, Badeya, Bao Dao, Comptoir Libanais, PRIM, Bahia, La Galette Bretonne, Mando, Iod\u00e9, Mar\u00f6kkan Coffee, des ateliers cuisine, des jeux, concerts et animations pour profiter tout au long du week-end \ud83d\ude09<\/p>\n<p> <strong>O\u00f9<\/strong>Guinguette La Belle Saison<br \/><strong>Quand<\/strong>12 juillet 2025<br \/><strong>Tarif<\/strong>Gratuit <\/p>\n<p>  Lundi<br \/>F\u00e9ri\u00e9   Feu d\u2019artifice du 14 juillet  Le feu d\u2019artifice du\u00a0<strong>14 juillet \u00a0<\/strong>\u00e0 Nantes promet un spectacle grandiose, tir\u00e9 \u00e0 23\u202fh depuis le <strong>pont de Tbilissi<\/strong> sur le canal Saint-F\u00e9lix\u00a0!\u00a0Cette \u00e9dition mettra \u00e0 l\u2019honneur la \u00ab\u202fFrench Touch\u202f\u00bb, avec un show pyrotechnique de 20 minutes rythm\u00e9 par une bande-son fran\u00e7aise m\u00ealant musique \u00e9lectro, pop et classiques revisit\u00e9s. Pour profiter pleinement du spectacle, les meilleurs points de vue se trouvent sur les quais Malakoff et le quai Ferdinand-Favre, ou pr\u00e8s du canal.<\/p>\n<p> <strong>O\u00f9<\/strong>quai Tbilissi<br \/><strong>Quand<\/strong>14 juillet 2025<br \/><strong>Tarif<\/strong>Gratuit <\/p>\n<p>  Les Francofolies de La Rochelle <\/p>\n<p>Le festival <strong>Les Francofolies<\/strong> de La Rochelle fait son grand retour <strong>du 10 au 14 juillet 2025 !<\/strong> Pour sa 41\u00e8me \u00e9dition, le festival a r\u00e9uni une programmation populaire et audacieuse avec des t\u00eates d&rsquo;affiche incontournables et des jeunes espoirs ! Au programme, cinq jours et cinq nuits de musique, au bord de la mer, avec l\u2019ouverture qui s\u2019annonce m\u00e9morable par Eddy Mitchell. Et bien d\u2019autres avec Clara Luciani, IAM, SDM, Santa, Hamza, Air, Hoshi,\u2026 Et La Rochelle est \u00e0 moins de deux heures de Nantes en train et tu peux profiter du bon plan TER Pays de la Loire avec <strong>un billet live Al\u00e9op \u00e0 seulement 5\u20ac le trajet !<\/strong><\/p>\n<p> <strong>O\u00f9<\/strong>Les Francofolies de la Rochelle<br \/><strong>Quand<\/strong>demain<br \/><strong>Tarif<\/strong>Payant<\/p>\n<p>  Gloria Supernova w\/ Grace Open Air  Gloria Supernova et Grace Open Air te donnent rendez-vous au <strong>Macadam<\/strong> du <strong>samedi 12 au lundi 14 juillet<\/strong> pour 2 JOURS de f\u00eate costum\u00e9e\u00a0! Au programme, Combo Bongos, Marcellus Pittman, Alan.D, 6Killz, Aaron J, Marco Shuttle, Moksha, Bambi, Kilopatrah Jones, Youl, Aasana, Onshore, Taytay, Maho, L.I, GDSS, Katze, Versatyl, Britney Speed, Red Ahead, Sunra\u00ef et Border.<\/p>\n<p> <strong>O\u00f9<\/strong>Le Macadam<br \/><strong>Quand<\/strong>12 juillet 2025<br \/><strong>Tarif<\/strong>Payant<\/p>\n<p>  Paco Tyson Open Air \u00e0 La Chaumi\u00e8re  Apr\u00e8s avoir retourn\u00e9 la ville de Nantes pendant 15 jours avec le Festival Euphoria&#8230; l&rsquo;\u00e9quipe Paco Tyson au grand complet a d\u00e9cid\u00e9 de poser ses bagages \u00e0 La Chaumi\u00e8re le lundi 14 juillet pour un Open Air en jour f\u00e9ri\u00e9 qui promet d&rsquo;\u00eatre tr\u00e8s tr\u00e8s chaud&#8230;<br \/>\nOn est clairement sur la meilleure f\u00eate nationale dans les rues de Nantes \ud83d\ude09<\/p>\n<p> <strong>O\u00f9<\/strong>La Chaumi\u00e8re<br \/><strong>Quand<\/strong>14 juillet 2025<br \/><strong>Horaires<\/strong>De 14h00 \u00e0 22h00<br \/><strong>Tarif<\/strong>Prix libre<\/p>\n<p>  Le bal des Vari\u00e9tistes \u00e0 c\u00f4t\u00e9 de Nantes <\/p>\n<p>Le Bal des Vari\u00e9tistes, c&rsquo;est le <strong>lundi 14 juillet<\/strong> \u00e0 <strong>Saint-Hilaire-de-Chal\u00e9ons<\/strong>. Une boum pour danser toute la nuit. Rock, funk, vari\u00e9t\u00e9, il y en a pour tous les go\u00fbts. Trois heures de second degr\u00e9 et de tubes encha\u00een\u00e9s&#8230; le tout d\u00e9guis\u00e9s !<\/p>\n<p> <strong>O\u00f9<\/strong>Saint-Hilaire-de-Chal\u00e9ons<br \/><strong>Quand<\/strong>14 juillet 2025<br \/><strong>Tarif<\/strong>Gratuit <\/p>\n<p>  Dimanche   La Mamie\u2019s \u00e0 La Chaumi\u00e8re <\/p>\n<p>Le collectif parisien <strong>La Mamie&rsquo;s<\/strong> d\u00e9barque \u00e0 <strong>La Chaumi\u00e8re<\/strong> <strong> le dimanche 13 juillet 2025 <\/strong>pour une date unique \u00e0 Nantes cet \u00e9t\u00e9. Un Open Air en veille de jour f\u00e9ri\u00e9 qui s&rsquo;annonce tr\u00e8s cool !<\/p>\n<p> <strong>O\u00f9<\/strong>La Chaumi\u00e8re<br \/><strong>Quand<\/strong>13 juillet 2025<br \/><strong>Tarif<\/strong>Prix libre<\/p>\n<p>  M\u00e9dusa f\u00eate ses 2 ans !  <strong>Le M\u00e9dusa<\/strong> f\u00eate ses 2 ans, et pour l\u2019occasion ils t\u2019ont concoct\u00e9 le plus grand show burlesque de Nantes ! Au programme, show burlesque, paillettes, glamour, rires, cocktails signature,\u2026 Rendez-vous le <strong>13 juillet<\/strong> pour une soir\u00e9e qui s&rsquo;annonce tr\u00e8s cool !<\/p>\n<p> <strong>O\u00f9<\/strong>M\u00e9dusa<br \/><strong>Quand<\/strong>13 juillet 2025<br \/><strong>Tarif<\/strong>Gratuit <\/p>\n<p>  Le Super March\u00e9 : \u00c9dition estivale \u00e0 La Cantine du VAN <\/p>\n<p>Le Super March\u00e9, l&rsquo;\u00e9v\u00e8nement d\u00e9di\u00e9 au shopping local et raisonn\u00e9 est de retour \u00e0 La Cantine du Voyage \u00e0 Nantes le dimanche 13 juillet 2025. \u00a0Ce projet nantais o\u00f9 la convivialit\u00e9 et la qualit\u00e9 sont essentielles continue de se r\u00e9inventer \u00e0 chaque \u00e9dition pour vous faire d\u00e9couvrir de nouveaux acteurs locaux.<br class=\"html-br\"\/>Au programme : De nombreux artisan\u00b7es, commer\u00e7ant\u00b7es et cr\u00e9ateur\u00b7ices vous pr\u00e9senteront leur travail sur ce nouveau rendez-vous ! Vous y retrouverez une vingtaine d\u2019exposant\u00b7es un atelier et des DJ sets toute la journ\u00e9e&#8230;<\/p>\n<p> <strong>O\u00f9<\/strong>La Cantine du Voyage \u00e0 Nantes<br \/><strong>Quand<\/strong>13 juillet 2025<br \/><strong>Horaires<\/strong>De 11h00 \u00e0 20h00<br \/><strong>Tarif<\/strong>Gratuit <\/p>\n<p>\u00c0 faire chaque week-end<img decoding=\"async\" class=\"lazyload wp-block-cover__image-background wp-image-112113 size-full\" alt=\"\" src=\"https:\/\/www.europesays.com\/fr\/wp-content\/uploads\/2025\/07\/A4_Borchure_Mockup_7-1.png\" style=\"object-position:56% 70%\" data-object-fit=\"cover\" data-object-position=\"56% 70%\"\/>commandez le passeport de l&rsquo;ap\u00e9ro<br \/>95\u20ac de consos offertes !<\/p>\n","protected":false},"excerpt":{"rendered":"Apr\u00e8s la canicule de la semaine derni\u00e8re, ne compte pas sur une pause fra\u00eecheur : le week-end s\u2019annonce&hellip;\n","protected":false},"author":2,"featured_media":238089,"comment_status":"","ping_status":"","sticky":false,"template":"","format":"standard","meta":{"footnotes":""},"categories":[2818],"tags":[1111,11,4156,4157,1777,674,1011,27,766,12,2636,25,953,1669,3140,4064],"class_list":{"0":"post-238088","1":"post","2":"type-post","3":"status-publish","4":"format-standard","5":"has-post-thumbnail","7":"category-nantes","8":"tag-actu","9":"tag-actualites","10":"tag-concerts","11":"tag-dj-sets","12":"tag-eu","13":"tag-europe","14":"tag-fr","15":"tag-france","16":"tag-nantes","17":"tag-news","18":"tag-pays-de-la-loire","19":"tag-republique-francaise","20":"tag-soiree","21":"tag-sorties","22":"tag-spectacle","23":"tag-week-end"},"share_on_mastodon":{"url":"https:\/\/pubeurope.com\/@fr\/114824404564046725","error":""},"_links":{"self":[{"href":"https:\/\/www.europesays.com\/fr\/wp-json\/wp\/v2\/posts\/238088","targetHints":{"allow":["GET"]}}],"collection":[{"href":"https:\/\/www.europesays.com\/fr\/wp-json\/wp\/v2\/posts"}],"about":[{"href":"https:\/\/www.europesays.com\/fr\/wp-json\/wp\/v2\/types\/post"}],"author":[{"embeddable":true,"href":"https:\/\/www.europesays.com\/fr\/wp-json\/wp\/v2\/users\/2"}],"replies":[{"embeddable":true,"href":"https:\/\/www.europesays.com\/fr\/wp-json\/wp\/v2\/comments?post=238088"}],"version-history":[{"count":0,"href":"https:\/\/www.europesays.com\/fr\/wp-json\/wp\/v2\/posts\/238088\/revisions"}],"wp:featuredmedia":[{"embeddable":true,"href":"https:\/\/www.europesays.com\/fr\/wp-json\/wp\/v2\/media\/238089"}],"wp:attachment":[{"href":"https:\/\/www.europesays.com\/fr\/wp-json\/wp\/v2\/media?parent=238088"}],"wp:term":[{"taxonomy":"category","embeddable":true,"href":"https:\/\/www.europesays.com\/fr\/wp-json\/wp\/v2\/categories?post=238088"},{"taxonomy":"post_tag","embeddable":true,"href":"https:\/\/www.europesays.com\/fr\/wp-json\/wp\/v2\/tags?post=238088"}],"curies":[{"name":"wp","href":"https:\/\/api.w.org\/{rel}","templated":true}]}}