{"id":238090,"date":"2025-07-09T17:15:09","date_gmt":"2025-07-09T17:15:09","guid":{"rendered":"https:\/\/www.europesays.com\/fr\/238090\/"},"modified":"2025-07-09T17:15:09","modified_gmt":"2025-07-09T17:15:09","slug":"voici-les-deux-pistes-retenues","status":"publish","type":"post","link":"https:\/\/www.europesays.com\/fr\/238090\/","title":{"rendered":"voici les deux pistes retenues"},"content":{"rendered":"<p>            Par<br \/>\n        <strong><br \/>\n            <a href=\"https:\/\/actu.fr\/auteur\/sports33\" title=\"Consulter tous les articles de Nicolas Gosselin\" rel=\"nofollow noopener\" target=\"_blank\">Nicolas Gosselin<\/a><br \/>\n        <\/strong><\/p>\n<p>        Publi\u00e9 le<\/p>\n<p>            9 juil. 2025 \u00e0 18h42        <\/p>\n<p>Depuis le 5 juillet 2025, <a href=\"https:\/\/actu.fr\/ile-de-france\/paris_75056\/paris-ouverture-de-la-seine-a-la-baignade-tout-ce-qu-il-faut-savoir-avant-de-piquer-une-tete-dans-le-fleuve_62868473.html\" rel=\"nofollow noopener\" target=\"_blank\">la baignade est autoris\u00e9e dans la Seine \u00e0 Paris<\/a> et <a href=\"https:\/\/actu.fr\/tag\/pierre-hurmic\" rel=\"nofollow noopener\" target=\"_blank\">Pierre Hurmic<\/a> aimerait bien faire de m\u00eame \u00e0 Bordeaux avec la <a href=\"https:\/\/actu.fr\/tag\/garonne\" rel=\"nofollow noopener\" target=\"_blank\">Garonne<\/a>. \u00ab\u00a0Nous aimerions offrir cette possibilit\u00e9 aux Bordelais et <strong>nous n\u2019avons pas attendu que la mairie de Paris<\/strong> se lance pour y r\u00e9fl\u00e9chir\u00a0\u00bb, \u00e9voque <a href=\"https:\/\/actu.fr\/tag\/europe-ecologie-les-verts-eelv\" rel=\"nofollow noopener\" target=\"_blank\">le premier \u00e9dile\u00a0\u00e9cologiste<\/a> aupr\u00e8s d\u2019<a href=\"https:\/\/actu.fr\/bordeaux\/\" rel=\"nofollow noopener\" target=\"_blank\">actu Bordeaux<\/a>. La mairie a d\u00e9j\u00e0 lanc\u00e9 les premi\u00e8res \u00e9tudes pour connaitre <strong>les contraintes et les co\u00fbts<\/strong> d\u2019un tel projet et au final, <strong>deux pistes ont \u00e9t\u00e9 retenues<\/strong>.<\/p>\n<p class=\" wall-content\">La premi\u00e8re est la cr\u00e9ation d\u2019un \u00e9quipement implant\u00e9 dans le lit m\u00eame du fleuve, en \u00ab\u00a0eau vive\u00a0\u00bb, mais cela suppose la cr\u00e9ation de rideaux de protection pour att\u00e9nuer le courant et d\u00e9vier les principaux emb\u00e2cles (accumulation de d\u00e9bris v\u00e9g\u00e9taux), la pose de pontons, passerelles et d\u2019un filet de s\u00e9curit\u00e9, mais aussi un entretien de dragage.<\/p>\n<p class=\" wall-content\">Cette option serait la plus contraignante car la Garonne a un<strong> d\u00e9bit extr\u00eamement fort<\/strong> \u2013 quatre fois plus \u00e9lev\u00e9 en moyenne que la Seine \u00e0 Paris et environ deux fois plus que la Sa\u00f4ne \u00e0 Lyon \u2013 et aussi<strong> des contraintes de marnage sans commune mesure<\/strong>.<\/p>\n<p>Une premi\u00e8re option \u00e9valu\u00e9e \u00e0 10 millions d\u2019euros<\/p>\n<p class=\" wall-content\">Autrement dit, la diff\u00e9rence du niveau entre la mar\u00e9e haute et la mar\u00e9e basse est aux alentours de 5,50 m\u00e8tres. \u00ab\u00a0Le fleuve est donc soumis \u00e0 des <strong>mar\u00e9es de forte amplitude<\/strong>, on dit qu\u2019il est macrotidal\u00a0\u00bb, explique Marc Lafosse, oc\u00e9anographe et sp\u00e9cialiste du fleuve, dans un article sur <a href=\"https:\/\/actu.fr\/nouvelle-aquitaine\/bordeaux_33063\/la-question-pas-si-bete-peut-on-se-baigner-dans-la-garonne-a-bordeaux_52413053.html\" rel=\"nofollow noopener\" target=\"_blank\">les dangers de la baignade dans la Garonne<\/a>.<\/p>\n<p class=\" wall-content\">R\u00e9sultat, cette premi\u00e8re option serait aussi la plus co\u00fbteuse puisque la mairie de Bordeaux l\u2019estime \u00e0 <strong>10 millions d\u2019euros environ<\/strong> quand la zone de baignade au quai de Bercy, dans la capitale, \u00e9tait plut\u00f4t autour de 7 millions \u00e0 titre comparatif.<\/p>\n<p class=\" wall-content\">La deuxi\u00e8me option serait pr\u00e8s de <strong>cinq fois moins on\u00e9reuse<\/strong>. Elle consisterait \u00e0 cr\u00e9er une <strong>zone de baignade aux bassins \u00e0 flot<\/strong>, en milieu semi-ferm\u00e9. \u00ab\u00a0La qualit\u00e9 des eaux doit donc \u00eatre soumis \u00e0 un contr\u00f4le strict. Elle a \u00e9t\u00e9 analys\u00e9e en 2019 et \u00e9tait dans les normes mais cela devrait \u00eatre bien sur confirm\u00e9 par des analyses r\u00e9centes\u00a0\u00bb, pr\u00e9cise la mairie.<\/p>\n<p class=\" wall-content\">Cette option se rapprocherait de ce qui existe \u00e0 Lyon Confluence, o\u00f9 le projet avait co\u00fbt\u00e9 environ 2 millions d\u2019euros en investissement, comme les bassins de baignade dans la Seine \u00e0 Paris Grenelle ou Pont-Marie.<\/p>\n<p>L\u2019eau de la Garonne n\u2019est pas tr\u00e8s pollu\u00e9e<\/p>\n<p class=\" wall-content\">\u00ab\u00a0Dans les deux cas de figure, cela n\u00e9cessite l\u2019autorisation du Grand Port Maritime de Bordeaux, gestionnaire du domaine public fluvio-maritime et de ses d\u00e9pendances, et des autorisations environnementales sp\u00e9cifiques. Ce qui n\u00e9cessiterait un certain d\u00e9lai, forc\u00e9ment\u00a0\u00bb, compl\u00e8te la mairie de Bordeaux.<\/p>\n<p class=\" wall-content\">En revanche, contrairement \u00e0 la Seine, la Garonne dispose d\u2019<strong>une bonne qualit\u00e9 de l\u2019eau<\/strong>. Certes, ces courants sont puissants et redout\u00e9s mais par ailleurs, <strong>\u00ab\u00a0les mar\u00e9es diluent les <\/strong><strong>agents toxiques et les polluants\u00a0\u00bb<\/strong>, pr\u00e9cise Marc Lafosse. Le fleuve est <strong>l\u2019un des moins industrialis\u00e9s d\u2019Europe<\/strong> et l\u2019un des plus propres.<\/p>\n<p class=\" wall-content\">Il ne faut pas se fier aux apparences. \u00ab\u00a0La <a href=\"https:\/\/actu.fr\/nouvelle-aquitaine\/bordeaux_33063\/la-question-pas-si-bete-pourquoi-la-garonne-est-elle-marron-a-bordeaux_45069286.html\" rel=\"nofollow noopener\" target=\"_blank\">couleur de l\u2019eau est due \u00e0 l\u2019argile remu\u00e9<\/a> par les courants, pas \u00e0 la <a href=\"https:\/\/actu.fr\/pollution\" rel=\"nofollow noopener\" target=\"_blank\">pollution<\/a>, ajoute l\u2019oc\u00e9anographe. Puis, la temp\u00e9rature de l\u2019eau est plus agr\u00e9able, autour des 25 degr\u00e9s l\u2019\u00e9t\u00e9.\u00a0\u00bb<\/p>\n<p class=\" wall-content\">Suivez toute l\u2019actualit\u00e9 de vos villes et m\u00e9dias favoris en vous inscrivant \u00e0 <a href=\"https:\/\/moncompte.actu.fr\" title=\"D\u00e9couvez Mon Actu\" rel=\"nofollow noopener\" data-trk=\"{&quot;cta&quot;:{&quot;action&quot;:&quot;https:\\\/\\\/moncompte.actu.fr&quot;,&quot;category&quot;:&quot;mon compte&quot;,&quot;from&quot;:&quot;article footer&quot;,&quot;name&quot;:&quot;Mon actu&quot;,&quot;type&quot;:&quot;cta&quot;}}\" target=\"_blank\">Mon Actu<\/a>.<\/p>\n","protected":false},"excerpt":{"rendered":"Par Nicolas Gosselin Publi\u00e9 le 9 juil. 2025 \u00e0 18h42 Depuis le 5 juillet 2025, la baignade est&hellip;\n","protected":false},"author":2,"featured_media":238091,"comment_status":"","ping_status":"","sticky":false,"template":"","format":"standard","meta":{"footnotes":""},"categories":[2817],"tags":[1111,11,1997,1777,674,1011,27,5601,12,2219,4860,52,1800,25,15097],"class_list":{"0":"post-238090","1":"post","2":"type-post","3":"status-publish","4":"format-standard","5":"has-post-thumbnail","7":"category-bordeaux","8":"tag-actu","9":"tag-actualites","10":"tag-bordeaux","11":"tag-eu","12":"tag-europe","13":"tag-fr","14":"tag-france","15":"tag-garonne","16":"tag-news","17":"tag-nouvelle-aquitaine","18":"tag-pierre-hurmic","19":"tag-planete","20":"tag-pollution","21":"tag-republique-francaise","22":"tag-solutions"},"share_on_mastodon":{"url":"https:\/\/pubeurope.com\/@fr\/114824408182307988","error":""},"_links":{"self":[{"href":"https:\/\/www.europesays.com\/fr\/wp-json\/wp\/v2\/posts\/238090","targetHints":{"allow":["GET"]}}],"collection":[{"href":"https:\/\/www.europesays.com\/fr\/wp-json\/wp\/v2\/posts"}],"about":[{"href":"https:\/\/www.europesays.com\/fr\/wp-json\/wp\/v2\/types\/post"}],"author":[{"embeddable":true,"href":"https:\/\/www.europesays.com\/fr\/wp-json\/wp\/v2\/users\/2"}],"replies":[{"embeddable":true,"href":"https:\/\/www.europesays.com\/fr\/wp-json\/wp\/v2\/comments?post=238090"}],"version-history":[{"count":0,"href":"https:\/\/www.europesays.com\/fr\/wp-json\/wp\/v2\/posts\/238090\/revisions"}],"wp:featuredmedia":[{"embeddable":true,"href":"https:\/\/www.europesays.com\/fr\/wp-json\/wp\/v2\/media\/238091"}],"wp:attachment":[{"href":"https:\/\/www.europesays.com\/fr\/wp-json\/wp\/v2\/media?parent=238090"}],"wp:term":[{"taxonomy":"category","embeddable":true,"href":"https:\/\/www.europesays.com\/fr\/wp-json\/wp\/v2\/categories?post=238090"},{"taxonomy":"post_tag","embeddable":true,"href":"https:\/\/www.europesays.com\/fr\/wp-json\/wp\/v2\/tags?post=238090"}],"curies":[{"name":"wp","href":"https:\/\/api.w.org\/{rel}","templated":true}]}}