{"id":238106,"date":"2025-07-09T17:23:10","date_gmt":"2025-07-09T17:23:10","guid":{"rendered":"https:\/\/www.europesays.com\/fr\/238106\/"},"modified":"2025-07-09T17:23:10","modified_gmt":"2025-07-09T17:23:10","slug":"les-travaux-du-bhns-saccelerent-les-ouvriers-doutent-que-cela-suffise","status":"publish","type":"post","link":"https:\/\/www.europesays.com\/fr\/238106\/","title":{"rendered":"les travaux du BHNS s\u2019acc\u00e9l\u00e8rent, les ouvriers doutent que cela suffise"},"content":{"rendered":"<p>Ce lundi 7\u00a0juillet,  Le Progr\u00e8s  d\u00e9cide d\u2019aller prendre le pouls du chantier li\u00e9 au Bus \u00e0 haut niveau de service (BHNS), en cours sur l\u2019avenue F\u00e9lix-Faure et sur la route de Genas pour la partie lyonnaise.<\/p>\n<p>Le Sytral a en effet annonc\u00e9, aux riverains qui jalonnent le parcours, que le chantier de ce bus \u00e9lectrique qui reliera Part-Dieu aux 7-Chemins (Vaulx-en-Velin) allait \u00ab\u00a0s\u2019acc\u00e9l\u00e9rer durant l\u2019\u00e9t\u00e9 pour une livraison au 1er trimestre 2026\u00a0\u00bb, via \u00ab\u00a0des horaires \u00e9largis quand ce sera n\u00e9cessaire et plus de compagnons sur les chantiers\u00a0\u00bb.<\/p>\n<p>\u00ab\u00a0Des n\u0153uds de r\u00e9seaux, difficiles \u00e0 contourner\u00a0\u00bb<\/p>\n<p>Route de Genas, certains ouvriers sont dubitatifs quant \u00e0 cette annonce. \u00ab\u00a0Tout \u00e0 fait entre nous, je ne crois pas que nous aurons fini d\u00e9but 2026, nous avan\u00e7ons comme&#8230;<\/p>\n","protected":false},"excerpt":{"rendered":"Ce lundi 7\u00a0juillet, Le Progr\u00e8s d\u00e9cide d\u2019aller prendre le pouls du chantier li\u00e9 au Bus \u00e0 haut niveau&hellip;\n","protected":false},"author":2,"featured_media":238107,"comment_status":"","ping_status":"","sticky":false,"template":"","format":"standard","meta":{"footnotes":""},"categories":[1889],"tags":[1111,11,2430,3542,2757,1777,674,1011,27,2428,2756,12,25,2429,2803],"class_list":{"0":"post-238106","1":"post","2":"type-post","3":"status-publish","4":"format-standard","5":"has-post-thumbnail","7":"category-lyon","8":"tag-actu","9":"tag-actualites","10":"tag-auvergne-rhone-alpes","11":"tag-circulation","12":"tag-edition-lyon-villeurbanne","13":"tag-eu","14":"tag-europe","15":"tag-fr","16":"tag-france","17":"tag-lyon","18":"tag-lyon-bassin","19":"tag-news","20":"tag-republique-francaise","21":"tag-rhone","22":"tag-transport"},"share_on_mastodon":{"url":"https:\/\/pubeurope.com\/@fr\/114824439986706306","error":""},"_links":{"self":[{"href":"https:\/\/www.europesays.com\/fr\/wp-json\/wp\/v2\/posts\/238106","targetHints":{"allow":["GET"]}}],"collection":[{"href":"https:\/\/www.europesays.com\/fr\/wp-json\/wp\/v2\/posts"}],"about":[{"href":"https:\/\/www.europesays.com\/fr\/wp-json\/wp\/v2\/types\/post"}],"author":[{"embeddable":true,"href":"https:\/\/www.europesays.com\/fr\/wp-json\/wp\/v2\/users\/2"}],"replies":[{"embeddable":true,"href":"https:\/\/www.europesays.com\/fr\/wp-json\/wp\/v2\/comments?post=238106"}],"version-history":[{"count":0,"href":"https:\/\/www.europesays.com\/fr\/wp-json\/wp\/v2\/posts\/238106\/revisions"}],"wp:featuredmedia":[{"embeddable":true,"href":"https:\/\/www.europesays.com\/fr\/wp-json\/wp\/v2\/media\/238107"}],"wp:attachment":[{"href":"https:\/\/www.europesays.com\/fr\/wp-json\/wp\/v2\/media?parent=238106"}],"wp:term":[{"taxonomy":"category","embeddable":true,"href":"https:\/\/www.europesays.com\/fr\/wp-json\/wp\/v2\/categories?post=238106"},{"taxonomy":"post_tag","embeddable":true,"href":"https:\/\/www.europesays.com\/fr\/wp-json\/wp\/v2\/tags?post=238106"}],"curies":[{"name":"wp","href":"https:\/\/api.w.org\/{rel}","templated":true}]}}